{"id":44203,"date":"2022-07-21T00:00:00","date_gmt":"2022-07-20T23:00:00","guid":{"rendered":"https:\/\/imagazine.it\/?p=44203"},"modified":"2022-07-21T00:00:00","modified_gmt":"2022-07-20T23:00:00","slug":"gorizia-svela-il-suo-dance-festival","status":"publish","type":"post","link":"https:\/\/imagazine.it\/home_desk\/gorizia-svela-il-suo-dance-festival\/","title":{"rendered":"Gorizia svela il suo Dance Festival"},"content":{"rendered":"<p> \tAnnunciata a <strong>Gorizia<\/strong> la terza edizione di <strong>Visav\u00ec Gorizia Dance Festival<\/strong>, a Gorizia e Nova Gorica <strong>dal 12 al 16 ottobre 2022<\/strong>, promossa da ArtistiAssociati.<\/p>\n<p> \tL&#39;aspetto transfrontaliero \u00e8 quello che maggiormente caratterizza l&#39;iniziativa, che deve la sua unicit\u00e0 al fatto di svolgersi in due Stati, Italia e Slovenia. Uno degli obiettivi del progetto \u00e8 proprio quello di intensificare la cooperazione tra le due citt\u00e0, attraverso lo scambio di pubblici e la collaborazione tra le strutture culturali.<\/p>\n<p> \tArtistiAssociati collabora infatti con una rete di soggetti che sostengono e partecipano alla realizzazione del festival. Con SNG Teatro Nazionale Sloveno di Nova Gorica, che ospita una parte del programma, la sinergia \u00e8 di lunga data e continuer\u00e0 a svilupparsi anche in futuro sulla spinta di GO! 2025 (da quest&#39;anno anche il programma di residenze artistiche ARTEFICI.ResidenzeCreativeFVG avr\u00e0 una dimensione transfrontaliera e sar\u00e0 ospitato in parte all&#39;SNG).<\/p>\n<p> \tIl festival \u00e8 inoltre sostenuto sin dalla prima edizione dal Comune di Gorizia e dal Comune di Nova Gorica, dalla Regione Friuli Venezia Giulia, dall&#39;SNG di Nova Gorica, dalla Fondazione CaRiGo e dall&#39;Ente Regionale Teatrale del FVG.<\/p>\n<p> \tApre il festival mercoled\u00ec 12 ottobre la prima nazionale di SOUL CHAIN di Sharon Eyal con la compagnia tanzmainz (ospite al Verdi di Gorizia dopo la defezione a causa di problemi sanitari dello scorso anno); gioved\u00ec 13 ottobre si inizia all\u2019SNG di Nova Gorica, alle 18.30, con il debutto assoluto della nuova creazione di Monica Casadei per Artemis Danza PASOLINI &#8211; FUOCHI SEGRETI; seguir\u00e0 alle 21.30 la creazione vincitrice del Premio Scenario di Mattia Cason\u00a0 LE ETIOPICHE, al Teatro Verdi di Gorizia. Venerd\u00ec 14 ottobre al Kulturni Dom di Gorizia andr\u00e0 in scena in prima nazionale SYMP\u00d2SION, nuova creazione di Giovanni Leonarduzzi selezionata dal network Pan Adria, mentre alle 21.30 all\u2019SNG di Nova Gorica sar\u00e0 proposto l&#39;&#8221;assolo percussivo&#8221; di Ezio Schiavulli HERES: NEL NOME DEL FIGLIO. Sabato 15 ottobre alle 18.30 il Kulturni dom ospiter\u00e0 la prima assoluta di MEMENTO di Nyko Piscopo invece alle 21.30 al Teatro Verdi di Gorizia il Balletto di Roma presenter\u00e0 il nuovo PREMI\u00c8RE firmato Andrea Costanzo Martini. Chiude il programma, nel pomeriggio di domenica 16 ottobre all\u2019SNG di Nova Gorica, VISAVI\u2019 EXPERIMENTAL CONTEST, ospite la compagnia slovena MN Dance Company.<\/p>\n<p> \tDiversi gli eventi collaterali, da VISAV\u00ec MEETS ART in collaborazione con ERPAC a workshop, convegni e incontri. Tutto il programma su <u><a href=\"http:\/\/goriziadancefestival.it\" target=\"_blank\" rel=\"noopener\"><span style=\"color:#0000cd;\">goriziadancefestival.it<\/span><\/a><\/u>.<\/p>\n<p> \tAlla presentazione odierna sono intervenuti il direttore artistico <strong>Walter Mramor<\/strong>, l\u2019assessore regionale alla cultura, <strong>Tiziana Gibelli<\/strong>, il sindaco di Gorizia, <strong>Rodolfo Ziberna<\/strong>, l\u2019assessore comunale alla cultura, <strong>Fabrizio Oreti<\/strong>, il presidente della Fondazione Carigo, <strong>Alberto Bergamin<\/strong>, il sindaco di Nova Gorica, <strong>Klemen Miklavi\u010d<\/strong>, e <strong>Gianluca Madriz<\/strong> per la Camera di Commercio della Venezia Giulia.<\/p>\n<p> \t\u00a0<\/p>\n","protected":false},"excerpt":{"rendered":"<p>Presentato Visav\u00ec<\/p>\n","protected":false},"author":28,"featured_media":44204,"comment_status":"closed","ping_status":"closed","sticky":false,"template":"","format":"standard","meta":{"dwc-title":[],"dwc-content":[],"footnotes":""},"categories":[37],"tags":[],"class_list":["post-44203","post","type-post","status-publish","format-standard","has-post-thumbnail","hentry","category-cultura-e-spettacolo"],"rttpg_featured_image_url":{"full":["https:\/\/imagazine.it\/wp-content\/uploads\/2024\/01\/48861-1.webp",1280,960,false],"landscape":["https:\/\/imagazine.it\/wp-content\/uploads\/2024\/01\/48861-1.webp",1280,960,false],"portraits":["https:\/\/imagazine.it\/wp-content\/uploads\/2024\/01\/48861-1.webp",1280,960,false],"thumbnail":["https:\/\/imagazine.it\/wp-content\/uploads\/2024\/01\/48861-1-150x150.webp",150,150,true],"medium":["https:\/\/imagazine.it\/wp-content\/uploads\/2024\/01\/48861-1-300x225.webp",300,225,true],"large":["https:\/\/imagazine.it\/wp-content\/uploads\/2024\/01\/48861-1-1024x768.webp",640,480,true],"thumblist":["https:\/\/imagazine.it\/wp-content\/uploads\/2024\/01\/48861-1.webp",300,225,false],"thumbrelated":["https:\/\/imagazine.it\/wp-content\/uploads\/2024\/01\/48861-1.webp",500,375,false],"meccarouselthumb":["https:\/\/imagazine.it\/wp-content\/uploads\/2024\/01\/48861-1.webp",432,324,false],"gridsquare":["https:\/\/imagazine.it\/wp-content\/uploads\/2024\/01\/48861-1.webp",347,260,false],"tileview":["https:\/\/imagazine.it\/wp-content\/uploads\/2024\/01\/48861-1.webp",300,225,false],"1536x1536":["https:\/\/imagazine.it\/wp-content\/uploads\/2024\/01\/48861-1.webp",1280,960,false],"2048x2048":["https:\/\/imagazine.it\/wp-content\/uploads\/2024\/01\/48861-1.webp",1280,960,false],"newsup-slider-full":["https:\/\/imagazine.it\/wp-content\/uploads\/2024\/01\/48861-1-1280x720.webp",1280,720,true],"newsup-featured":["https:\/\/imagazine.it\/wp-content\/uploads\/2024\/01\/48861-1-1024x768.webp",1024,768,true],"newsup-medium":["https:\/\/imagazine.it\/wp-content\/uploads\/2024\/01\/48861-1-720x380.webp",720,380,true],"tptn_thumbnail":["https:\/\/imagazine.it\/wp-content\/uploads\/2024\/01\/48861-1.webp",250,188,false],"sow-carousel-default":["https:\/\/imagazine.it\/wp-content\/uploads\/2024\/01\/48861-1-272x182.webp",272,182,true]},"rttpg_author":{"display_name":"redazione","author_link":"https:\/\/imagazine.it\/home_desk\/author\/redazione\/"},"rttpg_comment":0,"rttpg_category":"<a href=\"https:\/\/imagazine.it\/home_desk\/category\/cultura-e-spettacolo\/\" rel=\"category tag\">CULTURA&amp;SPETTACOLO<\/a>","rttpg_excerpt":"Presentato Visav\u00ec","_links":{"self":[{"href":"https:\/\/imagazine.it\/home_desk\/wp-json\/wp\/v2\/posts\/44203","targetHints":{"allow":["GET"]}}],"collection":[{"href":"https:\/\/imagazine.it\/home_desk\/wp-json\/wp\/v2\/posts"}],"about":[{"href":"https:\/\/imagazine.it\/home_desk\/wp-json\/wp\/v2\/types\/post"}],"author":[{"embeddable":true,"href":"https:\/\/imagazine.it\/home_desk\/wp-json\/wp\/v2\/users\/28"}],"replies":[{"embeddable":true,"href":"https:\/\/imagazine.it\/home_desk\/wp-json\/wp\/v2\/comments?post=44203"}],"version-history":[{"count":0,"href":"https:\/\/imagazine.it\/home_desk\/wp-json\/wp\/v2\/posts\/44203\/revisions"}],"wp:featuredmedia":[{"embeddable":true,"href":"https:\/\/imagazine.it\/home_desk\/wp-json\/wp\/v2\/media\/44204"}],"wp:attachment":[{"href":"https:\/\/imagazine.it\/home_desk\/wp-json\/wp\/v2\/media?parent=44203"}],"wp:term":[{"taxonomy":"category","embeddable":true,"href":"https:\/\/imagazine.it\/home_desk\/wp-json\/wp\/v2\/categories?post=44203"},{"taxonomy":"post_tag","embeddable":true,"href":"https:\/\/imagazine.it\/home_desk\/wp-json\/wp\/v2\/tags?post=44203"}],"curies":[{"name":"wp","href":"https:\/\/api.w.org\/{rel}","templated":true}]}}