{"id":44165,"date":"2022-07-18T00:00:00","date_gmt":"2022-07-17T23:00:00","guid":{"rendered":"https:\/\/imagazine.it\/?p=44165"},"modified":"2022-07-18T00:00:00","modified_gmt":"2022-07-17T23:00:00","slug":"la-nuova-neuropsichiatria-di-monfalcone-si-svela-a-turriaco","status":"publish","type":"post","link":"https:\/\/imagazine.it\/home_desk\/la-nuova-neuropsichiatria-di-monfalcone-si-svela-a-turriaco\/","title":{"rendered":"La nuova Neuropsichiatria di Monfalcone si svela a Turriaco"},"content":{"rendered":"<p> \tRock, emozione e impegno per un progetto di cui beneficer\u00e0 la comunit\u00e0: un mix vincente, che si concretizza nella sinergia avviata dall\u2019<strong>associazione Dinamici<\/strong> e <strong>Fusi di rock<\/strong>.<\/p>\n<p> \tMentre procedono <strong>all\u2019ospedale di Monfalcone<\/strong> i lavori di realizzazione della nuova <strong>Neuropsichiatria infantile<\/strong>, in vista dell\u2019inaugurazione prevista per settembre, il sodalizio promotore si prepara a incontrare tutti coloro che vogliono saperne di pi\u00f9 in occasione della 25esima edizione del <strong>Festival musicale di Turriaco<\/strong>, in programma <strong>da gioved\u00ec 21 a sabato 23 luglio<\/strong>. Un\u2019opportunit\u00e0 per conoscere nei dettagli l\u2019intervento in corso al terzo piano della piastra A dell\u2019ospedale San Polo, che porter\u00e0 alla costruzione di un reparto modello, in quanto funzionale, accogliente e curato nei minimi dettagli. I primi arredi, studiati e pensati in ogni particolare, secondo la logica del \u201cmettere al centro il paziente\u201d sono gi\u00e0 arrivati e le 20 le stanze stanno via via prendendo forma. Nulla \u00e8 lasciato al caso, in modo da soddisfare le esigenze dei pazienti e delle loro famiglie, ponendo anche gli operatori nelle condizioni migliori per lavorare.<\/p>\n<p> \t\u201cSono proprio i gemellaggi come quello avvenuto con Fusi di rock il nutrimento del nostro lavoro di volontariato. Vedere realt\u00e0 consolidate sul territorio come loro avvicinarsi alla nostra associazione con entusiasmo ed emozione e decidere di partecipare attivamente alla realizzazione del nostro progetto \u201cPer una nuova Neuropsichiatria Infantile\u201d \u00e8 la tangibile risposta al nostro intervento per la comunit\u00e0. Siamo grati che la partecipazione alla nostra iniziativa sia cos\u00ec trasversale, \u00e8 lo specchio di una collettivit\u00e0 che abbiamo trovato partecipe anche in un frangente cos\u00ec specifico\u201d, rimarca la <strong>presidente dell\u2019associazione Dinamici, Manuela Fumis, <\/strong>esprimendo gratitudine a nome del sodalizio.<\/p>\n<p> \tUn progetto, quello della nuova Neuropsichiatria infantile, in cui determinante \u00e8 stata fin dall\u2019inizio l\u2019intesa con Asugi (Azienda Sanitaria Universitaria Giuliano Isontina): alla professionalit\u00e0 e competenza dei professionisti dell\u2019azienda sanitaria i Dinamici hanno aggiunto il loro innato entusiasmo, dando vita a un connubio che ha permesso di creare una squadra vincente. Tutti gli arredi scelti per il nuovo reparto sono in stile Montessori, forniti dalla Gam Arredi, azienda che ha eseguito anche i rendering e fornito consigli. Tra gli accorgimenti adottati, la suddivisione delle sale d\u2019attesa per fasce d\u2019et\u00e0 con mobili e finiture dedicate.<\/p>\n<p> \tAmmonta a <strong>200 mila euro<\/strong> circa la somma complessiva a disposizione per gli arredi, ma l\u2019associazione non intende fermarsi, dal momento che restano molte altre cose da acquistare, tra cui anche i giochi.<\/p>\n<p> \t\u00c8 stato deciso di elevare la qualit\u00e0 dei materiali di finitura. Di qui la decisione per esempio di ricorrere in accordo con i professionisti di Asugi a vetrate acidate per gli ambulatori, cos\u00ec da rendere meno impattante l\u2019ingresso di bambini e ragazzi nelle stanze evitando di dare la sensazione di barriera. E ancora colorazioni innovative alle pareti, dosando le tonalit\u00e0.<\/p>\n<p> \tIl progetto dell\u2019intervento \u00e8 stato donato dall\u2019associazione Dinamici ad Asugi, cos\u00ec come gli arredi dei locali. L\u2019intervento complessivo \u00e8 interamente finanziato invece con fondi della Regione. L\u2019importo dei lavori \u00e8 pari a <strong>un milione 417 mila euro<\/strong>.<\/p>\n<p> \t\u00a0<\/p>\n","protected":false},"excerpt":{"rendered":"<p>Al Festival musicale<\/p>\n","protected":false},"author":28,"featured_media":44166,"comment_status":"closed","ping_status":"closed","sticky":false,"template":"","format":"standard","meta":{"dwc-title":[],"dwc-content":[],"footnotes":""},"categories":[5],"tags":[],"class_list":["post-44165","post","type-post","status-publish","format-standard","has-post-thumbnail","hentry","category-attualita"],"rttpg_featured_image_url":{"full":["https:\/\/imagazine.it\/wp-content\/uploads\/2024\/01\/48793-1.webp",1000,768,false],"landscape":["https:\/\/imagazine.it\/wp-content\/uploads\/2024\/01\/48793-1.webp",1000,768,false],"portraits":["https:\/\/imagazine.it\/wp-content\/uploads\/2024\/01\/48793-1.webp",1000,768,false],"thumbnail":["https:\/\/imagazine.it\/wp-content\/uploads\/2024\/01\/48793-1-150x150.webp",150,150,true],"medium":["https:\/\/imagazine.it\/wp-content\/uploads\/2024\/01\/48793-1-300x230.webp",300,230,true],"large":["https:\/\/imagazine.it\/wp-content\/uploads\/2024\/01\/48793-1.webp",640,492,false],"thumblist":["https:\/\/imagazine.it\/wp-content\/uploads\/2024\/01\/48793-1.webp",300,230,false],"thumbrelated":["https:\/\/imagazine.it\/wp-content\/uploads\/2024\/01\/48793-1.webp",500,384,false],"meccarouselthumb":["https:\/\/imagazine.it\/wp-content\/uploads\/2024\/01\/48793-1.webp",422,324,false],"gridsquare":["https:\/\/imagazine.it\/wp-content\/uploads\/2024\/01\/48793-1.webp",339,260,false],"tileview":["https:\/\/imagazine.it\/wp-content\/uploads\/2024\/01\/48793-1.webp",300,230,false],"1536x1536":["https:\/\/imagazine.it\/wp-content\/uploads\/2024\/01\/48793-1.webp",1000,768,false],"2048x2048":["https:\/\/imagazine.it\/wp-content\/uploads\/2024\/01\/48793-1.webp",1000,768,false],"newsup-slider-full":["https:\/\/imagazine.it\/wp-content\/uploads\/2024\/01\/48793-1-1000x720.webp",1000,720,true],"newsup-featured":["https:\/\/imagazine.it\/wp-content\/uploads\/2024\/01\/48793-1.webp",1000,768,false],"newsup-medium":["https:\/\/imagazine.it\/wp-content\/uploads\/2024\/01\/48793-1-720x380.webp",720,380,true],"tptn_thumbnail":["https:\/\/imagazine.it\/wp-content\/uploads\/2024\/01\/48793-1.webp",250,192,false],"sow-carousel-default":["https:\/\/imagazine.it\/wp-content\/uploads\/2024\/01\/48793-1-272x182.webp",272,182,true]},"rttpg_author":{"display_name":"redazione","author_link":"https:\/\/imagazine.it\/home_desk\/author\/redazione\/"},"rttpg_comment":0,"rttpg_category":"<a href=\"https:\/\/imagazine.it\/home_desk\/category\/attualita\/\" rel=\"category tag\">ATTUALIT\u00c0<\/a>","rttpg_excerpt":"Al Festival musicale","_links":{"self":[{"href":"https:\/\/imagazine.it\/home_desk\/wp-json\/wp\/v2\/posts\/44165","targetHints":{"allow":["GET"]}}],"collection":[{"href":"https:\/\/imagazine.it\/home_desk\/wp-json\/wp\/v2\/posts"}],"about":[{"href":"https:\/\/imagazine.it\/home_desk\/wp-json\/wp\/v2\/types\/post"}],"author":[{"embeddable":true,"href":"https:\/\/imagazine.it\/home_desk\/wp-json\/wp\/v2\/users\/28"}],"replies":[{"embeddable":true,"href":"https:\/\/imagazine.it\/home_desk\/wp-json\/wp\/v2\/comments?post=44165"}],"version-history":[{"count":0,"href":"https:\/\/imagazine.it\/home_desk\/wp-json\/wp\/v2\/posts\/44165\/revisions"}],"wp:featuredmedia":[{"embeddable":true,"href":"https:\/\/imagazine.it\/home_desk\/wp-json\/wp\/v2\/media\/44166"}],"wp:attachment":[{"href":"https:\/\/imagazine.it\/home_desk\/wp-json\/wp\/v2\/media?parent=44165"}],"wp:term":[{"taxonomy":"category","embeddable":true,"href":"https:\/\/imagazine.it\/home_desk\/wp-json\/wp\/v2\/categories?post=44165"},{"taxonomy":"post_tag","embeddable":true,"href":"https:\/\/imagazine.it\/home_desk\/wp-json\/wp\/v2\/tags?post=44165"}],"curies":[{"name":"wp","href":"https:\/\/api.w.org\/{rel}","templated":true}]}}