{"id":44132,"date":"2022-07-07T00:00:00","date_gmt":"2022-07-06T23:00:00","guid":{"rendered":"https:\/\/imagazine.it\/?p=44132"},"modified":"2022-07-07T00:00:00","modified_gmt":"2022-07-06T23:00:00","slug":"monfalcone-a-natale-il-nuovo-museo-archeologico","status":"publish","type":"post","link":"https:\/\/imagazine.it\/home_desk\/monfalcone-a-natale-il-nuovo-museo-archeologico\/","title":{"rendered":"Monfalcone, a Natale il nuovo Museo Archeologico"},"content":{"rendered":"<p> \tProseguono secondo il cronoprogramma i lavori di restauro dei reperti storici rinvenuti sotto il Palazzo municipale, che daranno vita al museo archeologico che aprir\u00e0 le porte al pubblico a Natale.<\/p>\n<p> \tIl sindaco, <strong>Anna Maria Cisint<\/strong>, questa mattina ha effettuato un sopralluogo, insieme ai tecnici del Comune, <strong>Enrico Englaro<\/strong> e <strong>Stefania Zorzi<\/strong>, RUP (responsabile unico del procedimento) dell\u2019opera, per verificare lo stato dell\u2019arte degli interventi finora gi\u00e0 realizzati.<\/p>\n<p> \tIl progetto del museo \u00e8 stato finanziato dalla Regione attraverso un contributo di 600.000 euro.<\/p>\n<p> \tIl restauro, realizzato dalla ditta Malvestio, ha riportato al loro stato originario una strada, una cisterna e uno spazio destinato allo smaltimento dei rifiuti.<br \/> \tFino a sabato verranno preparati gli implacati che consentiranno di completare l\u2019impiantistica, gi\u00e0 in parte realizzata, poi si proceder\u00e0 con gli allestimenti, che sono frutto di un progetto realizzato dall\u2019archeologo <strong>Dario Gaddi<\/strong>, condiviso con la sovrintendenza.<\/p>\n<p> \t\u00c8 inoltre previsto un ulteriore progetto di realt\u00e0 aumentata, per vedere con i propri occhi come si svolgeva la vita cittadina dell\u2019epoca.<\/p>\n<p> \tUna volta ultimati i lavori, attraverso una passerella in legno e vetro, contornata da una balaustra di acciaio e vetro, sar\u00e0 possibile muoversi all\u2019interno del museo per ammirare i resti delle mura della citt\u00e0 e i reperti rinvenuti durante gli scavi.<\/p>\n<p> \tIl museo sar\u00e0 inserito in un percorso che permetter\u00e0 ai turisti di visitare Monfalcone senza perdere nessuno dei punti di interesse culturale e storico che la citt\u00e0 offre.<\/p>\n<p> \t\u201cNon \u00e8 solo un museo \u2013 ha dichiarato il sindaco Cisint durante il sopralluogo \u2013 ma uno spaccato importante della vita cittadina della Monfalcone che ha lasciato un segno tangibile nella storia. \u00c8 la realizzazione di un percorso che si inserisce nel progetto di recupero del centro storico, finalizzato a restituire la citt\u00e0 alla sua storia e alla sua identit\u00e0, per far conoscere ai cittadini e ai turisti come vivevano i nostri avi in quella che adesso \u00e8 diventata la nostra citt\u00e0. La storia che incontra il presente. Archeologia e realt\u00e0 aumentata che convivono, per offrire ai visitatori un\u2019interessante esperienza formativa ed emozionale\u201d.<\/p>\n<p> \t\u201cIl museo, che diventer\u00e0 statale, sar\u00e0 un valore aggiunto che Monfalcone doner\u00e0 al patrimonio storico e culturale italiano. Inoltre, con l\u2019apertura del museo, nasceranno nuove opportunit\u00e0 occupazionali per i nostri giovani, che guideranno i visitatori in un viaggio nella storia e nelle abitudini dei monfalconesi dei tempi passati. I lavori si concluderanno a dicembre e l\u2019inaugurazione del museo sar\u00e0 un bel regalo di Natale per la citt\u00e0 e per i monfalconesi\u201d, ha concluso Cisint.<\/p>\n<p> \t\u00a0<\/p>\n","protected":false},"excerpt":{"rendered":"<p>Cronoprogramma finora rispettato<\/p>\n","protected":false},"author":28,"featured_media":44133,"comment_status":"closed","ping_status":"closed","sticky":false,"template":"","format":"standard","meta":{"dwc-title":[],"dwc-content":[],"footnotes":""},"categories":[5],"tags":[],"class_list":["post-44132","post","type-post","status-publish","format-standard","has-post-thumbnail","hentry","category-attualita"],"rttpg_featured_image_url":{"full":["https:\/\/imagazine.it\/wp-content\/uploads\/2024\/01\/48724-1.webp",1000,736,false],"landscape":["https:\/\/imagazine.it\/wp-content\/uploads\/2024\/01\/48724-1.webp",1000,736,false],"portraits":["https:\/\/imagazine.it\/wp-content\/uploads\/2024\/01\/48724-1.webp",1000,736,false],"thumbnail":["https:\/\/imagazine.it\/wp-content\/uploads\/2024\/01\/48724-1-150x150.webp",150,150,true],"medium":["https:\/\/imagazine.it\/wp-content\/uploads\/2024\/01\/48724-1-300x221.webp",300,221,true],"large":["https:\/\/imagazine.it\/wp-content\/uploads\/2024\/01\/48724-1.webp",640,471,false],"thumblist":["https:\/\/imagazine.it\/wp-content\/uploads\/2024\/01\/48724-1.webp",300,221,false],"thumbrelated":["https:\/\/imagazine.it\/wp-content\/uploads\/2024\/01\/48724-1.webp",500,368,false],"meccarouselthumb":["https:\/\/imagazine.it\/wp-content\/uploads\/2024\/01\/48724-1.webp",440,324,false],"gridsquare":["https:\/\/imagazine.it\/wp-content\/uploads\/2024\/01\/48724-1.webp",353,260,false],"tileview":["https:\/\/imagazine.it\/wp-content\/uploads\/2024\/01\/48724-1.webp",300,221,false],"1536x1536":["https:\/\/imagazine.it\/wp-content\/uploads\/2024\/01\/48724-1.webp",1000,736,false],"2048x2048":["https:\/\/imagazine.it\/wp-content\/uploads\/2024\/01\/48724-1.webp",1000,736,false],"newsup-slider-full":["https:\/\/imagazine.it\/wp-content\/uploads\/2024\/01\/48724-1-1000x720.webp",1000,720,true],"newsup-featured":["https:\/\/imagazine.it\/wp-content\/uploads\/2024\/01\/48724-1.webp",1000,736,false],"newsup-medium":["https:\/\/imagazine.it\/wp-content\/uploads\/2024\/01\/48724-1-720x380.webp",720,380,true],"tptn_thumbnail":["https:\/\/imagazine.it\/wp-content\/uploads\/2024\/01\/48724-1.webp",250,184,false],"sow-carousel-default":["https:\/\/imagazine.it\/wp-content\/uploads\/2024\/01\/48724-1-272x182.webp",272,182,true]},"rttpg_author":{"display_name":"redazione","author_link":"https:\/\/imagazine.it\/home_desk\/author\/redazione\/"},"rttpg_comment":0,"rttpg_category":"<a href=\"https:\/\/imagazine.it\/home_desk\/category\/attualita\/\" rel=\"category tag\">ATTUALIT\u00c0<\/a>","rttpg_excerpt":"Cronoprogramma finora rispettato","_links":{"self":[{"href":"https:\/\/imagazine.it\/home_desk\/wp-json\/wp\/v2\/posts\/44132","targetHints":{"allow":["GET"]}}],"collection":[{"href":"https:\/\/imagazine.it\/home_desk\/wp-json\/wp\/v2\/posts"}],"about":[{"href":"https:\/\/imagazine.it\/home_desk\/wp-json\/wp\/v2\/types\/post"}],"author":[{"embeddable":true,"href":"https:\/\/imagazine.it\/home_desk\/wp-json\/wp\/v2\/users\/28"}],"replies":[{"embeddable":true,"href":"https:\/\/imagazine.it\/home_desk\/wp-json\/wp\/v2\/comments?post=44132"}],"version-history":[{"count":0,"href":"https:\/\/imagazine.it\/home_desk\/wp-json\/wp\/v2\/posts\/44132\/revisions"}],"wp:featuredmedia":[{"embeddable":true,"href":"https:\/\/imagazine.it\/home_desk\/wp-json\/wp\/v2\/media\/44133"}],"wp:attachment":[{"href":"https:\/\/imagazine.it\/home_desk\/wp-json\/wp\/v2\/media?parent=44132"}],"wp:term":[{"taxonomy":"category","embeddable":true,"href":"https:\/\/imagazine.it\/home_desk\/wp-json\/wp\/v2\/categories?post=44132"},{"taxonomy":"post_tag","embeddable":true,"href":"https:\/\/imagazine.it\/home_desk\/wp-json\/wp\/v2\/tags?post=44132"}],"curies":[{"name":"wp","href":"https:\/\/api.w.org\/{rel}","templated":true}]}}