{"id":44103,"date":"2022-07-04T00:00:00","date_gmt":"2022-07-03T23:00:00","guid":{"rendered":"https:\/\/imagazine.it\/?p=44103"},"modified":"2022-07-04T00:00:00","modified_gmt":"2022-07-03T23:00:00","slug":"operativo-il-bonus-psicologo-studenti-fvg","status":"publish","type":"post","link":"https:\/\/imagazine.it\/home_desk\/operativo-il-bonus-psicologo-studenti-fvg\/","title":{"rendered":"Operativo il Bonus psicologo studenti FVG"},"content":{"rendered":"<p> \tPresentato a <strong>Trieste<\/strong> il &#39;Bonus psicologo studenti Fvg&#39; che potr\u00e0 essere richiesto gi\u00e0 da domani dagli studenti &#8211; o dalle famiglie degli studenti in caso di minorenni &#8211; e che conta su uno <strong>stanziamento complessivo di 300 mila euro<\/strong> definito nella scorsa legge di Stabilit\u00e0 regionale.<\/p>\n<p> \tIl bonus, del valore di <strong>225 euro<\/strong>, permette di fruire di cinque sedute psicologiche presso professionisti iscritti all&#39;Ordine degli psicologi del Friuli Venezia Giulia e accreditati dalla Regione.<\/p>\n<p> \t&#8220;Con questa misura &#8211; ha rilevato l&#39;assessore regionale all&#39;Istruzione <strong>Alessia Rosolen<\/strong> &#8211; contiamo di raggiungere 1.300 studenti in pi\u00f9 rispetto a quelli gi\u00e0 accostatisi allo spazio di supporto e ascolto psicologico fornito da Ardis-Agenzia regionale per il diritto allo studio da novembre 2021 e a coloro che si sono avvalsi delle prestazioni del servizio sanitario regionale&#8221;.<\/p>\n<p> \tIl bonus abbatte il 90% del costo totale del servizio &#8211; che \u00e8 pari a 250 euro &#8211; lasciando a carico di famiglie e studenti una quota residuale di 25 euro.<\/p>\n<p> \tIl cronoprogramma del percorso \u00e8 stato illustrato alla stampa nella sala Predonzani del Palazzo della Regione: da domani sar\u00e0 attiva la piattaforma on line per le domande di contributo; il 14 luglio si terr\u00e0 il webinar rivolto a psicologi liberi professionisti per l&#39;accreditamento; a settembre inizieranno i colloqui informativi a cura di Ardis con le famiglie e gli studenti che hanno presentato la domanda e che riceveranno quindi il codice univoco &#39;Bonus psicologo studenti Fvg&#39; necessario per l&#39;accesso alle consulenze con i professionisti.<\/p>\n<p> \tIl ciclo di sedute dovr\u00e0 completarsi entro 4 mesi dal ricevimento del codice.<\/p>\n<p> \tL&#39;organizzazione complessiva dello strumento di supporto psicologico, che vede la partecipazione dell&#39;Ufficio scolastico regionale e dell&#39;Ordine degli psicologi del Friuli Venezia Giulia, presente alla conferenza stampa odierna con il presidente <strong>Roberto Calvani<\/strong>, &#8220;\u00e8 ancorato alla Cabina di regia regionale, che coordina il tutto e monitorer\u00e0 il percorso e i suoi esiti&#8221;, come ha spiegato l&#39;assessore all&#39;Istruzione.<\/p>\n<p> \tPer il &#39;Bonus psicologo&#39; la Regione Friuli Venezia \u00e8 stata insieme al Lazio la prima ad attivarsi in Italia.<\/p>\n<p> \tIl bonus non prevede limite di Isee a differenza dello strumento nazionale gestito dall&#39;Inps &#8211; la cui partenza effettiva \u00e8 attesa a ottobre &#8211; che \u00e8 rivolto a tutti i cittadini italiani e prevede un importo massimo di 600 euro a persona per sedute di psicoterapia.<\/p>\n<p> \t\u00a0<\/p>\n","protected":false},"excerpt":{"rendered":"<p>Guarda il video<\/p>\n","protected":false},"author":28,"featured_media":44104,"comment_status":"closed","ping_status":"closed","sticky":false,"template":"","format":"standard","meta":{"dwc-title":[],"dwc-content":[],"footnotes":""},"categories":[5],"tags":[],"class_list":["post-44103","post","type-post","status-publish","format-standard","has-post-thumbnail","hentry","category-attualita"],"rttpg_featured_image_url":{"full":["https:\/\/imagazine.it\/wp-content\/uploads\/2024\/01\/48671-1.webp",1600,1056,false],"landscape":["https:\/\/imagazine.it\/wp-content\/uploads\/2024\/01\/48671-1.webp",1600,1056,false],"portraits":["https:\/\/imagazine.it\/wp-content\/uploads\/2024\/01\/48671-1.webp",1600,1056,false],"thumbnail":["https:\/\/imagazine.it\/wp-content\/uploads\/2024\/01\/48671-1-150x150.webp",150,150,true],"medium":["https:\/\/imagazine.it\/wp-content\/uploads\/2024\/01\/48671-1-300x198.webp",300,198,true],"large":["https:\/\/imagazine.it\/wp-content\/uploads\/2024\/01\/48671-1-1024x676.webp",640,423,true],"thumblist":["https:\/\/imagazine.it\/wp-content\/uploads\/2024\/01\/48671-1.webp",300,198,false],"thumbrelated":["https:\/\/imagazine.it\/wp-content\/uploads\/2024\/01\/48671-1.webp",500,330,false],"meccarouselthumb":["https:\/\/imagazine.it\/wp-content\/uploads\/2024\/01\/48671-1.webp",474,313,false],"gridsquare":["https:\/\/imagazine.it\/wp-content\/uploads\/2024\/01\/48671-1.webp",391,258,false],"tileview":["https:\/\/imagazine.it\/wp-content\/uploads\/2024\/01\/48671-1.webp",300,198,false],"1536x1536":["https:\/\/imagazine.it\/wp-content\/uploads\/2024\/01\/48671-1-1536x1014.webp",1536,1014,true],"2048x2048":["https:\/\/imagazine.it\/wp-content\/uploads\/2024\/01\/48671-1.webp",1600,1056,false],"newsup-slider-full":["https:\/\/imagazine.it\/wp-content\/uploads\/2024\/01\/48671-1-1280x720.webp",1280,720,true],"newsup-featured":["https:\/\/imagazine.it\/wp-content\/uploads\/2024\/01\/48671-1-1024x676.webp",1024,676,true],"newsup-medium":["https:\/\/imagazine.it\/wp-content\/uploads\/2024\/01\/48671-1-720x380.webp",720,380,true],"tptn_thumbnail":["https:\/\/imagazine.it\/wp-content\/uploads\/2024\/01\/48671-1.webp",250,165,false],"sow-carousel-default":["https:\/\/imagazine.it\/wp-content\/uploads\/2024\/01\/48671-1-272x182.webp",272,182,true]},"rttpg_author":{"display_name":"redazione","author_link":"https:\/\/imagazine.it\/home_desk\/author\/redazione\/"},"rttpg_comment":0,"rttpg_category":"<a href=\"https:\/\/imagazine.it\/home_desk\/category\/attualita\/\" rel=\"category tag\">ATTUALIT\u00c0<\/a>","rttpg_excerpt":"Guarda il video","_links":{"self":[{"href":"https:\/\/imagazine.it\/home_desk\/wp-json\/wp\/v2\/posts\/44103","targetHints":{"allow":["GET"]}}],"collection":[{"href":"https:\/\/imagazine.it\/home_desk\/wp-json\/wp\/v2\/posts"}],"about":[{"href":"https:\/\/imagazine.it\/home_desk\/wp-json\/wp\/v2\/types\/post"}],"author":[{"embeddable":true,"href":"https:\/\/imagazine.it\/home_desk\/wp-json\/wp\/v2\/users\/28"}],"replies":[{"embeddable":true,"href":"https:\/\/imagazine.it\/home_desk\/wp-json\/wp\/v2\/comments?post=44103"}],"version-history":[{"count":0,"href":"https:\/\/imagazine.it\/home_desk\/wp-json\/wp\/v2\/posts\/44103\/revisions"}],"wp:featuredmedia":[{"embeddable":true,"href":"https:\/\/imagazine.it\/home_desk\/wp-json\/wp\/v2\/media\/44104"}],"wp:attachment":[{"href":"https:\/\/imagazine.it\/home_desk\/wp-json\/wp\/v2\/media?parent=44103"}],"wp:term":[{"taxonomy":"category","embeddable":true,"href":"https:\/\/imagazine.it\/home_desk\/wp-json\/wp\/v2\/categories?post=44103"},{"taxonomy":"post_tag","embeddable":true,"href":"https:\/\/imagazine.it\/home_desk\/wp-json\/wp\/v2\/tags?post=44103"}],"curies":[{"name":"wp","href":"https:\/\/api.w.org\/{rel}","templated":true}]}}