{"id":44085,"date":"2022-07-01T00:00:00","date_gmt":"2022-06-30T23:00:00","guid":{"rendered":"https:\/\/imagazine.it\/?p=44085"},"modified":"2022-07-01T00:00:00","modified_gmt":"2022-06-30T23:00:00","slug":"monfalcone-si-attiva-per-salvare-il-salice-di-panzano","status":"publish","type":"post","link":"https:\/\/imagazine.it\/home_desk\/monfalcone-si-attiva-per-salvare-il-salice-di-panzano\/","title":{"rendered":"Monfalcone si attiva per salvare il salice di Panzano"},"content":{"rendered":"<p> \tSono partiti ieri i sondaggi per analizzare lo stato di salute del salice piangente situato all\u2019angolo tra la via Rossetti e via Agraria a <strong>Monfalcone<\/strong>.<\/p>\n<p> \tLa pianta, che rappresenta un simbolo per la memoria storica di <strong>Panzano<\/strong>, ha un diametro alla base di oltre un metro e risulta fortemente inclinata verso sud-ovest.<\/p>\n<p> \tDal 2020 ha progressivamente manifestato un aumento delle parti secche e una diminuzione delle parti verdi della chioma.<\/p>\n<p> \tLe verifiche tecniche, che sono state avviate avvalendosi di personale specializzato, hanno lo scopo di valutare la stabilit\u00e0 meccanica e lo stato di salute fito-sanitaria dell\u2019albero.<\/p>\n<p> \tL\u2019obiettivo \u00e8 quello di stimare la capacit\u00e0 di vita residua della pianta, identificare le branche e le parti ancora sane, programmare una potatura di rimonda del secco e, in base agli esiti della verifica di stabilit\u00e0 meccanica, progettare eventuali sistemi di sostegno che garantiscano la sicurezza, per evitare possibili cedimenti.<\/p>\n<p> \t\u201cFaremo di tutto per salvare il salice piangente e per questo abbiamo chiesto la collaborazione di pi\u00f9 esperti in materia. Il salice di Panzano non \u00e8 solo una pianta: \u00e8 un simbolo del quartiere che ha accompagnato tanti monfalconesi nella loro crescita e molti concittadini gli sono molto affezionati. Vale quindi la pena adoperaci per tentare di salvarlo. A questo proposito chiedo la collaborazione degli automobilisti a non parcheggiare sotto il salice, per non rischiare di arrecare ulteriori danni alle radici\u201d, ha dichiarato il sindaco di Monfalcone, <strong>Anna Maria Cisint<\/strong>.<\/p>\n<p> \t\u00a0<\/p>\n","protected":false},"excerpt":{"rendered":"<p>Simbolo della memoria storica<\/p>\n","protected":false},"author":28,"featured_media":44086,"comment_status":"closed","ping_status":"closed","sticky":false,"template":"","format":"standard","meta":{"dwc-title":[],"dwc-content":[],"footnotes":""},"categories":[5],"tags":[],"class_list":["post-44085","post","type-post","status-publish","format-standard","has-post-thumbnail","hentry","category-attualita"],"rttpg_featured_image_url":{"full":["https:\/\/imagazine.it\/wp-content\/uploads\/2024\/01\/48614-1.webp",742,630,false],"landscape":["https:\/\/imagazine.it\/wp-content\/uploads\/2024\/01\/48614-1.webp",742,630,false],"portraits":["https:\/\/imagazine.it\/wp-content\/uploads\/2024\/01\/48614-1.webp",742,630,false],"thumbnail":["https:\/\/imagazine.it\/wp-content\/uploads\/2024\/01\/48614-1-150x150.webp",150,150,true],"medium":["https:\/\/imagazine.it\/wp-content\/uploads\/2024\/01\/48614-1-300x255.webp",300,255,true],"large":["https:\/\/imagazine.it\/wp-content\/uploads\/2024\/01\/48614-1.webp",640,543,false],"thumblist":["https:\/\/imagazine.it\/wp-content\/uploads\/2024\/01\/48614-1.webp",300,255,false],"thumbrelated":["https:\/\/imagazine.it\/wp-content\/uploads\/2024\/01\/48614-1.webp",500,425,false],"meccarouselthumb":["https:\/\/imagazine.it\/wp-content\/uploads\/2024\/01\/48614-1.webp",382,324,false],"gridsquare":["https:\/\/imagazine.it\/wp-content\/uploads\/2024\/01\/48614-1.webp",306,260,false],"tileview":["https:\/\/imagazine.it\/wp-content\/uploads\/2024\/01\/48614-1.webp",300,255,false],"1536x1536":["https:\/\/imagazine.it\/wp-content\/uploads\/2024\/01\/48614-1.webp",742,630,false],"2048x2048":["https:\/\/imagazine.it\/wp-content\/uploads\/2024\/01\/48614-1.webp",742,630,false],"newsup-slider-full":["https:\/\/imagazine.it\/wp-content\/uploads\/2024\/01\/48614-1.webp",742,630,false],"newsup-featured":["https:\/\/imagazine.it\/wp-content\/uploads\/2024\/01\/48614-1.webp",742,630,false],"newsup-medium":["https:\/\/imagazine.it\/wp-content\/uploads\/2024\/01\/48614-1-720x380.webp",720,380,true],"tptn_thumbnail":["https:\/\/imagazine.it\/wp-content\/uploads\/2024\/01\/48614-1.webp",247,210,false],"sow-carousel-default":["https:\/\/imagazine.it\/wp-content\/uploads\/2024\/01\/48614-1-272x182.webp",272,182,true]},"rttpg_author":{"display_name":"redazione","author_link":"https:\/\/imagazine.it\/home_desk\/author\/redazione\/"},"rttpg_comment":0,"rttpg_category":"<a href=\"https:\/\/imagazine.it\/home_desk\/category\/attualita\/\" rel=\"category tag\">ATTUALIT\u00c0<\/a>","rttpg_excerpt":"Simbolo della memoria storica","_links":{"self":[{"href":"https:\/\/imagazine.it\/home_desk\/wp-json\/wp\/v2\/posts\/44085","targetHints":{"allow":["GET"]}}],"collection":[{"href":"https:\/\/imagazine.it\/home_desk\/wp-json\/wp\/v2\/posts"}],"about":[{"href":"https:\/\/imagazine.it\/home_desk\/wp-json\/wp\/v2\/types\/post"}],"author":[{"embeddable":true,"href":"https:\/\/imagazine.it\/home_desk\/wp-json\/wp\/v2\/users\/28"}],"replies":[{"embeddable":true,"href":"https:\/\/imagazine.it\/home_desk\/wp-json\/wp\/v2\/comments?post=44085"}],"version-history":[{"count":0,"href":"https:\/\/imagazine.it\/home_desk\/wp-json\/wp\/v2\/posts\/44085\/revisions"}],"wp:featuredmedia":[{"embeddable":true,"href":"https:\/\/imagazine.it\/home_desk\/wp-json\/wp\/v2\/media\/44086"}],"wp:attachment":[{"href":"https:\/\/imagazine.it\/home_desk\/wp-json\/wp\/v2\/media?parent=44085"}],"wp:term":[{"taxonomy":"category","embeddable":true,"href":"https:\/\/imagazine.it\/home_desk\/wp-json\/wp\/v2\/categories?post=44085"},{"taxonomy":"post_tag","embeddable":true,"href":"https:\/\/imagazine.it\/home_desk\/wp-json\/wp\/v2\/tags?post=44085"}],"curies":[{"name":"wp","href":"https:\/\/api.w.org\/{rel}","templated":true}]}}