{"id":44081,"date":"2022-06-30T00:00:00","date_gmt":"2022-06-29T23:00:00","guid":{"rendered":"https:\/\/imagazine.it\/?p=44081"},"modified":"2022-06-30T00:00:00","modified_gmt":"2022-06-29T23:00:00","slug":"a-udine-le-misurazioni-ad-altissima-precisione","status":"publish","type":"post","link":"https:\/\/imagazine.it\/home_desk\/a-udine-le-misurazioni-ad-altissima-precisione\/","title":{"rendered":"A Udine le misurazioni ad altissima precisione"},"content":{"rendered":"<p> \t<strong>Contribuire alla produzione a zero difetti<\/strong>. \u00c8 l\u2019<strong>obiettivo<\/strong> dell\u2019attivit\u00e0 della <strong>nuova Sala metrologica per misurazioni ad altissima precisione<\/strong> <strong>del<\/strong> Laboratorio di meccatronica avanzata <strong>Lama Fvg<\/strong>, insediato nell\u2019<strong>Uniud Lab Village <\/strong>dell\u2019Universit\u00e0 di Udine. Uno spazio tecnologico con <strong>attrezzature avanzate del valore di circa 400 mila euro<\/strong>, di cui <strong>150 mila finanziati dalla Regione Friuli Venezia Giulia<\/strong>. La Sala, <strong>inaugurata oggi<\/strong>, \u00e8 destinata alle <strong>attivit\u00e0 di ricerca e sviluppo<\/strong>, anche <strong>con aziende manifatturiere<\/strong> del territorio, in particolare dei <strong>settori automotive, medicale e metalmeccanico<\/strong>.<\/p>\n<p> \tLa Sala metrologica completa la dotazione del laboratorio Lama Fvg. Permette infatti la misurazione dei pezzi, la verifica della qualit\u00e0 di forma e superficie, e misure per la certificazione della qualit\u00e0 sia su prodotti ottenuti da stampa 3D \u2013 principale ambito del laboratorio \u2013 che da altre tecnologie di fabbricazione convenzionali.<\/p>\n<p> \tLa Sala \u00e8 provvista di una macchina di misura a coordinate a portale e di uno scanner laser mobile modello a 7 assi su treppiede. \u00c8 stato inoltre installato un profilometro ottico a 5 assi all\u2019avanguardia, per la caratterizzazione geometrica e di superfici di componenti meccanici, acquisito grazie al finanziamento della Regione.<\/p>\n<p> \tLa struttura nasce da una collaborazione del Dipartimento politecnico di ingegneria e architettura con la multinazionale Hexagon, che ha contribuito con attrezzature (in comodato d\u2019uso gratuito) del valore di circa 250 mila euro. L\u2019accordo \u00e8 stato agevolato da AlmaTec, azienda locale che rappresenta la multinazionale che ha contribuito alla realizzazione della sala.<\/p>\n<p> \tAll\u2019inaugurazione sono intervenuti il direttore del Dipartimento politecnico di ingegneria e architettura dell\u2019Ateneo, <strong>Alessandro Gasparetto<\/strong>, il responsabile del laboratorio Lama Fvg, <strong>Marco Sortino<\/strong>; il vice presidente di Confindustria Udine, con delega all\u2019innovazione, <strong>Dino Feragotto<\/strong>, e il responsabile marketing e comunicazione di Hexagon Italia, <strong>Levio Valetti<\/strong>. Hanno portato un breve saluto anche <strong>Alberto Felice De Toni<\/strong>, che vide nasce Lama Fvg sei anni fa in qualit\u00e0 di rettore, e <strong>Piero Pace<\/strong> di <strong>AlmaTec<\/strong>.<\/p>\n<p> \t\u00abLa sala metrologica \u2013 ha dichiarato <strong>Alessandro<\/strong> <strong>Gasparetto<\/strong> \u2013 \u00e8 un esempio virtuoso di collaborazione tra universit\u00e0 e azienda. Il Lama Fvg, attivo dal 2016, \u00e8 un laboratorio che ha acquisito una rilevanza anche oltre l\u2019ambito regionale per la sua attivit\u00e0 di ricerca scientifica svolta anche in collaborazione con realt\u00e0 aziendali. Esso costituisce un punto di riferimento anche per gli altri laboratori presenti all\u2019interno dell\u2019Uniud Lab Village, che il Dipartimento Politecnico di Ingegneria e Architettura e tutto l\u2019Ateneo stanno sostenendo con un grande piano di sviluppo\u00bb.<\/p>\n<p> \tPer <strong>Marco Sortino<\/strong> \u00abquesta installazione rappresenta un nuovo, importante, passo di sviluppo del concetto del Lab Village ed in particolare di Lama Fvg. Ringraziamo e rendiamo merito ad Hexagon e AlmaTec di avere creduto ed investito in questo progetto, i cui risultati andranno a beneficio sia della popolazione universitaria che del sistema economico territoriale. Sono gi\u00e0 molte le aziende del territorio che, non essendo strutturate per dotarsi di queste tecnologie in proprio, si avvalgono della nuova sala metrologica per i progetti di innovazione. Questo modello di collaborazione \u2013 ha sottolineato <strong>Sortino<\/strong> \u2013 \u00e8 vincente e lo stiamo proponendo ad altri partner di eccellenza in altri ambiti tecnologici di potenziale interesse delle piccole e medie imprese regionali\u00bb.<\/p>\n<p> \t\u00abContinua la crescita del progetto Uniud Lab Village dove Universit\u00e0 ed impresa lavorano insieme \u2013 ha messo in evidenza <strong>Feragotto<\/strong> \u2013 per rendere concreta l\u2019eccellenza scientifica, tradurla in competitivit\u00e0 industriale e innovazione, per un pi\u00f9 alto livello di competenza, impiegabilit\u00e0 e attrazione dei giovani laureati, che qui hanno l\u2019opportunit\u00e0 di toccare con mano e in anticipo le tecnologie innovative applicate all\u2019attivit\u00e0 d\u2019impresa. Due messaggi molto diretti, vorrei lanciare. E anche formulare un auspicio. Il primo messaggio \u00e8 rivolto ai ragazzi: a loro dico che gli studenti all\u2019Universit\u00e0 di Udine trovano un contesto di studio, ricerca e collaborazione con le imprese unico. Il secondo messaggio \u00e8 indirizzato alle aziende, soprattutto alle piccole, che sono la maggioranza nel nostro territorio: fatevi avanti e utilizzate questi laboratori. L\u2019auspicio, infine, \u00e8 che questo luogo possa diventare anche un generatore di nuova impresa. Nel Lab Village sono gi\u00e0 presenti startup e spin off universitari di rilievo. Dobbiamo fare in modo che queste neo imprese prendano il volo\u00bb.<\/p>\n<p> \t<strong>Levio Valetti<\/strong> ha spiegato che \u00abper Hexagon essere parte di questo progetto \u00e8 un onore, ma significa anche essere parte di un\u2019istituzione formativa di alto livello e per noi questo \u00e8 di fondamentale importanza. Perch\u00e9 significa dare un apporto all\u2019avanzamento tecnologico e alla formazione del personale, che sar\u00e0 poi protagonista nell\u2019industria. Infatti, chi passer\u00e0 attraverso esperienze di ricerca, formazione e progettuali come il laboratorio Lama un domani potr\u00e0 essere un nostro potenziale collega nelle attivit\u00e0 ricerca e sviluppo oppure un nostro potenziale cliente\u00bb.<\/p>\n<p> \tL\u2019evento \u00e8 stato anche l\u2019occasione per fare il punto sulle prospettive delle aziende metalmeccaniche della regione. Un focus al quale hanno partecipato: Agostino Pettarini, dell\u2019omonima azienda di componentistica meccanica di precisione, che ha parlato della produzione a zero difetti Matteo Querini, di Eurolls, che ha illustrato l\u2019uso avanzato della simulazione per l\u2019innovazione di processo, e Marco Sortino, che ha spiegato le implementazioni e dimostrazioni avanzate possibili grazie all\u2019integrazione delle nuove macchine con la dotazione del Lama Fvg.<\/p>\n<p> \t<strong>Il Lama Fvg<\/strong> \u00e8 nato sei anni fa dalla collaborazione tra le universit\u00e0 di Udine e di Trieste e la Scuola internazionale superiore di studi avanzati (Sissa) del capoluogo giuliano. \u00c8 un centro internazionale di eccellenza per l\u2019innovazione industriale che si occupa, in collaborazione con importanti realt\u00e0 industriale, di automazione industriale avanzata, manutenzione predittiva e trasformazione di dati in valore attraverso applicazioni <em>digital twin<\/em>.<\/p>\n<p> \t\u00a0<\/p>\n","protected":false},"excerpt":{"rendered":"<p>Inaugurata la sala metrologica<\/p>\n","protected":false},"author":28,"featured_media":44082,"comment_status":"closed","ping_status":"closed","sticky":false,"template":"","format":"standard","meta":{"dwc-title":[],"dwc-content":[],"footnotes":""},"categories":[5],"tags":[],"class_list":["post-44081","post","type-post","status-publish","format-standard","has-post-thumbnail","hentry","category-attualita"],"rttpg_featured_image_url":{"full":["https:\/\/imagazine.it\/wp-content\/uploads\/2024\/01\/48606-1.webp",960,640,false],"landscape":["https:\/\/imagazine.it\/wp-content\/uploads\/2024\/01\/48606-1.webp",960,640,false],"portraits":["https:\/\/imagazine.it\/wp-content\/uploads\/2024\/01\/48606-1.webp",960,640,false],"thumbnail":["https:\/\/imagazine.it\/wp-content\/uploads\/2024\/01\/48606-1-150x150.webp",150,150,true],"medium":["https:\/\/imagazine.it\/wp-content\/uploads\/2024\/01\/48606-1-300x200.webp",300,200,true],"large":["https:\/\/imagazine.it\/wp-content\/uploads\/2024\/01\/48606-1.webp",640,427,false],"thumblist":["https:\/\/imagazine.it\/wp-content\/uploads\/2024\/01\/48606-1.webp",300,200,false],"thumbrelated":["https:\/\/imagazine.it\/wp-content\/uploads\/2024\/01\/48606-1.webp",500,333,false],"meccarouselthumb":["https:\/\/imagazine.it\/wp-content\/uploads\/2024\/01\/48606-1.webp",474,316,false],"gridsquare":["https:\/\/imagazine.it\/wp-content\/uploads\/2024\/01\/48606-1.webp",391,260,false],"tileview":["https:\/\/imagazine.it\/wp-content\/uploads\/2024\/01\/48606-1.webp",300,200,false],"1536x1536":["https:\/\/imagazine.it\/wp-content\/uploads\/2024\/01\/48606-1.webp",960,640,false],"2048x2048":["https:\/\/imagazine.it\/wp-content\/uploads\/2024\/01\/48606-1.webp",960,640,false],"newsup-slider-full":["https:\/\/imagazine.it\/wp-content\/uploads\/2024\/01\/48606-1.webp",960,640,false],"newsup-featured":["https:\/\/imagazine.it\/wp-content\/uploads\/2024\/01\/48606-1.webp",960,640,false],"newsup-medium":["https:\/\/imagazine.it\/wp-content\/uploads\/2024\/01\/48606-1-720x380.webp",720,380,true],"tptn_thumbnail":["https:\/\/imagazine.it\/wp-content\/uploads\/2024\/01\/48606-1.webp",250,167,false],"sow-carousel-default":["https:\/\/imagazine.it\/wp-content\/uploads\/2024\/01\/48606-1-272x182.webp",272,182,true]},"rttpg_author":{"display_name":"redazione","author_link":"https:\/\/imagazine.it\/home_desk\/author\/redazione\/"},"rttpg_comment":0,"rttpg_category":"<a href=\"https:\/\/imagazine.it\/home_desk\/category\/attualita\/\" rel=\"category tag\">ATTUALIT\u00c0<\/a>","rttpg_excerpt":"Inaugurata la sala metrologica","_links":{"self":[{"href":"https:\/\/imagazine.it\/home_desk\/wp-json\/wp\/v2\/posts\/44081","targetHints":{"allow":["GET"]}}],"collection":[{"href":"https:\/\/imagazine.it\/home_desk\/wp-json\/wp\/v2\/posts"}],"about":[{"href":"https:\/\/imagazine.it\/home_desk\/wp-json\/wp\/v2\/types\/post"}],"author":[{"embeddable":true,"href":"https:\/\/imagazine.it\/home_desk\/wp-json\/wp\/v2\/users\/28"}],"replies":[{"embeddable":true,"href":"https:\/\/imagazine.it\/home_desk\/wp-json\/wp\/v2\/comments?post=44081"}],"version-history":[{"count":0,"href":"https:\/\/imagazine.it\/home_desk\/wp-json\/wp\/v2\/posts\/44081\/revisions"}],"wp:featuredmedia":[{"embeddable":true,"href":"https:\/\/imagazine.it\/home_desk\/wp-json\/wp\/v2\/media\/44082"}],"wp:attachment":[{"href":"https:\/\/imagazine.it\/home_desk\/wp-json\/wp\/v2\/media?parent=44081"}],"wp:term":[{"taxonomy":"category","embeddable":true,"href":"https:\/\/imagazine.it\/home_desk\/wp-json\/wp\/v2\/categories?post=44081"},{"taxonomy":"post_tag","embeddable":true,"href":"https:\/\/imagazine.it\/home_desk\/wp-json\/wp\/v2\/tags?post=44081"}],"curies":[{"name":"wp","href":"https:\/\/api.w.org\/{rel}","templated":true}]}}