{"id":44054,"date":"2022-06-27T00:00:00","date_gmt":"2022-06-26T23:00:00","guid":{"rendered":"https:\/\/imagazine.it\/?p=44054"},"modified":"2022-06-27T00:00:00","modified_gmt":"2022-06-26T23:00:00","slug":"terzo-settore-sportelli-fvg-a-sostegno-dei-volontari","status":"publish","type":"post","link":"https:\/\/imagazine.it\/home_desk\/terzo-settore-sportelli-fvg-a-sostegno-dei-volontari\/","title":{"rendered":"Terzo settore: Sportelli FVG a sostegno dei volontari"},"content":{"rendered":"<p> \t\u00c8 stato presentato oggi il progetto \u201c<strong>Sportelli FVG<\/strong>\u201d, l\u2019iniziativa promossa da <strong>Federvol Fvg<\/strong> (Federazione del Volontariato del Friuli VG) e <strong>FISH<\/strong> (Federazione Italiana per il Superamento dell\u2019Handicap) grazie al quale, con la collaborazione di Confcooperative, verranno attivati <strong>4 sportelli regionali<\/strong> (presso le sedi territoriali dell\u2019organizzazione cooperativa) ai quali le realt\u00e0 del volontariato potranno rivolgersi per ricevere supporto, consulenza e informazioni amministrative e giuridiche, un\u2019esigenza sempre pi\u00f9 rilevante a seguito della riforma nazionale del terzo settore.<\/p>\n<p> \tUna rete regionale di supporto al mondo del volontariato che, in Regione, conta 2.700 realt\u00e0 che riuniscono, si stima, almeno 100.000 volontari.<\/p>\n<p> \tAlla presentazione e alla firma delle convenzioni tra le due organizzazioni del volontariato e i rappresentanti di Confcooperative, svoltasi nel palazzo della Federazione regionale delle Bcc, a <strong>Udine<\/strong>, era presente il vicepresidente della Regione e assessore regionale alla Salute, <strong>Riccardo Riccardi<\/strong>, i presidenti di Federvol Fvg e FISH Fvg, <strong>Edvige Tantin Ackermann<\/strong> e <strong>Giampiero Licinio<\/strong>, il presidente di Federsolidariet\u00e0 Confcooperative Fvg, <strong>Luca Fontana<\/strong>, e il coordinatore del progetto <strong>Pierpaolo Gregori<\/strong>. Presenti, inoltre, la presidente di Confcooperative Alpe Adria, <strong>Paola Benini<\/strong>, e il presidente di Confcooperative Pordenone, <strong>Luigi Piccoli<\/strong>, che, nel corso di una breve cerimonia, hanno sottoscritto le due convenzioni per l\u2019attuazione del progetto, dando il via all\u2019operativit\u00e0 degli sportelli.<\/p>\n<p> \t\u00abLe piccole associazioni di volontariato, quelle che hanno meno di 40 volontari attivi, hanno espresso la forte esigenza di disporre di servizi di accompagnamento, supporto e consulenza, formazione e informazione per le attivit\u00e0 amministrative e tecnico-giuridiche\u00bb, hanno dichiarato Ackermann e Licinio. \u00abIl sostegno di Confcooperative Fvg valorizza ulteriormente l&#39;iniziativa \u00e8 porta in dote al progetto riconosciute competenze e professionalit\u00e0\u00bb.<\/p>\n<p> \tIl coordinatore Gregori ha spiegato il contenuto del progetto: \u00abLe organizzazioni di volontariato della nostra Regione potranno rivolgersi a ciascuno dei quattro sportelli attivati presso gli uffici territoriali di Confcooperative Alpe Adria (per Trieste, Udine e Gorizia) e Confcooperative Pordenone (nel capoluogo della Destra Tagliamento); inoltre, \u00e8 gi\u00e0 attivo il sito web <u><a href=\"http:\/\/www.sportellifvg.it\" target=\"_blank\" rel=\"noopener\"><span style=\"color:#0000cd;\">www.sportellifvg.it<\/span><\/a><\/u>\u00bb.<\/p>\n<p> \t\u00abIl mondo del volontariato e del Terzo settore \u00e8 formato spesso da piccole realt\u00e0 che vanno sostenute affinch\u00e9 siano pronte ad affrontare la sfida della riforma del Terzo settore\u00bb, ha detto Luca Fontana, presidente di Federsolidariet\u00e0 Confcooperative Fvg (la Federazione delle cooperative sociali del sistema Confcooperative, con oltre 154 associate a livello regionale).<\/p>\n<p> \t\u00abAlla base del progetto &#39;Sportelli Fvg&#39; \u2013 ha affermato il vicepresidente con delega alla Cooperazione sociale e Terzo settore del Fvg, Riccardo Riccardi &#8211; c&#39;\u00e8 la volont\u00e0 di agevolare il lavoro del volontariato il cui contributo \u00e8 fondamentale come \u00e8 emerso anche durante la pandemia: senza il supporto di questo sistema, in primis quello della Protezione Civile, non avremo potuto dare un&#39;assistenza cos\u00ec capillare sul territorio come \u00e8 stato fatto. L&#39;iniziativa \u00e8 rivolta in particolare alle associazioni medio piccole per offrire loro strumenti e conoscenze adeguate ad accedere a tutte le opportunit\u00e0 che possono cogliere\u00bb.<\/p>\n<p> \tIn Friuli Venezia Giulia sono attive 1.496 associazioni di promozione sociale (Aps) di cui il 9 per cento opera in ambito sociosanitario, e ulteriori 1.235 organizzazioni di volontariato (Odv) di cui il 31 per cento opera in ambito sociosanitario. Federvol Fvg e FISH sono reti di volontariato cui aderiscono complessivamente 39 sodalizi.<\/p>\n<p> \t\u00a0<\/p>\n","protected":false},"excerpt":{"rendered":"<p>Sottoscritto un accordo con Confcooperative<\/p>\n","protected":false},"author":28,"featured_media":44055,"comment_status":"closed","ping_status":"closed","sticky":false,"template":"","format":"standard","meta":{"dwc-title":[],"dwc-content":[],"footnotes":""},"categories":[5],"tags":[],"class_list":["post-44054","post","type-post","status-publish","format-standard","has-post-thumbnail","hentry","category-attualita"],"rttpg_featured_image_url":{"full":["https:\/\/imagazine.it\/wp-content\/uploads\/2024\/01\/48540-1.webp",1024,768,false],"landscape":["https:\/\/imagazine.it\/wp-content\/uploads\/2024\/01\/48540-1.webp",1024,768,false],"portraits":["https:\/\/imagazine.it\/wp-content\/uploads\/2024\/01\/48540-1.webp",1024,768,false],"thumbnail":["https:\/\/imagazine.it\/wp-content\/uploads\/2024\/01\/48540-1-150x150.webp",150,150,true],"medium":["https:\/\/imagazine.it\/wp-content\/uploads\/2024\/01\/48540-1-300x225.webp",300,225,true],"large":["https:\/\/imagazine.it\/wp-content\/uploads\/2024\/01\/48540-1.webp",640,480,false],"thumblist":["https:\/\/imagazine.it\/wp-content\/uploads\/2024\/01\/48540-1.webp",300,225,false],"thumbrelated":["https:\/\/imagazine.it\/wp-content\/uploads\/2024\/01\/48540-1.webp",500,375,false],"meccarouselthumb":["https:\/\/imagazine.it\/wp-content\/uploads\/2024\/01\/48540-1.webp",432,324,false],"gridsquare":["https:\/\/imagazine.it\/wp-content\/uploads\/2024\/01\/48540-1.webp",347,260,false],"tileview":["https:\/\/imagazine.it\/wp-content\/uploads\/2024\/01\/48540-1.webp",300,225,false],"1536x1536":["https:\/\/imagazine.it\/wp-content\/uploads\/2024\/01\/48540-1.webp",1024,768,false],"2048x2048":["https:\/\/imagazine.it\/wp-content\/uploads\/2024\/01\/48540-1.webp",1024,768,false],"newsup-slider-full":["https:\/\/imagazine.it\/wp-content\/uploads\/2024\/01\/48540-1-1024x720.webp",1024,720,true],"newsup-featured":["https:\/\/imagazine.it\/wp-content\/uploads\/2024\/01\/48540-1.webp",1024,768,false],"newsup-medium":["https:\/\/imagazine.it\/wp-content\/uploads\/2024\/01\/48540-1-720x380.webp",720,380,true],"tptn_thumbnail":["https:\/\/imagazine.it\/wp-content\/uploads\/2024\/01\/48540-1.webp",250,188,false],"sow-carousel-default":["https:\/\/imagazine.it\/wp-content\/uploads\/2024\/01\/48540-1-272x182.webp",272,182,true]},"rttpg_author":{"display_name":"redazione","author_link":"https:\/\/imagazine.it\/home_desk\/author\/redazione\/"},"rttpg_comment":0,"rttpg_category":"<a href=\"https:\/\/imagazine.it\/home_desk\/category\/attualita\/\" rel=\"category tag\">ATTUALIT\u00c0<\/a>","rttpg_excerpt":"Sottoscritto un accordo con Confcooperative","_links":{"self":[{"href":"https:\/\/imagazine.it\/home_desk\/wp-json\/wp\/v2\/posts\/44054","targetHints":{"allow":["GET"]}}],"collection":[{"href":"https:\/\/imagazine.it\/home_desk\/wp-json\/wp\/v2\/posts"}],"about":[{"href":"https:\/\/imagazine.it\/home_desk\/wp-json\/wp\/v2\/types\/post"}],"author":[{"embeddable":true,"href":"https:\/\/imagazine.it\/home_desk\/wp-json\/wp\/v2\/users\/28"}],"replies":[{"embeddable":true,"href":"https:\/\/imagazine.it\/home_desk\/wp-json\/wp\/v2\/comments?post=44054"}],"version-history":[{"count":0,"href":"https:\/\/imagazine.it\/home_desk\/wp-json\/wp\/v2\/posts\/44054\/revisions"}],"wp:featuredmedia":[{"embeddable":true,"href":"https:\/\/imagazine.it\/home_desk\/wp-json\/wp\/v2\/media\/44055"}],"wp:attachment":[{"href":"https:\/\/imagazine.it\/home_desk\/wp-json\/wp\/v2\/media?parent=44054"}],"wp:term":[{"taxonomy":"category","embeddable":true,"href":"https:\/\/imagazine.it\/home_desk\/wp-json\/wp\/v2\/categories?post=44054"},{"taxonomy":"post_tag","embeddable":true,"href":"https:\/\/imagazine.it\/home_desk\/wp-json\/wp\/v2\/tags?post=44054"}],"curies":[{"name":"wp","href":"https:\/\/api.w.org\/{rel}","templated":true}]}}