{"id":44050,"date":"2022-06-27T00:00:00","date_gmt":"2022-06-26T23:00:00","guid":{"rendered":"https:\/\/imagazine.it\/?p=44050"},"modified":"2022-06-27T00:00:00","modified_gmt":"2022-06-26T23:00:00","slug":"larcidiocesi-di-gorizia-piange-don-graziano-marini","status":"publish","type":"post","link":"https:\/\/imagazine.it\/home_desk\/larcidiocesi-di-gorizia-piange-don-graziano-marini\/","title":{"rendered":"L&#8217;Arcidiocesi di Gorizia piange don Graziano Marini"},"content":{"rendered":"<p> \t\u00c8 spirato questa notte all\u2019ospedale di <strong>Gorizia<\/strong>, dove era ricoverato da alcuni giorni, il sacerdote diocesano <strong>don Graziano Marini<\/strong>. Lo ha reso noto l&#39;Arcidiocesi di Gorizia attraverso una <u><a href=\"http:\/\/www.gorizia.chiesacattolica.it\/blog\/don-graziano-marini-nella-luce-del-risorto\/\" target=\"_blank\" rel=\"noopener\"><span style=\"color:#0000cd;\">nota sul proprio sito web<\/span><\/a><\/u>.<\/p>\n<p> \tNato a <strong>Romans<\/strong> il 18 aprile 1928, era stato ordinato sacerdote 1952 nella chiesa dell\u2019Immacolata del Seminario Minore a Gorizia dall\u2019arcivescovo mons. Giacinto Ambrosi.<\/p>\n<p> \tI primi anni del suo ministero lo avevano visto cooperatore a S. Valentino di Fiumicello (1952), a S. Ambrogio a Monfalcone (1956), a Grado (1957), ad Aiello del Friuli (1957), ai SS. Nicol\u00f2 e Paolo a Monfalcone (1964) e a Scodovacca (1965).<\/p>\n<p> \tNel gennaio del 1973 era giunta la nomina a parroco di Turriaco: nel paese della Bisiacaria rimase per un quarto di secolo, sino al 1998, rivestendo anche le cariche di Decano del decanato di Ronchi (dal 1993 al 1998) e di Membro del Collegio dei Consultori (dal 1994 al 1999).<\/p>\n<p> \tNel 1993 l\u2019arcivescovo padre Antonio Vitale Bommarco lo volle come direttore alla guida della Fondazione \u201cSociet\u00e0 per la conservazione della basilica di Aquileia\u201d, incarico mantenuto per un decennio sino al 2003 e a cui si affianc\u00f2 anche il ruolo di Coordinatore diocesano per il Giubileo del 2000.<\/p>\n<p> \tSotto la sua direzione sono state numerose le iniziative volte a valorizzare la basilica come centro spirituale, artistico e culturale. Fu lui, ad esempio, a seguire la posa in opera delle passerelle in vetro che permettono oggi al visitatore di ammirare nella sua interezza e bellezza il mosaico al centro del tempio ma anche a dare vita all\u2019iniziativa editoriale del \u201c<em>Corpus Scriptorum Ecclesiae Aquileiensis<\/em>\u201d, a organizzare le prime edizioni della Stagione estiva dei concerti con solisti e gruppi corali di fama internazionale e a proporre serate di approfondimenti storico \u2013 teologico su quanto rappresentato dalla Chiesa aquileiese nella diffusione del Vangelo nell\u2019Europa centrale. Un amore per Aquileia attestato anche dai volumi sulla basilica curati in prima persona.<\/p>\n<p> \tUna volta cessato l\u2019incarico alla guida della So.Co.Ba. si era ritirato nella \u201csua\u201d Romans, continuando ad assicurare ai sacerdoti che si sono susseguiti nella guida di quella parrocchia un fondamentale aiuto per la celebrazione delle messe e gli impegni pastorali.<\/p>\n<p> \tNell\u2019ultimo periodo era stato accolto presso la Comunit\u00e0 sacerdotale di Gorizia dove \u00e8 stato seguito sino al momento dell\u2019ultimo ricovero.<\/p>\n<p> \tI funerali di don Graziano Marini saranno presieduti dall&#39;arcivescovo <strong>mons. Carlo Roberto Maria Redaelli venerd\u00ec 1\u00b0 luglio alle 10.30<\/strong> nella basilica patriarcale di <strong>Aquileia<\/strong>. Seguir\u00e0 la sepoltura nel cimitero di Romans d&#39;Isonzo. L&#39;Unit\u00e0 pastorale di Cormons &#8211; Gradisca lo ricorder\u00e0 gioved\u00ec 30 giugno alle 20 nella chiesa di S. Andrea a Versa con la preghiera del Rosario e luned\u00ec 4 luglio alle ore 18 in Sala Galupin a Romans per la messa in die septima.<\/p>\n","protected":false},"excerpt":{"rendered":"<p>Spirato all&#8217;ospedale di Gorizia<\/p>\n","protected":false},"author":28,"featured_media":44051,"comment_status":"closed","ping_status":"closed","sticky":false,"template":"","format":"standard","meta":{"dwc-title":[],"dwc-content":[],"footnotes":""},"categories":[5],"tags":[],"class_list":["post-44050","post","type-post","status-publish","format-standard","has-post-thumbnail","hentry","category-attualita"],"rttpg_featured_image_url":{"full":["https:\/\/imagazine.it\/wp-content\/uploads\/2024\/01\/48532-1.webp",900,657,false],"landscape":["https:\/\/imagazine.it\/wp-content\/uploads\/2024\/01\/48532-1.webp",900,657,false],"portraits":["https:\/\/imagazine.it\/wp-content\/uploads\/2024\/01\/48532-1.webp",900,657,false],"thumbnail":["https:\/\/imagazine.it\/wp-content\/uploads\/2024\/01\/48532-1-150x150.webp",150,150,true],"medium":["https:\/\/imagazine.it\/wp-content\/uploads\/2024\/01\/48532-1-300x219.webp",300,219,true],"large":["https:\/\/imagazine.it\/wp-content\/uploads\/2024\/01\/48532-1.webp",640,467,false],"thumblist":["https:\/\/imagazine.it\/wp-content\/uploads\/2024\/01\/48532-1.webp",300,219,false],"thumbrelated":["https:\/\/imagazine.it\/wp-content\/uploads\/2024\/01\/48532-1.webp",500,365,false],"meccarouselthumb":["https:\/\/imagazine.it\/wp-content\/uploads\/2024\/01\/48532-1.webp",444,324,false],"gridsquare":["https:\/\/imagazine.it\/wp-content\/uploads\/2024\/01\/48532-1.webp",356,260,false],"tileview":["https:\/\/imagazine.it\/wp-content\/uploads\/2024\/01\/48532-1.webp",300,219,false],"1536x1536":["https:\/\/imagazine.it\/wp-content\/uploads\/2024\/01\/48532-1.webp",900,657,false],"2048x2048":["https:\/\/imagazine.it\/wp-content\/uploads\/2024\/01\/48532-1.webp",900,657,false],"newsup-slider-full":["https:\/\/imagazine.it\/wp-content\/uploads\/2024\/01\/48532-1.webp",900,657,false],"newsup-featured":["https:\/\/imagazine.it\/wp-content\/uploads\/2024\/01\/48532-1.webp",900,657,false],"newsup-medium":["https:\/\/imagazine.it\/wp-content\/uploads\/2024\/01\/48532-1-720x380.webp",720,380,true],"tptn_thumbnail":["https:\/\/imagazine.it\/wp-content\/uploads\/2024\/01\/48532-1.webp",250,183,false],"sow-carousel-default":["https:\/\/imagazine.it\/wp-content\/uploads\/2024\/01\/48532-1-272x182.webp",272,182,true]},"rttpg_author":{"display_name":"redazione","author_link":"https:\/\/imagazine.it\/home_desk\/author\/redazione\/"},"rttpg_comment":0,"rttpg_category":"<a href=\"https:\/\/imagazine.it\/home_desk\/category\/attualita\/\" rel=\"category tag\">ATTUALIT\u00c0<\/a>","rttpg_excerpt":"Spirato all'ospedale di Gorizia","_links":{"self":[{"href":"https:\/\/imagazine.it\/home_desk\/wp-json\/wp\/v2\/posts\/44050","targetHints":{"allow":["GET"]}}],"collection":[{"href":"https:\/\/imagazine.it\/home_desk\/wp-json\/wp\/v2\/posts"}],"about":[{"href":"https:\/\/imagazine.it\/home_desk\/wp-json\/wp\/v2\/types\/post"}],"author":[{"embeddable":true,"href":"https:\/\/imagazine.it\/home_desk\/wp-json\/wp\/v2\/users\/28"}],"replies":[{"embeddable":true,"href":"https:\/\/imagazine.it\/home_desk\/wp-json\/wp\/v2\/comments?post=44050"}],"version-history":[{"count":0,"href":"https:\/\/imagazine.it\/home_desk\/wp-json\/wp\/v2\/posts\/44050\/revisions"}],"wp:featuredmedia":[{"embeddable":true,"href":"https:\/\/imagazine.it\/home_desk\/wp-json\/wp\/v2\/media\/44051"}],"wp:attachment":[{"href":"https:\/\/imagazine.it\/home_desk\/wp-json\/wp\/v2\/media?parent=44050"}],"wp:term":[{"taxonomy":"category","embeddable":true,"href":"https:\/\/imagazine.it\/home_desk\/wp-json\/wp\/v2\/categories?post=44050"},{"taxonomy":"post_tag","embeddable":true,"href":"https:\/\/imagazine.it\/home_desk\/wp-json\/wp\/v2\/tags?post=44050"}],"curies":[{"name":"wp","href":"https:\/\/api.w.org\/{rel}","templated":true}]}}