{"id":44026,"date":"2022-06-23T00:00:00","date_gmt":"2022-06-22T23:00:00","guid":{"rendered":"https:\/\/imagazine.it\/?p=44026"},"modified":"2022-06-23T00:00:00","modified_gmt":"2022-06-22T23:00:00","slug":"porto-nogaro-transizione-ecologica-per-sviluppare-lintermodalita","status":"publish","type":"post","link":"https:\/\/imagazine.it\/home_desk\/porto-nogaro-transizione-ecologica-per-sviluppare-lintermodalita\/","title":{"rendered":"Porto Nogaro, transizione ecologica per sviluppare l&#8217;intermodalit\u00e0"},"content":{"rendered":"<p> \tInaugurate oggi a Porto Margreth a <strong>San Giorgio di Nogaro<\/strong>, alla presenza dei partner e delle autorit\u00e0, le azioni pilota che il Cosef, Consorzio di sviluppo economico del Friuli, ha realizzato in partnership con l&#39;Autorit\u00e0 di Sistema Portuale del Mare Adriatico Orientale, e con il sostegno della Regione Fvg, nell&#39;ambito di due progetti europei sulla decarbonizzazione delle attivit\u00e0 portuali: Susport (finanziato dal programma\u00a0interreg Italia-Croazia), che si chiuder\u00e0 l&#39;anno prossimo, e Cleanberth (finanziato dal\u00a0programma Interreg Italia-Slovenia),\u00a0che si completer\u00e0 alla fine di agosto.<\/p>\n<p> \tGli interventi hanno comportato la ristrutturazione completa con efficientamento energetico della palazzina servizi di Porto Nogaro, con l&#39;isolamento\u00a0a cappotto, la sostituzione di infissi, l&#39;installazione di pannelli solari fotovoltaici e termici, e inoltre la sostituzione gli impianti di\u00a0illuminazione perimetrale, interna e delle tettoie del Porto con dispositivi a led.<\/p>\n<p> \t\u201cSiamo molto soddisfatti perch\u00e9 abbiamo raggiunto l&#39;obiettivo della sostenibilit\u00e0 e del risparmio energetico \u2013 ha dichiarato il presidente del Consorzio, <strong>Claudio Gottardo<\/strong> \u2013 in un&#39;area che riteniamo strategica in funzione del trasporto intermodale che dovrebbe essere un altro asset per la transizione ecologica, in quanto bisogna togliere i camion dalle strade e potenziare i porti\u201d.<\/p>\n<p> \tDopo la visita alla palazzina, che ospita gli uffici del Cosef, pi\u00f9 quelli di tutti gli operatori portuali, agenzie marittime, piloti, ormeggiatori, guardia di finanza, capitaneria, guidata dal Rup <strong>Gianluca De Cecco<\/strong>, si \u00e8 svolta la cerimonia inaugurale, introdotta da <strong>Emiliano Conchin<\/strong>, responsabile commerciale e marketing del Cosef.<\/p>\n<p> \tPrima del taglio del nastro, sono intervenuti, oltre al presidente del Consorzio, Claudio Gottardo, il sindaco di San Giorgio di Nogaro, <strong>Pietro Del Frate<\/strong>, accompagnato dall&#39;assessore comunale alle Attivit\u00e0 economiche, <strong>Sara Serato<\/strong>, il responsabile dei progetti europei per l&#39;Autorit\u00e0 di Sistema Portuale del Mare Adriatico Orientale, <strong>Alberto Cozzi<\/strong>, il direttore del Cosef, <strong>Roberto Tom\u00e8<\/strong>.<\/p>\n<p> \t\u201cApprezziamo molto l&#39;iniziativa portata avanti dal Cosef \u2013 ha dichiarato il sindaco Del Frate \u2013 con l&#39;obiettivo di riqualificare questa palazzina che verr\u00e0 dedicata ai servizi rivolti alla comunit\u00e0, e che diverr\u00e0 un punto di riferimento per la zona industriale dell&#39;Aussa Corno, per l&#39;intera Bassa Friulana e per tutti gli operatori economici che sono interessati al porto o che usufruiscono dei servizi in loco. Ci auguriamo che il Cosef possa presto dislocare qui del personale per avere uno &#39;sportello&#39; per le aziende operanti sul territorio\u201d. Il presidente Gottardo, da parte sua, ha subito raccolto l&#39;invito, dicendo che gli uffici del Cosef non tarderanno ad essere pienamente operativi.<\/p>\n<p> \t\u201cIl Cosef \u00e8 stato un partner molto efficiente \u2013 ha affermato Alberto Cozzi dell&#39;Autorit\u00e0 di Sistema Portuale \u2013 sono state realizzate tutte le attivit\u00e0 nei tempi previsti spendendo bene la sua parte di risorse a disposizione, 750.000 euro sui 7,8 milioni complessivi previsti per i due progetti. Un segnale importante e un esempio per tutti i porti dell&#39;Alto Adriatico che sono stati duramente colpiti dalla crisi dovuta alla guerra in Ucraina, e che ora devono fare sistema e attrezzarsi al meglio per guardare al futuro\u201d.<\/p>\n<p> \tIl direttore del Cosef, Tom\u00e8, ha delineato in chiusura i futuri interventi del Cosef nell&#39;area. \u201cGrazie a un finanziamento di 2,5 milioni ottenuto dalla Regione \u2013 ha sottolineato \u2013 miglioreremo ulteriormente la viabilit\u00e0 di accesso al Porto, con una rotatoria e un parcheggio\u201d.<\/p>\n<p> \t\u00a0<\/p>\n","protected":false},"excerpt":{"rendered":"<p>Completati gli inteventi<\/p>\n","protected":false},"author":28,"featured_media":44027,"comment_status":"closed","ping_status":"closed","sticky":false,"template":"","format":"standard","meta":{"dwc-title":[],"dwc-content":[],"footnotes":""},"categories":[5],"tags":[],"class_list":["post-44026","post","type-post","status-publish","format-standard","has-post-thumbnail","hentry","category-attualita"],"rttpg_featured_image_url":{"full":["https:\/\/imagazine.it\/wp-content\/uploads\/2024\/01\/48488-1.webp",1000,750,false],"landscape":["https:\/\/imagazine.it\/wp-content\/uploads\/2024\/01\/48488-1.webp",1000,750,false],"portraits":["https:\/\/imagazine.it\/wp-content\/uploads\/2024\/01\/48488-1.webp",1000,750,false],"thumbnail":["https:\/\/imagazine.it\/wp-content\/uploads\/2024\/01\/48488-1-150x150.webp",150,150,true],"medium":["https:\/\/imagazine.it\/wp-content\/uploads\/2024\/01\/48488-1-300x225.webp",300,225,true],"large":["https:\/\/imagazine.it\/wp-content\/uploads\/2024\/01\/48488-1.webp",640,480,false],"thumblist":["https:\/\/imagazine.it\/wp-content\/uploads\/2024\/01\/48488-1.webp",300,225,false],"thumbrelated":["https:\/\/imagazine.it\/wp-content\/uploads\/2024\/01\/48488-1.webp",500,375,false],"meccarouselthumb":["https:\/\/imagazine.it\/wp-content\/uploads\/2024\/01\/48488-1.webp",432,324,false],"gridsquare":["https:\/\/imagazine.it\/wp-content\/uploads\/2024\/01\/48488-1.webp",347,260,false],"tileview":["https:\/\/imagazine.it\/wp-content\/uploads\/2024\/01\/48488-1.webp",300,225,false],"1536x1536":["https:\/\/imagazine.it\/wp-content\/uploads\/2024\/01\/48488-1.webp",1000,750,false],"2048x2048":["https:\/\/imagazine.it\/wp-content\/uploads\/2024\/01\/48488-1.webp",1000,750,false],"newsup-slider-full":["https:\/\/imagazine.it\/wp-content\/uploads\/2024\/01\/48488-1-1000x720.webp",1000,720,true],"newsup-featured":["https:\/\/imagazine.it\/wp-content\/uploads\/2024\/01\/48488-1.webp",1000,750,false],"newsup-medium":["https:\/\/imagazine.it\/wp-content\/uploads\/2024\/01\/48488-1-720x380.webp",720,380,true],"tptn_thumbnail":["https:\/\/imagazine.it\/wp-content\/uploads\/2024\/01\/48488-1.webp",250,188,false],"sow-carousel-default":["https:\/\/imagazine.it\/wp-content\/uploads\/2024\/01\/48488-1-272x182.webp",272,182,true]},"rttpg_author":{"display_name":"redazione","author_link":"https:\/\/imagazine.it\/home_desk\/author\/redazione\/"},"rttpg_comment":0,"rttpg_category":"<a href=\"https:\/\/imagazine.it\/home_desk\/category\/attualita\/\" rel=\"category tag\">ATTUALIT\u00c0<\/a>","rttpg_excerpt":"Completati gli inteventi","_links":{"self":[{"href":"https:\/\/imagazine.it\/home_desk\/wp-json\/wp\/v2\/posts\/44026","targetHints":{"allow":["GET"]}}],"collection":[{"href":"https:\/\/imagazine.it\/home_desk\/wp-json\/wp\/v2\/posts"}],"about":[{"href":"https:\/\/imagazine.it\/home_desk\/wp-json\/wp\/v2\/types\/post"}],"author":[{"embeddable":true,"href":"https:\/\/imagazine.it\/home_desk\/wp-json\/wp\/v2\/users\/28"}],"replies":[{"embeddable":true,"href":"https:\/\/imagazine.it\/home_desk\/wp-json\/wp\/v2\/comments?post=44026"}],"version-history":[{"count":0,"href":"https:\/\/imagazine.it\/home_desk\/wp-json\/wp\/v2\/posts\/44026\/revisions"}],"wp:featuredmedia":[{"embeddable":true,"href":"https:\/\/imagazine.it\/home_desk\/wp-json\/wp\/v2\/media\/44027"}],"wp:attachment":[{"href":"https:\/\/imagazine.it\/home_desk\/wp-json\/wp\/v2\/media?parent=44026"}],"wp:term":[{"taxonomy":"category","embeddable":true,"href":"https:\/\/imagazine.it\/home_desk\/wp-json\/wp\/v2\/categories?post=44026"},{"taxonomy":"post_tag","embeddable":true,"href":"https:\/\/imagazine.it\/home_desk\/wp-json\/wp\/v2\/tags?post=44026"}],"curies":[{"name":"wp","href":"https:\/\/api.w.org\/{rel}","templated":true}]}}