{"id":44016,"date":"2022-06-22T00:00:00","date_gmt":"2022-06-21T23:00:00","guid":{"rendered":"https:\/\/imagazine.it\/?p=44016"},"modified":"2022-06-22T00:00:00","modified_gmt":"2022-06-21T23:00:00","slug":"suns-europe-si-svela-tra-tradizione-e-novita","status":"publish","type":"post","link":"https:\/\/imagazine.it\/home_desk\/suns-europe-si-svela-tra-tradizione-e-novita\/","title":{"rendered":"Suns Europe si svela tra tradizione e novit\u00e0"},"content":{"rendered":"<p> \tPresentato a <strong>Udine<\/strong> <strong><em>Suns Europe<\/em><\/strong>, il festival delle arti in lingua minorizzata &#8211; organizzato dalla cooperativa Informazione Friulana, col sostegno finanziario della Regione Friuli Venezia Giulia, dell&#39;ARLeF &#8211; Agjenzie Regjon\u00e2l pe Lenghe Furlane, del Comune di Udine, della Fondazione Friuli e la collaborazione\u00a0dell&#39;Istituto Basco Etxepare e di numerosi soggetti pubblici e privati, locali e internazionali.<\/p>\n<p> \tDopo un\u2019anteprima in collaborazione con il CEC di Udine (la proiezione al Visionario del film catalano \u00abAlcarr\u00e0s\u00bb \u2013 vincitore dell\u2019Orso d\u2019Oro al festival di Berlino \u2013 anche in lingua originale), quest\u2019anno la rassegna <strong>prender\u00e0 il via il 30 giugno, per chiudersi il 26 novembre<\/strong>.<\/p>\n<p> \tAlla conferenza stampa di presentazione sono intervenuti <strong>Pierpaolo Roberti<\/strong>, assessore regionale con delega alle lingue minoritarie; <strong>Fabrizio Cigolot<\/strong>, assessore alla cultura del Comune di Udine; <strong>Eros Cisilino<\/strong>, presidente dell\u2019ARLeF &#8211; Agjenzie Regjon\u00e2l pe Lenghe Furlane; <strong>Carlo Puppo<\/strong>, presidente della cooperativa Informazione Friulana e <strong>Leo Virgili<\/strong>, direttore artistico del Festival.<\/p>\n<p> \tL\u2019ottava edizione di Suns Europe sar\u00e0 quindi un mash up fra il format originario, che si svolgeva fra novembre e dicembre, e quello \u201cnuovo\u201d, estivo, imposto dalla pandemia. Il Festival sar\u00e0 anche quest\u2019anno itinerante, coinvolgendo otto Comuni del Friuli (Artegna, Cormons, Fagagna, Mortegliano, Moruzzo, Pozzuolo del Friuli, Romans d\u2019Isonzo, Udine) in undici eventi (che diventeranno di pi\u00f9 con la sezione autunnale). Gli ospiti saranno una trentina, al momento. Il numero definitivo non pu\u00f2 ancora essere stabilito con precisione perch\u00e9 non \u00e8 ancora stato individuato il cast che animer\u00e0 il Teatro Nuovo Giovanni da Udine il 26 novembre, per il concerto finale.<\/p>\n<p> \tGi\u00e0 in estate, per\u00f2, non mancheranno le presenze extra Friuli con alcuni dei protagonisti del calendario provenienti da Occitania, Sardegna, Galles e Paese Basco.<\/p>\n<p> \t\u00a0<\/p>\n<p> \t<strong>GLI APPUNTAMENTI ESTIVI DI SUNS EUROPE 2022 (<em><u>tutti a ingresso libero<\/u><\/em>)<\/strong><\/p>\n<p> \t<strong>30 giugno, alle 21,<\/strong><\/p>\n<p> \tLoris Vescovo (Friuli) &#8211; concerto targato Suns Fri\u00fbl<\/p>\n<p> \tPiazza Libert\u00e0, Udine (Teatro Palamostre in caso di pioggia)<\/p>\n<p> \t<strong>1 luglio, alle 19<\/strong><\/p>\n<p> \t\u00ab\u00c8 begut de libertat\u2026\u00bb con Alid\u00e9 Sans (Occitania-Val di Aran) &#8211; incontro<\/p>\n<p> \tVisio Garden, Visionario, Udine<\/p>\n<p> \t<strong>02 luglio, alle 21<\/strong><\/p>\n<p> \tAlid\u00e9 Sans (Occitania-Val di Aran) &#8211; concerto<\/p>\n<p> \tCjase di Catine, Villalta di Fagagna<\/p>\n<p> \t<strong>03 luglio,<\/strong> <strong>alle 21<\/strong><\/p>\n<p> \tAlid\u00e9 Sans (Occitania-Val di Aran) &#8211; concerto<\/p>\n<p> \tCorte di via Canonica 25, a Lavariano (Auditorium in piazza \u201cS. Paolino\u201d, in caso di pioggia)<\/p>\n<p> \t<strong>07 luglio, alle 21<\/strong><\/p>\n<p> \tMeigama (Sardegna) &#8211; concerto<\/p>\n<p> \tForte di Santa Margherita del Gruagno, Moruzzo<\/p>\n<p> \t<strong>08 luglio,<\/strong> <strong>alle 21<\/strong><\/p>\n<p> \tCarwyn Ellis (Galles) &#8211; concerto<\/p>\n<p> \tColle di S. Martino, Artegna (in caso di pioggia Teatro Lavaroni)<\/p>\n<p> \t<strong>09 luglio, alle 21<\/strong><\/p>\n<p> \tMeigama (Sardegna) + Franco Giordani e Davide Tomasetig (Friuli)<\/p>\n<p> \tAzienda agricola Gradnik, Cormons<\/p>\n<p> \t<strong>10 luglio, alle 21<\/strong><\/p>\n<p> \tCarwyn Ellis (Galles) &#8211; concerto<\/p>\n<p> \tCorte della Casa della Musica di Pozzuolo del Friuli (all\u2019interno in caso di pioggia)<\/p>\n<p> \t<strong>13 luglio, alle 18<\/strong><\/p>\n<p> \t\u00abBestaldean\u00bb con Jaione Dorai e Ernesto Prat (Paese Basco) &#8211; presentazione<\/p>\n<p> \tLibreria Tarantola, Udine<\/p>\n<p> \t<strong>14 luglio, alle 21<\/strong><\/p>\n<p> \tSara Zozaya (Paese Basco) &#8211; concerto<\/p>\n<p> \tCorte della biblioteca, Romans d\u2019Isonzo<\/p>\n<p> \t<strong>15 luglio, alle 21<\/strong><\/p>\n<p> \tSara Zozaya (Paese Basco) + Cjan\u00e7ons dal Corm\u00f4r (Friuli) \u2013 concerto<\/p>\n<p> \tPiazza Libert\u00e0, Udine (Teatro San Giorgio in caso di pioggia)<\/p>\n<p> \t\u00a0<\/p>\n","protected":false},"excerpt":{"rendered":"<p>Presentata l&#8217;ottava edizione<\/p>\n","protected":false},"author":28,"featured_media":44017,"comment_status":"closed","ping_status":"closed","sticky":false,"template":"","format":"standard","meta":{"dwc-title":[],"dwc-content":[],"footnotes":""},"categories":[37],"tags":[],"class_list":["post-44016","post","type-post","status-publish","format-standard","has-post-thumbnail","hentry","category-cultura-e-spettacolo"],"rttpg_featured_image_url":{"full":["https:\/\/imagazine.it\/wp-content\/uploads\/2024\/01\/48466-1.webp",1280,680,false],"landscape":["https:\/\/imagazine.it\/wp-content\/uploads\/2024\/01\/48466-1.webp",1280,680,false],"portraits":["https:\/\/imagazine.it\/wp-content\/uploads\/2024\/01\/48466-1.webp",1280,680,false],"thumbnail":["https:\/\/imagazine.it\/wp-content\/uploads\/2024\/01\/48466-1-150x150.webp",150,150,true],"medium":["https:\/\/imagazine.it\/wp-content\/uploads\/2024\/01\/48466-1-300x159.webp",300,159,true],"large":["https:\/\/imagazine.it\/wp-content\/uploads\/2024\/01\/48466-1-1024x544.webp",640,340,true],"thumblist":["https:\/\/imagazine.it\/wp-content\/uploads\/2024\/01\/48466-1.webp",300,159,false],"thumbrelated":["https:\/\/imagazine.it\/wp-content\/uploads\/2024\/01\/48466-1.webp",500,266,false],"meccarouselthumb":["https:\/\/imagazine.it\/wp-content\/uploads\/2024\/01\/48466-1.webp",474,252,false],"gridsquare":["https:\/\/imagazine.it\/wp-content\/uploads\/2024\/01\/48466-1.webp",391,208,false],"tileview":["https:\/\/imagazine.it\/wp-content\/uploads\/2024\/01\/48466-1.webp",300,159,false],"1536x1536":["https:\/\/imagazine.it\/wp-content\/uploads\/2024\/01\/48466-1.webp",1280,680,false],"2048x2048":["https:\/\/imagazine.it\/wp-content\/uploads\/2024\/01\/48466-1.webp",1280,680,false],"newsup-slider-full":["https:\/\/imagazine.it\/wp-content\/uploads\/2024\/01\/48466-1.webp",1280,680,false],"newsup-featured":["https:\/\/imagazine.it\/wp-content\/uploads\/2024\/01\/48466-1-1024x544.webp",1024,544,true],"newsup-medium":["https:\/\/imagazine.it\/wp-content\/uploads\/2024\/01\/48466-1-720x380.webp",720,380,true],"tptn_thumbnail":["https:\/\/imagazine.it\/wp-content\/uploads\/2024\/01\/48466-1.webp",250,133,false],"sow-carousel-default":["https:\/\/imagazine.it\/wp-content\/uploads\/2024\/01\/48466-1-272x182.webp",272,182,true]},"rttpg_author":{"display_name":"redazione","author_link":"https:\/\/imagazine.it\/home_desk\/author\/redazione\/"},"rttpg_comment":0,"rttpg_category":"<a href=\"https:\/\/imagazine.it\/home_desk\/category\/cultura-e-spettacolo\/\" rel=\"category tag\">CULTURA&amp;SPETTACOLO<\/a>","rttpg_excerpt":"Presentata l'ottava edizione","_links":{"self":[{"href":"https:\/\/imagazine.it\/home_desk\/wp-json\/wp\/v2\/posts\/44016","targetHints":{"allow":["GET"]}}],"collection":[{"href":"https:\/\/imagazine.it\/home_desk\/wp-json\/wp\/v2\/posts"}],"about":[{"href":"https:\/\/imagazine.it\/home_desk\/wp-json\/wp\/v2\/types\/post"}],"author":[{"embeddable":true,"href":"https:\/\/imagazine.it\/home_desk\/wp-json\/wp\/v2\/users\/28"}],"replies":[{"embeddable":true,"href":"https:\/\/imagazine.it\/home_desk\/wp-json\/wp\/v2\/comments?post=44016"}],"version-history":[{"count":0,"href":"https:\/\/imagazine.it\/home_desk\/wp-json\/wp\/v2\/posts\/44016\/revisions"}],"wp:featuredmedia":[{"embeddable":true,"href":"https:\/\/imagazine.it\/home_desk\/wp-json\/wp\/v2\/media\/44017"}],"wp:attachment":[{"href":"https:\/\/imagazine.it\/home_desk\/wp-json\/wp\/v2\/media?parent=44016"}],"wp:term":[{"taxonomy":"category","embeddable":true,"href":"https:\/\/imagazine.it\/home_desk\/wp-json\/wp\/v2\/categories?post=44016"},{"taxonomy":"post_tag","embeddable":true,"href":"https:\/\/imagazine.it\/home_desk\/wp-json\/wp\/v2\/tags?post=44016"}],"curies":[{"name":"wp","href":"https:\/\/api.w.org\/{rel}","templated":true}]}}