{"id":44012,"date":"2022-06-22T00:00:00","date_gmt":"2022-06-21T23:00:00","guid":{"rendered":"https:\/\/imagazine.it\/?p=44012"},"modified":"2022-06-22T00:00:00","modified_gmt":"2022-06-21T23:00:00","slug":"gorizia-rilancia-il-teatro-per-le-famiglie","status":"publish","type":"post","link":"https:\/\/imagazine.it\/home_desk\/gorizia-rilancia-il-teatro-per-le-famiglie\/","title":{"rendered":"Gorizia rilancia il teatro per le famiglie"},"content":{"rendered":"<p> \tOtto appuntamenti all\u2019insegna della spensieratezza, tra musica e teatro, con un focus speciale dedicato ai bimbi e alle loro famiglie.<\/p>\n<p> \tTorna da marted\u00ec 28 giugno <strong>Verdid\u2019Estate<\/strong>, la <strong>rassegna estiva<\/strong> del <strong>Teatro comunale Giuseppe Verdi di Gorizia<\/strong>. Un programma che il direttore artistico<strong> Walter Mramor<\/strong> definisce \u201cil prologo alla nuova stagione teatrale del Verdi, che ci far\u00e0 rivivere il piacere delle emozioni dal vivo, godere di momenti di svago e di riflessione, anche sul concetto del Teatro come bene dell\u2019intera comunit\u00e0, e ritrovare la felicit\u00e0 dello stare assieme\u201d.<\/p>\n<p> \tTutti gli spettacoli inizieranno <strong>alle 20.45<\/strong> e saranno ospitati dal <strong>Giardino del Palazzo Comunale<\/strong>. In caso di maltempo andranno in scena al Teatro Verdi. I biglietti d\u2019ingresso costeranno cinque euro per gli spettacoli musicali e tre euro per quelli dedicati ai bimbi. La biglietteria aprir\u00e0 alle 19.45 la sera stessa delle rappresentazioni.<\/p>\n<p> \tVerdid\u2019Estate prender\u00e0 il via<strong> marted\u00ec 28 giugno <\/strong>con<strong> <em>Passeggeri<\/em>,<\/strong> taccuino musicale di un viaggio con Adelaide Ristori. Aneddoti, curiosit\u00e0 e tanta musica con il <strong>trio Corradi-Colombo-Tombesi<\/strong> in una produzione Folkest.<\/p>\n<p> \t<strong>Marted\u00ec 5 luglio <\/strong>sar\u00e0 la volta di<strong> <em>Tutti matti\u2026 senza sapere perch\u00e9<\/em><\/strong>, canovaccio originale di commedia dell\u2019arte con la partecipazione straordinaria di Pantalone. Canzoni a cura di <strong>Marco Toller<\/strong>, con le maschere di <strong>Stefano Perocco<\/strong> di Meduna e la regia di <strong>Claudio de Maglio<\/strong>, per una produzione Accademia Nico Pepe.<\/p>\n<p> \t<strong>Marted\u00ec 12 luglio<\/strong> il <strong>duo Gradisnik-Gamboz<\/strong> (ovvero Jure Gradisnik alla tromba e Maria Gamboz all\u2019arpa) condurr\u00e0 il pubblico in un viaggio nella musica europea a cavallo fra il XIX e XX secolo. Un inusuale concerto dedicato a Mascagni, Dvorak, Debussy e molti altri. Uno spettacolo a cura dell\u2019Associazione Progetto Musica, inserito nel programma regionale del festival Nei suoni dei luoghi.<\/p>\n<p> \tIl primo appuntamento di <strong>Verdi Young <\/strong>sar\u00e0 <strong>mercoled\u00ec 6 luglio <\/strong>con <strong><em>C\u2019era 2 volte 1<\/em><\/strong><em> <strong>cuore<\/strong><\/em>, spettacolo all\u2019insegna della tenerezza e della fiducia nell\u2019amore, mentre del valore dell\u2019amicizia parler\u00e0 <strong><em>Il canto magico della foresta<\/em><\/strong> in programma <strong>marted\u00ec 19 luglio<\/strong>.<\/p>\n<p> \t<strong>Gioved\u00ec 4 agosto andr\u00e0 <\/strong>in scena <strong><em>Ridere ridere ridere ancora<\/em><\/strong>, un inno alla libert\u00e0 e al buonumore, perch\u00e9 un giorno senza un sorriso \u00e8 un giorno perso. <strong>Gioved\u00ec 25 agosto<\/strong> \u00e8 la volta di <strong><em>Agenzia Gulliver<\/em><\/strong>, un luogo dove l\u2019unico requisito per partire per lunghi viaggi \u00e8 usare la fantasia.<\/p>\n<p> \tA chiudere il programma <strong>gioved\u00ec 1 settembre<\/strong> sar\u00e0 <strong><em>Qua qua attaccati l\u00e0<\/em><\/strong>, una storia avventurosa di oche magiche, principesse ribelli e giovani coraggiosi, per riflettere sul rispetto e la pacifica convivenza.<\/p>\n<p> \tTutti gli spettacoli sono indicati per i bimbi dai 4 anni in su ma non mancheranno di coinvolgere per le tematiche e la fantasia degli allestimenti sia genitori che nonni.<\/p>\n<p> \t\u00a0<\/p>\n","protected":false},"excerpt":{"rendered":"<p>Torna &#8220;Verdid&#8217;Estate&#8221;<\/p>\n","protected":false},"author":28,"featured_media":44013,"comment_status":"closed","ping_status":"closed","sticky":false,"template":"","format":"standard","meta":{"dwc-title":[],"dwc-content":[],"footnotes":""},"categories":[37],"tags":[],"class_list":["post-44012","post","type-post","status-publish","format-standard","has-post-thumbnail","hentry","category-cultura-e-spettacolo"],"rttpg_featured_image_url":{"full":["https:\/\/imagazine.it\/wp-content\/uploads\/2024\/01\/48446-1.webp",1000,742,false],"landscape":["https:\/\/imagazine.it\/wp-content\/uploads\/2024\/01\/48446-1.webp",1000,742,false],"portraits":["https:\/\/imagazine.it\/wp-content\/uploads\/2024\/01\/48446-1.webp",1000,742,false],"thumbnail":["https:\/\/imagazine.it\/wp-content\/uploads\/2024\/01\/48446-1-150x150.webp",150,150,true],"medium":["https:\/\/imagazine.it\/wp-content\/uploads\/2024\/01\/48446-1-300x223.webp",300,223,true],"large":["https:\/\/imagazine.it\/wp-content\/uploads\/2024\/01\/48446-1.webp",640,475,false],"thumblist":["https:\/\/imagazine.it\/wp-content\/uploads\/2024\/01\/48446-1.webp",300,223,false],"thumbrelated":["https:\/\/imagazine.it\/wp-content\/uploads\/2024\/01\/48446-1.webp",500,371,false],"meccarouselthumb":["https:\/\/imagazine.it\/wp-content\/uploads\/2024\/01\/48446-1.webp",437,324,false],"gridsquare":["https:\/\/imagazine.it\/wp-content\/uploads\/2024\/01\/48446-1.webp",350,260,false],"tileview":["https:\/\/imagazine.it\/wp-content\/uploads\/2024\/01\/48446-1.webp",300,223,false],"1536x1536":["https:\/\/imagazine.it\/wp-content\/uploads\/2024\/01\/48446-1.webp",1000,742,false],"2048x2048":["https:\/\/imagazine.it\/wp-content\/uploads\/2024\/01\/48446-1.webp",1000,742,false],"newsup-slider-full":["https:\/\/imagazine.it\/wp-content\/uploads\/2024\/01\/48446-1-1000x720.webp",1000,720,true],"newsup-featured":["https:\/\/imagazine.it\/wp-content\/uploads\/2024\/01\/48446-1.webp",1000,742,false],"newsup-medium":["https:\/\/imagazine.it\/wp-content\/uploads\/2024\/01\/48446-1-720x380.webp",720,380,true],"tptn_thumbnail":["https:\/\/imagazine.it\/wp-content\/uploads\/2024\/01\/48446-1.webp",250,186,false],"sow-carousel-default":["https:\/\/imagazine.it\/wp-content\/uploads\/2024\/01\/48446-1-272x182.webp",272,182,true]},"rttpg_author":{"display_name":"redazione","author_link":"https:\/\/imagazine.it\/home_desk\/author\/redazione\/"},"rttpg_comment":0,"rttpg_category":"<a href=\"https:\/\/imagazine.it\/home_desk\/category\/cultura-e-spettacolo\/\" rel=\"category tag\">CULTURA&amp;SPETTACOLO<\/a>","rttpg_excerpt":"Torna \"Verdid'Estate\"","_links":{"self":[{"href":"https:\/\/imagazine.it\/home_desk\/wp-json\/wp\/v2\/posts\/44012","targetHints":{"allow":["GET"]}}],"collection":[{"href":"https:\/\/imagazine.it\/home_desk\/wp-json\/wp\/v2\/posts"}],"about":[{"href":"https:\/\/imagazine.it\/home_desk\/wp-json\/wp\/v2\/types\/post"}],"author":[{"embeddable":true,"href":"https:\/\/imagazine.it\/home_desk\/wp-json\/wp\/v2\/users\/28"}],"replies":[{"embeddable":true,"href":"https:\/\/imagazine.it\/home_desk\/wp-json\/wp\/v2\/comments?post=44012"}],"version-history":[{"count":0,"href":"https:\/\/imagazine.it\/home_desk\/wp-json\/wp\/v2\/posts\/44012\/revisions"}],"wp:featuredmedia":[{"embeddable":true,"href":"https:\/\/imagazine.it\/home_desk\/wp-json\/wp\/v2\/media\/44013"}],"wp:attachment":[{"href":"https:\/\/imagazine.it\/home_desk\/wp-json\/wp\/v2\/media?parent=44012"}],"wp:term":[{"taxonomy":"category","embeddable":true,"href":"https:\/\/imagazine.it\/home_desk\/wp-json\/wp\/v2\/categories?post=44012"},{"taxonomy":"post_tag","embeddable":true,"href":"https:\/\/imagazine.it\/home_desk\/wp-json\/wp\/v2\/tags?post=44012"}],"curies":[{"name":"wp","href":"https:\/\/api.w.org\/{rel}","templated":true}]}}