{"id":44008,"date":"2022-06-21T00:00:00","date_gmt":"2022-06-20T23:00:00","guid":{"rendered":"https:\/\/imagazine.it\/?p=44008"},"modified":"2022-06-21T00:00:00","modified_gmt":"2022-06-20T23:00:00","slug":"morgan-e-il-chitarrista-del-liga-a-cividale","status":"publish","type":"post","link":"https:\/\/imagazine.it\/home_desk\/morgan-e-il-chitarrista-del-liga-a-cividale\/","title":{"rendered":"Morgan e il chitarrista del Liga a Cividale"},"content":{"rendered":"<p> \t\u201c<strong>Un prato in piazza<\/strong>\u201d \u00e8 il nuovo progetto organizzato da <strong>The Groove Factory<\/strong> a <strong>Cividale del Friuli<\/strong>, con il supporto di <strong>CiviLive<\/strong> e il contributo del <strong>Comune di Cividale del Friuli<\/strong>.<\/p>\n<p> \t<strong>Da venerd\u00ec 1 fino a domenica 10 luglio<\/strong> in <strong>Piazza Foro Giulio Cesare<\/strong> un manto erboso con alberi e siepi far\u00e0 da cornice a proposte culturali, intrattenimento, occasioni di incontro e momenti di svago all\u2019aria aperta.<\/p>\n<p> \tDieci giorni di musica, danza, benessere, laboratori, attivit\u00e0 per bambini e grandi ospiti: Marco Castaldi, in arte <strong>Morgan<\/strong>, il cantautore <strong>Piero Sidoti<\/strong>, il chitarrista di Ligabue <strong>Federico Poggipollini<\/strong> e The NuVoices Project assieme al chitarrista di Vasco <strong>Stef Burns<\/strong>. Il tutto a ingresso libero.<\/p>\n<p> \t\u00abUn Prato in piazza \u2013 spiega <strong>Giuseppe Ruolo<\/strong>, assessore ai Lavori Pubblici, Sport e Turismo del Comune di Cividale del Friuli \u2013 \u00e8 un format green che rende particolare e speciale la nostra citt\u00e0, che si distingue da tutti gli altri ed \u00e8 unico nella nostra regione. L\u2019amministrazione comunale, attraverso il progetto condiviso di The Groove Factory, ha voluto portare degli eventi di qualit\u00e0 che possano contraddistinguere la citt\u00e0 e che coinvolgano spettatori di ogni et\u00e0. Un evento con una durata importante, dieci giorni consecutivi di appuntamenti, su cui si \u00e8 investito un budget adeguato, che render\u00e0 Cividale ancora pi\u00f9 attrattiva: in nessun altro centro citt\u00e0 si potr\u00e0 trovare una proposta di questo genere\u00bb.<\/p>\n<p> \t\u00abGli eventi, oltre ad animare la citt\u00e0 \u2013 prosegue l\u2019assessore Ruolo \u2013, hanno anche lo scopo di coinvolgere le associazioni e le realt\u00e0 commerciali del territorio, dopo il lungo periodo di difficolt\u00e0 dovuto alla pandemia, che verranno coinvolte direttamente nell\u2019evento e avranno le ricadute di beneficiare del pubblico che seguir\u00e0 la manifestazione. Un aspetto molto importante che l\u2019amministrazione comunale ha condiviso con il Consigliere delegato alle Attivit\u00e0 Produttive Manlio Boccolini e con il rappresentante di Confcommercio Maurizio Temporini. Da sottolineare che il primo giorno di \u201cUn prato in piazza\u201d coincider\u00e0 con la Fashion Night, la notte prima dei saldi, con tutti i negozi aperti fino a tarda sera e la manifestazione dar\u00e0 un impulso in pi\u00f9 al commercio\u00bb.<\/p>\n<p> \t<u><strong><a href=\"http:\/\/www.imagazine.it\/eventi\/41046\" target=\"_blank\" rel=\"noopener\"><span style=\"color:#0000cd;\">Clicca qui per il calendario dettagliato degli eventi<\/span><\/a><\/strong><\/u><\/p>\n<p> \t\u00a0<\/p>\n","protected":false},"excerpt":{"rendered":"<p>Un prato in piazza<\/p>\n","protected":false},"author":28,"featured_media":44009,"comment_status":"closed","ping_status":"closed","sticky":false,"template":"","format":"standard","meta":{"dwc-title":[],"dwc-content":[],"footnotes":""},"categories":[37],"tags":[],"class_list":["post-44008","post","type-post","status-publish","format-standard","has-post-thumbnail","hentry","category-cultura-e-spettacolo"],"rttpg_featured_image_url":{"full":["https:\/\/imagazine.it\/wp-content\/uploads\/2024\/01\/48430-1.webp",900,600,false],"landscape":["https:\/\/imagazine.it\/wp-content\/uploads\/2024\/01\/48430-1.webp",900,600,false],"portraits":["https:\/\/imagazine.it\/wp-content\/uploads\/2024\/01\/48430-1.webp",900,600,false],"thumbnail":["https:\/\/imagazine.it\/wp-content\/uploads\/2024\/01\/48430-1-150x150.webp",150,150,true],"medium":["https:\/\/imagazine.it\/wp-content\/uploads\/2024\/01\/48430-1-300x200.webp",300,200,true],"large":["https:\/\/imagazine.it\/wp-content\/uploads\/2024\/01\/48430-1.webp",640,427,false],"thumblist":["https:\/\/imagazine.it\/wp-content\/uploads\/2024\/01\/48430-1.webp",300,200,false],"thumbrelated":["https:\/\/imagazine.it\/wp-content\/uploads\/2024\/01\/48430-1.webp",500,333,false],"meccarouselthumb":["https:\/\/imagazine.it\/wp-content\/uploads\/2024\/01\/48430-1.webp",474,316,false],"gridsquare":["https:\/\/imagazine.it\/wp-content\/uploads\/2024\/01\/48430-1.webp",391,260,false],"tileview":["https:\/\/imagazine.it\/wp-content\/uploads\/2024\/01\/48430-1.webp",300,200,false],"1536x1536":["https:\/\/imagazine.it\/wp-content\/uploads\/2024\/01\/48430-1.webp",900,600,false],"2048x2048":["https:\/\/imagazine.it\/wp-content\/uploads\/2024\/01\/48430-1.webp",900,600,false],"newsup-slider-full":["https:\/\/imagazine.it\/wp-content\/uploads\/2024\/01\/48430-1.webp",900,600,false],"newsup-featured":["https:\/\/imagazine.it\/wp-content\/uploads\/2024\/01\/48430-1.webp",900,600,false],"newsup-medium":["https:\/\/imagazine.it\/wp-content\/uploads\/2024\/01\/48430-1-720x380.webp",720,380,true],"tptn_thumbnail":["https:\/\/imagazine.it\/wp-content\/uploads\/2024\/01\/48430-1.webp",250,167,false],"sow-carousel-default":["https:\/\/imagazine.it\/wp-content\/uploads\/2024\/01\/48430-1-272x182.webp",272,182,true]},"rttpg_author":{"display_name":"redazione","author_link":"https:\/\/imagazine.it\/home_desk\/author\/redazione\/"},"rttpg_comment":0,"rttpg_category":"<a href=\"https:\/\/imagazine.it\/home_desk\/category\/cultura-e-spettacolo\/\" rel=\"category tag\">CULTURA&amp;SPETTACOLO<\/a>","rttpg_excerpt":"Un prato in piazza","_links":{"self":[{"href":"https:\/\/imagazine.it\/home_desk\/wp-json\/wp\/v2\/posts\/44008","targetHints":{"allow":["GET"]}}],"collection":[{"href":"https:\/\/imagazine.it\/home_desk\/wp-json\/wp\/v2\/posts"}],"about":[{"href":"https:\/\/imagazine.it\/home_desk\/wp-json\/wp\/v2\/types\/post"}],"author":[{"embeddable":true,"href":"https:\/\/imagazine.it\/home_desk\/wp-json\/wp\/v2\/users\/28"}],"replies":[{"embeddable":true,"href":"https:\/\/imagazine.it\/home_desk\/wp-json\/wp\/v2\/comments?post=44008"}],"version-history":[{"count":0,"href":"https:\/\/imagazine.it\/home_desk\/wp-json\/wp\/v2\/posts\/44008\/revisions"}],"wp:featuredmedia":[{"embeddable":true,"href":"https:\/\/imagazine.it\/home_desk\/wp-json\/wp\/v2\/media\/44009"}],"wp:attachment":[{"href":"https:\/\/imagazine.it\/home_desk\/wp-json\/wp\/v2\/media?parent=44008"}],"wp:term":[{"taxonomy":"category","embeddable":true,"href":"https:\/\/imagazine.it\/home_desk\/wp-json\/wp\/v2\/categories?post=44008"},{"taxonomy":"post_tag","embeddable":true,"href":"https:\/\/imagazine.it\/home_desk\/wp-json\/wp\/v2\/tags?post=44008"}],"curies":[{"name":"wp","href":"https:\/\/api.w.org\/{rel}","templated":true}]}}