{"id":44006,"date":"2022-06-21T00:00:00","date_gmt":"2022-06-20T23:00:00","guid":{"rendered":"https:\/\/imagazine.it\/?p=44006"},"modified":"2022-06-21T00:00:00","modified_gmt":"2022-06-20T23:00:00","slug":"fiction-e-rievocazione-aquileia-applaudita-a-roma","status":"publish","type":"post","link":"https:\/\/imagazine.it\/home_desk\/fiction-e-rievocazione-aquileia-applaudita-a-roma\/","title":{"rendered":"Fiction e rievocazione, Aquileia applaudita a Roma"},"content":{"rendered":"<p> \tNella giornata di ieri \u00e8 stato conferito a <strong>Roma<\/strong> al docufilm \u201cLa scelta di Maria\u201d il \u201cPremio Moige\u201d, da parte dell\u2019Osservatorio Media del Moige &#8211; Movimento Italiano Genitori nell\u2019ambito della XV edizione della Guida critica ai programmi tv e web family friendly \u201cUn anno di Zapping e di Streaming 2021-2022\u201d.<\/p>\n<p> \tIl riconoscimento, ottenuto per la sezione &#8220;Fiction e docufiction&#8221;, \u00e8 stato attribuito in seguito a un monitoraggio, su basi tecnico-scientifiche, da parte della redazione critica del Premio, che ha vagliato oltre 300 prodotti mediali presenti nel palinsesto tv, nella fascia protetta, e nelle piattaforme web cos\u00ec come nei canali web, tenendo, inoltre, ben presente le segnalazioni propositive delle famiglie italiane.<\/p>\n<p> \tIl premio \u00e8 stato ritirato dal sindaco di Aquileia <strong>Emanuele Zorino<\/strong>, dall\u2019attore <strong>Cesare Bocci<\/strong> e dalla produttrice <strong>Gloria Giorgianni<\/strong> presso la Nuova Aula dei Gruppi Parlamentari presso la Camera dei Deputati a Roma.<\/p>\n<p> \tUn altro traguardo per Aquileia che ha creduto, accolto, co-prodotto e sostenuto questo docufilm che oggi rientra anche nei programmi scolastici in accordo con il Ministero dell\u2019Istruzione e che continua a ricevere encomi. Il 29 giugno Aquileia avr\u00e0 infatti l\u2019onore di presentare \u201cLa scelta di Maria\u201d anche al Parlamento Europeo &#8211; assieme alla Produttrice Gloria Giorgianni e all\u2019attrice protagonista <strong>Sonia Bergamasco<\/strong>.<\/p>\n<p> \tUn\u2019ulteriore opportunit\u00e0 per promuovere e valorizzare il territorio di Aquileia, rafforzare e diffonderne la conoscenza, in quanto luogo della memoria e custode dell\u2019eredit\u00e0 storica relativa al Milite Ignoto, simbolo dei Caduti di tutte le Guerre.<\/p>\n<p> \t\u201cNell\u2019anno del Centenario della traslazione del Milite Ignoto da Aquileia a Roma \u2013 ha affermato il sindaco Zorino \u2013 abbiamo deciso di partecipare alla produzione del film per mettere in risalto il territorio di conoscenza della citt\u00e0 di Aquileia che nella sua lunga storia diventa, nel 1921, luogo simbolico della Scelta del Milite Ignoto e catalizzatrice di un clima che si respir\u00f2 nel periodo di ripartenza post-bellica e che Paolo Mieli, durante la scorsa edizione dell\u2019Aquileia Film Festival, ha sintetizzato nel concetto di Miracolo di Aquileia. Non \u00e8 stato facile trasformare Aquileia in un set cinematografico e non era scontato riuscire a portare il 99% della produzione sul territorio, ma grazie a un grande lavoro di squadra fra Enti, associazioni e cittadini ce l\u2019abbiamo fatta\u201d.\u00a0<\/p>\n<p> \tSempre a Roma, presso la Sala Stampa della Camera dei Deputati, nella mattinata il sindaco Zorino aveva partecipato alla presentazione della <u><a href=\"http:\/\/www.imagazine.it\/notizie-trieste-gorizia-udine-friuli\/12183\" target=\"_blank\" rel=\"noopener\"><span style=\"color:#0000cd;\">Rievocazione storica della Fondazione di Aquileia \u201cTempora\u201d<\/span><\/a><\/u> promossa dal deputato Federico Mollicone, fondatore e coordinatore dell&#39;ICAS-Intergruppo parlamentare Cultura, Arte e Sport con il Comune di Aquileia.<\/p>\n<p> \tTempora avr\u00e0 luogo nel centro storico e nelle aree archeologiche della citt\u00e0 dal 24 al 26 giugno e sar\u00e0 organizzata da Comune di Aquileia, Pro Loco Aquileia, Associazione Imprenditori Citt\u00e0 di Aquileia con il<\/p>\n<p> \tNella Sala Stampa, alla presentazione di questo progetto culturale, hanno preso parte anche <strong>Sergio Iacomoni<\/strong>, presidente del Gruppo Storico Romano, e <strong>Andrea Buccolini<\/strong>, responsabile relazioni esterne Gruppo Storico Romano che saranno ospiti ad Aquileia nei giorni della manifestazione assieme a tanti altri gruppi storici.<\/p>\n<p> \t\u201cDopo tre anni di stop \u2013 ha dichiarato Zorino \u2013 abbiamo fortemente voluto riproporre al pubblico la grande rievocazione storica della fondazione della citt\u00e0 di Aquileia. Anche quest\u2019anno, cos\u00ec come per le precedenti edizioni, abbiamo infatti realizzato un\u2019operazione di comunit\u00e0: sono coinvolte tante associazioni e le scuole perch\u00e9 dai bambini bisogna partire affinch\u00e9 possano avere coscienza del passato per costruire un futuro migliore; e poi naturalmente gli Enti che permettono di poter realizzare questa manifestazione: Fondazione Aquileia in primis, la Regione Friuli Venezia Giulia, il Ministero attraverso la Soprintendenza belle arti archeologia e paesaggio del FVG, PromoturismoFVG, la Societ\u00e0 per la Conservazione della Basilica e il Museo Archeologico Nazionale\u201d.<\/p>\n<p> \t\u00a0<\/p>\n","protected":false},"excerpt":{"rendered":"<p>Alla Camera dei Deputati<\/p>\n","protected":false},"author":28,"featured_media":44007,"comment_status":"closed","ping_status":"closed","sticky":false,"template":"","format":"standard","meta":{"dwc-title":[],"dwc-content":[],"footnotes":""},"categories":[37],"tags":[],"class_list":["post-44006","post","type-post","status-publish","format-standard","has-post-thumbnail","hentry","category-cultura-e-spettacolo"],"rttpg_featured_image_url":{"full":["https:\/\/imagazine.it\/wp-content\/uploads\/2024\/01\/48426-1.webp",1000,769,false],"landscape":["https:\/\/imagazine.it\/wp-content\/uploads\/2024\/01\/48426-1.webp",1000,769,false],"portraits":["https:\/\/imagazine.it\/wp-content\/uploads\/2024\/01\/48426-1.webp",1000,769,false],"thumbnail":["https:\/\/imagazine.it\/wp-content\/uploads\/2024\/01\/48426-1-150x150.webp",150,150,true],"medium":["https:\/\/imagazine.it\/wp-content\/uploads\/2024\/01\/48426-1-300x231.webp",300,231,true],"large":["https:\/\/imagazine.it\/wp-content\/uploads\/2024\/01\/48426-1.webp",640,492,false],"thumblist":["https:\/\/imagazine.it\/wp-content\/uploads\/2024\/01\/48426-1.webp",300,231,false],"thumbrelated":["https:\/\/imagazine.it\/wp-content\/uploads\/2024\/01\/48426-1.webp",500,385,false],"meccarouselthumb":["https:\/\/imagazine.it\/wp-content\/uploads\/2024\/01\/48426-1.webp",421,324,false],"gridsquare":["https:\/\/imagazine.it\/wp-content\/uploads\/2024\/01\/48426-1.webp",338,260,false],"tileview":["https:\/\/imagazine.it\/wp-content\/uploads\/2024\/01\/48426-1.webp",300,231,false],"1536x1536":["https:\/\/imagazine.it\/wp-content\/uploads\/2024\/01\/48426-1.webp",1000,769,false],"2048x2048":["https:\/\/imagazine.it\/wp-content\/uploads\/2024\/01\/48426-1.webp",1000,769,false],"newsup-slider-full":["https:\/\/imagazine.it\/wp-content\/uploads\/2024\/01\/48426-1-1000x720.webp",1000,720,true],"newsup-featured":["https:\/\/imagazine.it\/wp-content\/uploads\/2024\/01\/48426-1.webp",1000,769,false],"newsup-medium":["https:\/\/imagazine.it\/wp-content\/uploads\/2024\/01\/48426-1-720x380.webp",720,380,true],"tptn_thumbnail":["https:\/\/imagazine.it\/wp-content\/uploads\/2024\/01\/48426-1.webp",250,192,false],"sow-carousel-default":["https:\/\/imagazine.it\/wp-content\/uploads\/2024\/01\/48426-1-272x182.webp",272,182,true]},"rttpg_author":{"display_name":"redazione","author_link":"https:\/\/imagazine.it\/home_desk\/author\/redazione\/"},"rttpg_comment":0,"rttpg_category":"<a href=\"https:\/\/imagazine.it\/home_desk\/category\/cultura-e-spettacolo\/\" rel=\"category tag\">CULTURA&amp;SPETTACOLO<\/a>","rttpg_excerpt":"Alla Camera dei Deputati","_links":{"self":[{"href":"https:\/\/imagazine.it\/home_desk\/wp-json\/wp\/v2\/posts\/44006","targetHints":{"allow":["GET"]}}],"collection":[{"href":"https:\/\/imagazine.it\/home_desk\/wp-json\/wp\/v2\/posts"}],"about":[{"href":"https:\/\/imagazine.it\/home_desk\/wp-json\/wp\/v2\/types\/post"}],"author":[{"embeddable":true,"href":"https:\/\/imagazine.it\/home_desk\/wp-json\/wp\/v2\/users\/28"}],"replies":[{"embeddable":true,"href":"https:\/\/imagazine.it\/home_desk\/wp-json\/wp\/v2\/comments?post=44006"}],"version-history":[{"count":0,"href":"https:\/\/imagazine.it\/home_desk\/wp-json\/wp\/v2\/posts\/44006\/revisions"}],"wp:featuredmedia":[{"embeddable":true,"href":"https:\/\/imagazine.it\/home_desk\/wp-json\/wp\/v2\/media\/44007"}],"wp:attachment":[{"href":"https:\/\/imagazine.it\/home_desk\/wp-json\/wp\/v2\/media?parent=44006"}],"wp:term":[{"taxonomy":"category","embeddable":true,"href":"https:\/\/imagazine.it\/home_desk\/wp-json\/wp\/v2\/categories?post=44006"},{"taxonomy":"post_tag","embeddable":true,"href":"https:\/\/imagazine.it\/home_desk\/wp-json\/wp\/v2\/tags?post=44006"}],"curies":[{"name":"wp","href":"https:\/\/api.w.org\/{rel}","templated":true}]}}