{"id":44004,"date":"2022-06-21T00:00:00","date_gmt":"2022-06-20T23:00:00","guid":{"rendered":"https:\/\/imagazine.it\/?p=44004"},"modified":"2022-06-21T00:00:00","modified_gmt":"2022-06-20T23:00:00","slug":"lestate-di-gradisca-tra-musica-e-letteratura","status":"publish","type":"post","link":"https:\/\/imagazine.it\/home_desk\/lestate-di-gradisca-tra-musica-e-letteratura\/","title":{"rendered":"L&#8217;estate di Gradisca tra musica e letteratura"},"content":{"rendered":"<p> \t<strong>Onde Mediterranee<\/strong>, presentato oggi nella Sala Consiliare del Comune di <strong>Gradisca d\u2019Isonzo, <\/strong>si svolger\u00e0 <strong>dal 21 al 30 luglio<\/strong> a <strong>Gradisca d\u2019Isonzo, tra l\u2019Arena del Castello <\/strong>e<strong> Palazzo Torriani<\/strong>, con un appuntamento itinerante anche presso la <strong>Casa della Musica di Cervignano del Friuli.<\/strong><\/p>\n<p> \tL\u2019impegno si rinnova e si concretizza proponendo una serie di momenti di intrattenimento con alcune delle band musicali pi\u00f9 attive e impegnate della scena nazionale oltre a incontri, per quanto riguarda la sezione <strong>Lettere Mediterranee<\/strong>, con personaggi in grado di affrontare temi e problematiche della quotidianit\u00e0 secondo un\u2019ottica di sviluppo pacifico dei rapporti umani e compatibile con le scelte ambientali verso la salvaguardia del pianeta terra e della vita dei suoi abitanti.<\/p>\n<p> \tAnche quest\u2019anno, Onde Mediterranee Festival \u00e8 <strong>dedicato a Giulio Regeni<\/strong> e alla battaglia di verit\u00e0 e giustizia della famiglia e di tutta la comunit\u00e0 \u201cin giallo\u201d.<\/p>\n<p> \tSi comincia <strong>gioved\u00ec 21 luglio<\/strong>, alle <strong>21 in Corte Marco d\u2019Aviano di Palazzo Torriani<\/strong>, dove il <strong>filosofo Umberto Galimberti <\/strong>dialogher\u00e0 con<strong> Fabio Turchini, <\/strong>curatore della sezione <strong>Lettere Mediterranee<\/strong>. Il filosofo lombardo ha scelto, come spunto per le sue riflessioni, un argomento che non mancher\u00e0 di suscitare interesse, quello del rapporto con i giovani e le loro aspettative, avendo raccolto in un recente libro le sue corrispondenze con numerose voci dell\u2019universo giovanile, che necessitano di ascolto e attenzione.<\/p>\n<p> \t<strong>Sabato 23 luglio<\/strong>, <strong>sempre per Lettere Mediterranee,<\/strong> alle <strong>21 in Corte d\u2019Aviano<\/strong>, incontro con <strong>Angelo Floramo<\/strong>, insegnante, scrittore, Medievista, che presenta il suo ultimo libro \u201c<strong>Come Papaveri Rossi<\/strong>\u201d in dialogo con Fabio Turchini.<\/p>\n<p> \t<strong>Luned\u00ec 25 luglio<\/strong> terzo appuntamento con <strong>Lettere Mediterranee<\/strong>: alle 21, ancora in Corte d\u2019Aviano, in scena <strong>\u201cCanto per l\u2019Europa\u201d, reading-spettacolo musicale di e con Paolo Rumiz, preceduto da un incontro con l\u2019autore<\/strong>. Un grande narratore che da sempre racconta la nostra necessit\u00e0 di essere cittadini del mondo. Un viaggio epico: quattro moderni argonauti e una profuga siriana ridanno vita al mito che ha fondato l\u2019Europa. Con Rumiz, Lara Komar e Giorgio Monte alla recitazione, accompagnati da due musicisti: Aleksandar Karlic, e Vangelis Merkouris.<\/p>\n<p> \tSi continua <strong>mercoled\u00ec 27 luglio alle 18.30<\/strong> con il primo di tre appuntamenti con <strong>Dialoghi 2022 &#8211; Festival itinerante della Conoscenza <\/strong>che propone<strong> \u201cLe Citt\u00e0 tra pandemia e migrazione\u201d,<\/strong> in Corte d\u2019Aviano. La giornalista de \u201cLa Repubblica\u201d <strong>Giovanna Casadio<\/strong> presenta \u201c<strong>Diario di bordo dei Sindaci &#8211; Le Citt\u00e0 nella pandemia<\/strong>\u201d, Treccani. Dialogano con l\u2019autrice <strong>Linda Tomasinsig, <\/strong>Sindaca di Gradisca d\u2019Isonzo e<strong> Antonio De Nicolo, <\/strong>procuratore della Repubblica di Trieste.<\/p>\n<p> \tAlle 20.30 primo appuntamento organizzato da <strong>NoPlanetB<\/strong>: all\u2019Arena del Castello il fisico teorico, noto come \u201cl\u2019Avvocato dell\u2019atomo\u201d, Luca Romano presenta la serata \u201cPossibili fonti alternative: nucleare s\u00ec, nucleare no\u201d. Alle 21.30, sempre al Castello, <strong>Manuel Agnelli in concerto<\/strong>. Cantautore, musicista, produttore discografico, Agnelli \u00e8 conosciuto soprattutto come fondatore e frontman della pi\u00f9 importante rock band italiana degli ultimi decenni, gli <strong>Afterhours<\/strong>, oltre ad essere un personaggio televisivo, giudice della trasmissione <strong>xFactor<\/strong>.<\/p>\n<p> \tAncora tre appuntamenti in programma<strong> gioved\u00ec 28 luglio<\/strong>. Alle 18.30, per <strong>Lettere Mediterranee, Dialoghi 2022 <\/strong>propone<strong> \u201cL\u2019estrema destra nel cuore del ricco Nordest\u201d <\/strong>alla<strong> Casa della Musica di Cervignano del Friuli<\/strong>, con il giornalista de \u201cLa Repubblica\u201d <strong>Paolo Berizzi<\/strong> e il suo \u201c<strong>\u00c8 gradita la camicia nera<\/strong>\u201d (Rizzoli), in dialogo con la storica <strong>Alessandra Kersevan<\/strong>. Alle 20.30 si ritorna al Castello di Gradisca, a cura di <strong>NoPlanetB: <\/strong>\u201c<strong>La leggerezza dell\u2019essere green. La sostenibilit\u00e0 trasversale<\/strong>\u201d con <strong>Alice Pomiati aka @aliceful<\/strong>, nota instagrammer che si occupa di formare e sensibilizzare le persone verso uno stile di vita (pi\u00f9) sostenibile, etico e consapevole. Alle 21.30 secondo grande appuntamento musicale del festival: all\u2019Arena del Castello,<strong> in esclusiva per il Friuli-Venezia Giulia, uno dei gruppi pi\u00f9 amati e longevi della storia della musica italiana, i Nomadi <\/strong>con<strong> \u201cSolo esseri umani tour 2022\u201d<\/strong>, nel segno dell\u2019indimenticato Augusto Daolio.<\/p>\n<p> \t<strong>Venerd\u00ec 29 luglio<\/strong> si comincia alle 18.30 <strong>con Lettere Mediterranee: Dialoghi 2022<\/strong> presenta in Corte d\u2019Aviano <strong>\u201cIl Mediterraneo tra umanit\u00e0 e morte<\/strong>\u201d con l\u2019antropologo e scrittore <strong>Marco Aime<\/strong>. Alle 20.30 <strong>NoPlanetB<\/strong> presenta, all\u2019Arena del Castello, \u201c<strong>Entropy for Life<\/strong>\u201d, con il biologo evoluzionista e youtuber <strong>Giacomo Moro Mauretto<\/strong>. Alle 21.30 terzo appuntamento musicale: all\u2019Arena del Castello si esibir\u00e0 <strong>Willie Peyote<\/strong> che, in compagnia della <strong>Precaria Orchestra<\/strong> <strong>Sabauda<\/strong> avr\u00e0 l\u2019obiettivo di \u00ab<em>farvi muovere il culo e il cervello contemporaneamente<\/em>!\u00bb.<\/p>\n<p> \t<strong>Sabato 30 luglio<\/strong> il festival si aprir\u00e0, alle 19, con \u201c<strong>L\u2019onda gialla<\/strong>\u201d, biciclettata a cura dei <strong>Bisiachi in Bici Fiab Monfalcone<\/strong>, con i protagonisti della ciclostaffetta \u201cA Roma Per Giulio\u201d. Alle 20.30, all\u2019Arena del Castello, \u201c<strong>Giulio fa cose\u2026<\/strong>\u201d, in collaborazione con il collettivo <strong>Giulio Siamo Noi<\/strong>. In questa occasione, stretti attorno alla <strong>famiglia Regeni e all\u2019avvocata Alessandra Ballerini, ci saranno gli attori Ascanio Celestini e Marco Paolini e lo scrittore Erri De Luca.<\/strong><\/p>\n<p> \tAlle 22, sul palco salir\u00e0 <strong>Alberto Bertoli<\/strong> con il suo album \u201cStelle\u201d, nel quale, oltre a sue nuove composizioni, ricalca le orme del padre <strong>Pierangelo<\/strong> attraverso un susseguirsi di reinterpretazioni, con nuovi arrangiamenti, di grandi classici come &#8220;Eppure soffia\u201d scritta nel 1976, un vero e proprio manifesto in musica dell&#39;ecologia. A seguire, il rapper friulano <strong>Doro Gjat<\/strong> presenter\u00e0 \u201c<strong>Mondonuovo<\/strong>\u201d, il suo nuovissimo e terzo album, fuori dai radar della musica mainstream.<\/p>\n<p> \tOgni giorno, dal 27 al 31 luglio, dalle 17.30 all\u2019Arena del Castello di Gradisca d\u2019Isonzo sar\u00e0 presente lo <strong>stand divulgativo di NoPlanetB<\/strong>, associazione monfalconese che si occupa di tematiche ambientali, dove si potr\u00e0 trovare materiale informativo e si svolgeranno laboratori e attivit\u00e0.<\/p>\n<p> \tDalle 18.30 di ogni sera, inoltre, saranno attivi <strong>chioschi eno-gastronomici<\/strong> a cura di <strong>Arci Skianto, <\/strong>dove la chef friulana<strong> Alessia Beltrame proporr\u00e0 sfiziosi cibi vegetali ed etnici con i prodotti freschi dell\u2019azienda agricola biologica l\u2019Orto Felice; <\/strong>sar\u00e0 operativo, inoltre, un chiosco di bevande speciali curato da<strong> Attic. <\/strong><\/p>\n<p> \tSono attive le <strong>prevendite dei biglietti<\/strong> per i concerti di <strong>Manuel Agnelli, Nomadi e Willie Peyote<\/strong> su <strong>TicketOne.it<\/strong>. Tutti gli altri eventi in programma sono in forma gratuita e di libero accesso. Info: <u><a href=\"http:\/\/www.euritmica.it\/\" target=\"_blank\" rel=\"noopener\"><span style=\"color:#0000cd;\">www.euritmica.it<\/span><\/a><\/u><\/p>\n<p> \t<em>\u00abSono entusiasta \u2013 ha dichiarato la <\/em>sindaca di Gradisca,<strong> Linda Tomasinsig<\/strong> <em>\u2013 di aver collaborato alla costruzione della rassegna, essendo l\u2019amministrazione comunale accogliente, e attenta alle proposte culturali. Onde Mediterranee \u00e8 proprio fatto per noi. Inoltre, il comune \u00e8 impegnato nello sviluppo di una progettualit\u00e0 a sostegno della famiglia Regeni: la serata del 30 luglio attesta la volont\u00e0 di ricerca della verit\u00e0 e giustizia per Giulio\u00bb.<\/em><\/p>\n<p> \t<em>\u00abIl Comune di Gradisca \u2013 <\/em>fa eco l\u2019assessore alla cultura e al turismo, <strong>Marco Zanolla<\/strong><em> \u2013 ha corteggiato a lungo il festival Onde Mediterranee ed \u00e8 impegnato nel creare momenti di incontro, di musica e di cultura per consentire una crescita dei cittadini. Prioritario \u00e8 il tema dei diritti, che trova forma concreta nella serata dedicata a Giulio Regeni\u00bb.<\/em><\/p>\n<p> \t<em>\u00abVedere un programma di questo spessore, in un contesto complesso come quello attuale \u2013 <\/em>ha concluso il presidente della Fondazione Carigo, <strong>Alberto Bergamin<\/strong><em> \u2013 arricchisce il senso di cittadinanza e il direttore artistico Giancarlo Velliscig mantiene negli anni una notevole vivacit\u00e0 culturale. Il pubblico che seguir\u00e0 gli eventi, se interiorizzer\u00e0 i contenuti proposti, ne uscir\u00e0 arricchito. Una scommessa vincente, quella del comune, coerente con il percorso culturale della citt\u00e0 di Gradisca. Tra l\u2019altro, Onde Mediterranee contribuisce agli eventi di avvicinamento a GO!2025 che valorizzeranno il territorio, storicamente crocevia di popoli e ricchissimo di contaminazioni. L\u2019educazione rivolta alle nuove generazioni \u00e8 il faro della progettualit\u00e0 della Fondazione CariGo, che trova nel festival la massima espressione\u00bb.<\/em><\/p>\n<p> \tIl festival \u00e8 ideato e organizzato da <strong>Euritmica<\/strong>, con il sostegno di: <strong>Ministero della Cultura, Regione Friuli-Venezia Giulia, Comune di Gradisca d\u2019Isonzo, PromoTurismo FVG, Fondazione Cassa di Risparmio di Gorizia, BCC Staranzano e Villesse<\/strong> e la collaborazione di <strong>NoPlanetB, Comune di Cervignano del Friuli, Arci Skianto Gradisca, <\/strong>\u00a0<strong>Dialoghi 2022 &#8211; Festival itinerante della Conoscenza.<\/strong><\/p>\n<p> \t\u00a0<\/p>\n","protected":false},"excerpt":{"rendered":"<p>Presentato il festival Onde Mediterranee<\/p>\n","protected":false},"author":28,"featured_media":44005,"comment_status":"closed","ping_status":"closed","sticky":false,"template":"","format":"standard","meta":{"dwc-title":[],"dwc-content":[],"footnotes":""},"categories":[37],"tags":[],"class_list":["post-44004","post","type-post","status-publish","format-standard","has-post-thumbnail","hentry","category-cultura-e-spettacolo"],"rttpg_featured_image_url":{"full":["https:\/\/imagazine.it\/wp-content\/uploads\/2024\/01\/48424-1.webp",1600,1067,false],"landscape":["https:\/\/imagazine.it\/wp-content\/uploads\/2024\/01\/48424-1.webp",1600,1067,false],"portraits":["https:\/\/imagazine.it\/wp-content\/uploads\/2024\/01\/48424-1.webp",1600,1067,false],"thumbnail":["https:\/\/imagazine.it\/wp-content\/uploads\/2024\/01\/48424-1-150x150.webp",150,150,true],"medium":["https:\/\/imagazine.it\/wp-content\/uploads\/2024\/01\/48424-1-300x200.webp",300,200,true],"large":["https:\/\/imagazine.it\/wp-content\/uploads\/2024\/01\/48424-1-1024x683.webp",640,427,true],"thumblist":["https:\/\/imagazine.it\/wp-content\/uploads\/2024\/01\/48424-1.webp",300,200,false],"thumbrelated":["https:\/\/imagazine.it\/wp-content\/uploads\/2024\/01\/48424-1.webp",500,333,false],"meccarouselthumb":["https:\/\/imagazine.it\/wp-content\/uploads\/2024\/01\/48424-1.webp",474,316,false],"gridsquare":["https:\/\/imagazine.it\/wp-content\/uploads\/2024\/01\/48424-1.webp",391,260,false],"tileview":["https:\/\/imagazine.it\/wp-content\/uploads\/2024\/01\/48424-1.webp",300,200,false],"1536x1536":["https:\/\/imagazine.it\/wp-content\/uploads\/2024\/01\/48424-1-1536x1024.webp",1536,1024,true],"2048x2048":["https:\/\/imagazine.it\/wp-content\/uploads\/2024\/01\/48424-1.webp",1600,1067,false],"newsup-slider-full":["https:\/\/imagazine.it\/wp-content\/uploads\/2024\/01\/48424-1-1280x720.webp",1280,720,true],"newsup-featured":["https:\/\/imagazine.it\/wp-content\/uploads\/2024\/01\/48424-1-1024x683.webp",1024,683,true],"newsup-medium":["https:\/\/imagazine.it\/wp-content\/uploads\/2024\/01\/48424-1-720x380.webp",720,380,true],"tptn_thumbnail":["https:\/\/imagazine.it\/wp-content\/uploads\/2024\/01\/48424-1.webp",250,167,false],"sow-carousel-default":["https:\/\/imagazine.it\/wp-content\/uploads\/2024\/01\/48424-1-272x182.webp",272,182,true]},"rttpg_author":{"display_name":"redazione","author_link":"https:\/\/imagazine.it\/home_desk\/author\/redazione\/"},"rttpg_comment":0,"rttpg_category":"<a href=\"https:\/\/imagazine.it\/home_desk\/category\/cultura-e-spettacolo\/\" rel=\"category tag\">CULTURA&amp;SPETTACOLO<\/a>","rttpg_excerpt":"Presentato il festival Onde Mediterranee","_links":{"self":[{"href":"https:\/\/imagazine.it\/home_desk\/wp-json\/wp\/v2\/posts\/44004","targetHints":{"allow":["GET"]}}],"collection":[{"href":"https:\/\/imagazine.it\/home_desk\/wp-json\/wp\/v2\/posts"}],"about":[{"href":"https:\/\/imagazine.it\/home_desk\/wp-json\/wp\/v2\/types\/post"}],"author":[{"embeddable":true,"href":"https:\/\/imagazine.it\/home_desk\/wp-json\/wp\/v2\/users\/28"}],"replies":[{"embeddable":true,"href":"https:\/\/imagazine.it\/home_desk\/wp-json\/wp\/v2\/comments?post=44004"}],"version-history":[{"count":0,"href":"https:\/\/imagazine.it\/home_desk\/wp-json\/wp\/v2\/posts\/44004\/revisions"}],"wp:featuredmedia":[{"embeddable":true,"href":"https:\/\/imagazine.it\/home_desk\/wp-json\/wp\/v2\/media\/44005"}],"wp:attachment":[{"href":"https:\/\/imagazine.it\/home_desk\/wp-json\/wp\/v2\/media?parent=44004"}],"wp:term":[{"taxonomy":"category","embeddable":true,"href":"https:\/\/imagazine.it\/home_desk\/wp-json\/wp\/v2\/categories?post=44004"},{"taxonomy":"post_tag","embeddable":true,"href":"https:\/\/imagazine.it\/home_desk\/wp-json\/wp\/v2\/tags?post=44004"}],"curies":[{"name":"wp","href":"https:\/\/api.w.org\/{rel}","templated":true}]}}