{"id":43998,"date":"2022-06-20T00:00:00","date_gmt":"2022-06-19T23:00:00","guid":{"rendered":"https:\/\/imagazine.it\/?p=43998"},"modified":"2022-06-20T00:00:00","modified_gmt":"2022-06-19T23:00:00","slug":"monfalcone-investe-sulla-promozione-turistica-multimediale","status":"publish","type":"post","link":"https:\/\/imagazine.it\/home_desk\/monfalcone-investe-sulla-promozione-turistica-multimediale\/","title":{"rendered":"Monfalcone investe sulla promozione turistica multimediale"},"content":{"rendered":"<p> \tLa <strong>Rocca di Monfalcone<\/strong>, riaperta alle visite del pubblico tre anni fa, ha visto in questi anni un incremento dei visitatori.<\/p>\n<p> \tNei week end da maggio a settembre si \u00e8 infatti passati dai 713 visitatori nell\u2019anno 2019 ai 2.808 nell\u2019anno 2021, di cui 2.165 hanno utilizzato il Roccabus.<\/p>\n<p> \tDi questi 1.104 sono stati i monfalconesi e 1.651 turisti provenienti da altre localit\u00e0.<\/p>\n<p> \tIl trend continua in queste prime settimane di apertura del 2022: sabato, in occasione del prossimo concerto in Rocca, sar\u00e0 possibile anche usufruire della <strong>nuova piattaforma touch screen<\/strong> che offre una panoramica dei luoghi pi\u00f9 importanti e turisticamente attraenti di Monfalcone.<\/p>\n<p> \tLa realizzazione del nuovo infopoint rientra nel piano complessivo di trasformazione e arricchimento di tutta la promozione turistica in forma multimediale: gi\u00e0 sono operanti i sistemi di navigazione e informazione turistica al centro visite di Pietrarossa, incentrati sulla scoperta naturalistica del Carso, mentre \u00e8 in fase di partenza la gara per l\u2019affidamento del sistema a realt\u00e0 aumentata di tutto il territorio (progetto europeo Framesport) che avr\u00e0 anche due postazioni multimediali all\u2019Ocean e a Marina Monfalcone e una al MuCa, oltre alla nuova cartellonistica QR Code in tutta la citt\u00e0.<\/p>\n<p> \tEntro l\u2019anno, Monfalcone sar\u00e0 la prima citt\u00e0 della regione a trasformare tutta la sua promozione turistica in forma multimediale e in realt\u00e0 aumentata.<\/p>\n<p> \t\u201cMonfalcone \u2013 ha dichiarato il sindaco <strong>Anna Maria Cisint<\/strong> durante la presentazione alla stampa stamani \u2013 ha inteso adeguarsi alle moderne esigenze del turismo e assegna ai visitatori la possibilit\u00e0 di navigare con uno schermo <em>touch screen<\/em> nello spazio, per conoscere il territorio, e nel tempo, per apprendere le vicende storiche pi\u00f9 importanti con un vero e proprio info-point ricco non solo di informazioni, ma anche di filmati e di immagini\u201d.<\/p>\n<p> \tSono sei le sezioni previste, la prima delle quali ricostruisce le tappe storiche pi\u00f9 importanti a partire dal Castelliere sino alla riapertura delle visite guidate nel 2019, attraverso la ricostruzione del 1420 ad opera della Repubblica veneziana e quelle del primo e del secondo conflitto mondiale.<\/p>\n<p> \tLa sezione <em>Visioni<\/em> \u00e8 basata su una mappa interattiva nella quale sono segnati i punti pi\u00f9 significativi del Carso e della Citt\u00e0 cliccando sui quali si aprono filmati effettuati con il drone e suggestive immagini.<\/p>\n<p> \tLa terza sezione \u00e8 un\u2019esplorazione del periodo della Grande Guerra, attraverso una selezione di fotografie dei combattimenti nelle trincee e delle distruzioni degli edifici.<\/p>\n<p> \tSeguono le sezioni sugli eventi, sulle informazioni turistiche cittadine e quella dedicata alla speleologia, in fase di caricamento.<\/p>\n<p> \tIl progetto prevede ora la sistemazione delle due sale della torretta: quella dove \u00e8 stato collocato lo schermo touch screen sar\u00e0 allestita in funzione turistica, mentre la sala superiore sar\u00e0 dedicata all\u2019esposizione speleologica.<\/p>\n<p> \tAltre novit\u00e0 di quest\u2019anno: l\u2019avvio delle visite guidate dalla Rocca sino al Parco tematico e nel centro storico cittadino (che riprenderanno dopo le settimane di grande caldo), mentre rimane il servizio di Roccabus e i concerti il sabato pomeriggio alle 18.<\/p>\n<p> \t\u00a0<\/p>\n","protected":false},"excerpt":{"rendered":"<p>Inaugurato l&#8217;infopoint della Rocca<\/p>\n","protected":false},"author":28,"featured_media":43999,"comment_status":"closed","ping_status":"closed","sticky":false,"template":"","format":"standard","meta":{"dwc-title":[],"dwc-content":[],"footnotes":""},"categories":[8],"tags":[],"class_list":["post-43998","post","type-post","status-publish","format-standard","has-post-thumbnail","hentry","category-turismo"],"rttpg_featured_image_url":{"full":["https:\/\/imagazine.it\/wp-content\/uploads\/2024\/01\/48411-1.webp",1620,1080,false],"landscape":["https:\/\/imagazine.it\/wp-content\/uploads\/2024\/01\/48411-1.webp",1620,1080,false],"portraits":["https:\/\/imagazine.it\/wp-content\/uploads\/2024\/01\/48411-1.webp",1620,1080,false],"thumbnail":["https:\/\/imagazine.it\/wp-content\/uploads\/2024\/01\/48411-1-150x150.webp",150,150,true],"medium":["https:\/\/imagazine.it\/wp-content\/uploads\/2024\/01\/48411-1-300x200.webp",300,200,true],"large":["https:\/\/imagazine.it\/wp-content\/uploads\/2024\/01\/48411-1-1024x683.webp",640,427,true],"thumblist":["https:\/\/imagazine.it\/wp-content\/uploads\/2024\/01\/48411-1.webp",300,200,false],"thumbrelated":["https:\/\/imagazine.it\/wp-content\/uploads\/2024\/01\/48411-1.webp",500,333,false],"meccarouselthumb":["https:\/\/imagazine.it\/wp-content\/uploads\/2024\/01\/48411-1.webp",474,316,false],"gridsquare":["https:\/\/imagazine.it\/wp-content\/uploads\/2024\/01\/48411-1.webp",391,260,false],"tileview":["https:\/\/imagazine.it\/wp-content\/uploads\/2024\/01\/48411-1.webp",300,200,false],"1536x1536":["https:\/\/imagazine.it\/wp-content\/uploads\/2024\/01\/48411-1-1536x1024.webp",1536,1024,true],"2048x2048":["https:\/\/imagazine.it\/wp-content\/uploads\/2024\/01\/48411-1.webp",1620,1080,false],"newsup-slider-full":["https:\/\/imagazine.it\/wp-content\/uploads\/2024\/01\/48411-1-1280x720.webp",1280,720,true],"newsup-featured":["https:\/\/imagazine.it\/wp-content\/uploads\/2024\/01\/48411-1-1024x683.webp",1024,683,true],"newsup-medium":["https:\/\/imagazine.it\/wp-content\/uploads\/2024\/01\/48411-1-720x380.webp",720,380,true],"tptn_thumbnail":["https:\/\/imagazine.it\/wp-content\/uploads\/2024\/01\/48411-1.webp",250,167,false],"sow-carousel-default":["https:\/\/imagazine.it\/wp-content\/uploads\/2024\/01\/48411-1-272x182.webp",272,182,true]},"rttpg_author":{"display_name":"redazione","author_link":"https:\/\/imagazine.it\/home_desk\/author\/redazione\/"},"rttpg_comment":0,"rttpg_category":"<a href=\"https:\/\/imagazine.it\/home_desk\/category\/turismo\/\" rel=\"category tag\">TURISMO<\/a>","rttpg_excerpt":"Inaugurato l'infopoint della Rocca","_links":{"self":[{"href":"https:\/\/imagazine.it\/home_desk\/wp-json\/wp\/v2\/posts\/43998","targetHints":{"allow":["GET"]}}],"collection":[{"href":"https:\/\/imagazine.it\/home_desk\/wp-json\/wp\/v2\/posts"}],"about":[{"href":"https:\/\/imagazine.it\/home_desk\/wp-json\/wp\/v2\/types\/post"}],"author":[{"embeddable":true,"href":"https:\/\/imagazine.it\/home_desk\/wp-json\/wp\/v2\/users\/28"}],"replies":[{"embeddable":true,"href":"https:\/\/imagazine.it\/home_desk\/wp-json\/wp\/v2\/comments?post=43998"}],"version-history":[{"count":0,"href":"https:\/\/imagazine.it\/home_desk\/wp-json\/wp\/v2\/posts\/43998\/revisions"}],"wp:featuredmedia":[{"embeddable":true,"href":"https:\/\/imagazine.it\/home_desk\/wp-json\/wp\/v2\/media\/43999"}],"wp:attachment":[{"href":"https:\/\/imagazine.it\/home_desk\/wp-json\/wp\/v2\/media?parent=43998"}],"wp:term":[{"taxonomy":"category","embeddable":true,"href":"https:\/\/imagazine.it\/home_desk\/wp-json\/wp\/v2\/categories?post=43998"},{"taxonomy":"post_tag","embeddable":true,"href":"https:\/\/imagazine.it\/home_desk\/wp-json\/wp\/v2\/tags?post=43998"}],"curies":[{"name":"wp","href":"https:\/\/api.w.org\/{rel}","templated":true}]}}