{"id":43996,"date":"2022-06-20T00:00:00","date_gmt":"2022-06-19T23:00:00","guid":{"rendered":"https:\/\/imagazine.it\/?p=43996"},"modified":"2022-06-20T00:00:00","modified_gmt":"2022-06-19T23:00:00","slug":"la-grande-musica-nel-cuore-delle-alpi","status":"publish","type":"post","link":"https:\/\/imagazine.it\/home_desk\/la-grande-musica-nel-cuore-delle-alpi\/","title":{"rendered":"La grande musica nel cuore delle Alpi"},"content":{"rendered":"<p> \tPresentato nella sede di <strong>Udine<\/strong> della Regione FVG, il Festival della montagna friulana <strong>Carniarmonie<\/strong> alla sua trentunesima edizione, alla presenza dell&#39;assessore regionale alla cultura <strong>Tiziana Gibelli<\/strong>, del rappresentante del Comune di Tolmezzo <strong>Alessandro Prodorutti<\/strong>, del direttore dell&#39;Ert <strong>Renato Manzoni<\/strong>, del direttore artistico del Festival <strong>Claudio Mansutti<\/strong> e del presidente della Fondazione Luigi Bon <strong>Andrea Giavon<\/strong>.\u00a0<\/p>\n<p> \tIl festival della montagna friulana, che nel trentennale della scorsa edizione \u00e8 stato il \u201cfestival dei festival\u201d radunando le migliori iniziative concertistiche tra Carnia, Valcanale e Canal del Ferro, continua nell\u2019ottica di aprire nuove dimensioni di crescita a favore della cultura e del territorio. Allarga ancor di pi\u00f9 gli orizzonti, accresce la qualit\u00e0, gi\u00e0 ampiamente riconosciuta, delle proposte e si fa <strong>festival dei giovani talenti, \u201cin corda doppia\u201d<\/strong>, per usare un termine da scalatori, con affermati artisti internazionali. Numeri in crescita, nella capacit\u00e0 di coinvolgere <strong>29 Comuni<\/strong> con <strong>43 concerti<\/strong> &#8211; <strong>dal 25 giugno al 10 settembre<\/strong> &#8211; in <strong>35 diverse localit\u00e0<\/strong>, dai comuni capoluogo alle frazioni, ai borghi. Dalle chiese, alle pievi, agli alpeggi. Dai musei, alle sale polifunzionali, ai palazzi. Tutto si concentra in <strong>Carniarmonie<\/strong>, volano di un\u2019estate musicale che ormai \u00e8 tradizione, \u201cusanza\u201d in continuo rinnovamento attesa da residenti e turisti, segnalata tra le manifestazioni regionali pi\u00f9 attrattive, capace di apportare un rilevante indotto economico alle attivit\u00e0 produttive e ricettive, oltre che cultura e non solo musicale.<\/p>\n<p> \tInaugurano la rassegna, <strong>sabato 25 giugno alle ore 20.30 nella Pieve di Santa Maria Annunziata di Socchieve<\/strong>, gli <strong>ottoni dell\u2019orchestra dei Wierner<\/strong>: <strong>\u201cDas Philharmonische Posaunen &#8211; Ensemble\u201d<\/strong>, eccellenza di fama mondiale a preludio di un\u2019edizione con diverse stelle del panorama classico. Della scena jazz brilla invece la presenza dei <strong>\u201cThe Swingles\u201d<\/strong>, il <strong>21 luglio al Teatro Candoni di Tolmezzo<\/strong> (unico concerto a pagamento, a prezzi popolari, della rassegna), uno dei gruppi vocali pi\u00f9 ammirati al mondo, unica data in Regione. Il 24 luglio c\u2019\u00e8 la <strong>Kazakhistan Symphony Orchestra<\/strong> all\u2019Abbazia di Moggio Udinese con la celebre violinista <strong>Aiman Sussakhajayeva<\/strong>, il duo pianistico Schiavo-Marchegiani e la direzione di Gudni Emilsson.<\/p>\n<p> \tDal Giappone i <strong>\u201cMusic System Japan Brass Ensemble\u201d<\/strong>, il 5 agosto a Sella Nevea di Chiusaforte diretti da Ottaviano Cristofoli, l\u20198 agosto l\u2019icona del jazz <strong>Gianluigi Trovesi<\/strong> al clarinetto e sax con i <strong>\u201cMutanti Musicali\u201d<\/strong> a Forni di Sotto, l\u201911 agosto il <strong>\u201cPhoenix Piano Quartet\u201d<\/strong> a Ravascletto con un concerto per quaranta dita, il 27 agosto in Malga Pura ad Ampezzo gli <strong>\u201cSlide&#038;Friend\u201d<\/strong>, ensemble di tromboni diretto da <strong>Simon Hogg<\/strong>. Questi sono solo alcuni nomi degli ospiti internazionali e a ben guardare il panorama musicale, <strong>oltre alla grande classica, contemporanea e jazz di varia estrazione, Carniarmonie esplora anche le musiche dal mondo<\/strong>.<\/p>\n<p> \tL\u2019Andalusia con un trio autoctono il 19 luglio a Preone, il mondo klezmer con il \u201cDomus Musicae Quartet\u201d il 2 agosto ad Ampezzo, il tango con il bandoneonista Fabio Furia e l\u2019FVG Orchestra diretta da Vito Clemente il 6 agosto a Tolmezzo, la musica tzigana il 7 agosto a Raveo con il duo D\u2019Eusanio-Daris, la canzone italiana mercoled\u00ec 10 agosto a Chiusaforte con il progetto \u201cDell\u2019amore e della libert\u00e0\u201d, la tradizione spagnola e argentina con \u201cVuelvo al Sur\u201d il 23 agosto a Comeglians.<\/p>\n<p> \t<strong>Tanti e importanti gli autori, gli interpreti e le formazioni friulane, oltre ai gi\u00e0 citati<\/strong>. Anche qui, per il momento, solo qualche altro nome: <strong>\u201c<\/strong>Coro Fvg\u201d e \u201cOrchestra S. Marco di Pordenone\u201d, con ospiti \u201cLa Pifaresca\u201d diretti da Gianluca Cagnani il 17 luglio a Pontebba nel nome di Bach, \u201cMac Saxophone Quartet\u201d con brillanti ospiti il 23 luglio a Pontebba, la \u201cTopolovska Minimalna Orchestra\u201d il 28 luglio a Villa di Verzegnis, l\u2019\u201dAccademia d\u2019Archi Arrigoni\u201d con la stella del violino Daniil Bulajev il 30 luglio a Cesclans, i \u201cMezzo Sotto\u201d il 7 agosto nell\u2019Area Archeologica di Zuglio, Glauco Venier con una nuova produzione coreografica e drammaturgica di \u201cPier Paolo Suite\u201d il 12 agosto a Forni Avoltri, la \u201c1000 Streets\u2019 Orchestra\u201d il 15 agosto a Cave del Predil, \u201cLes Babettes\u201d il 28 agosto a Moggio Udinese e la lista continua con musica di alto livello per tutti i gusti.<\/p>\n<p> \t<strong>Un cenno meritano le giovani promesse ed i concerti dedicati<\/strong>, come quello in ricordo di don Pierluigi Di Piazza il 31 luglio a Tualis, il progetto \u201cGorizia? Una Dama\u2026\u201d il 17 agosto a Tolmezzo, \u201cMingus Finger\u201d a cent\u2019anni dalla nascita con Daniele D\u2019Agaro e Alessandro Turchet. <strong>Ricordiamo i giovani talenti<\/strong> <strong>nostrani<\/strong> in formazioni da camera: il \u201cTulipDuo\u201d il 3 agosto a Timau, il duo \u201cMolaro-Chiarato\u201d il 4 agosto a Ovaro, il duo \u201cCalligaris-Ilienko\u201d il 21 agosto a Malborghetto e tanti altri da scoprire.<\/p>\n<p> \t<strong>Carniarmonie<\/strong>, dopo aver fatto scoprire agli stessi locali <strong>bellezze nascoste<\/strong> non ancora valorizzate, allarga la platea delle localit\u00e0 e delle sedi, <strong>promuovendo iniziative e progettualit\u00e0<\/strong> di altre realt\u00e0 perch\u00e9 crede nella forza della cooperazione.<\/p>\n<p> \tCos\u00ec accade con <strong>\u201cLa lunga notte delle Pievi in Carnia\u201d<\/strong> un triduo, <strong>dal 15 al 17 luglio<\/strong>, quest\u2019anno dedicato alle <strong>\u201cDonne di Carnia\u201d<\/strong>, con ospiti cori italiani e stranieri tutti femminili per concerti che saranno introdotti tutti da autrici su temi in rosa e degustazioni con prodotti locali realizzati da produttrici carniche (corofvg.it).<\/p>\n<p> \tAltrettanto vale con l\u2019\u201c<strong>Agosto Archeologico\u201d<\/strong>, storica rassegna alla 33^ edizione, la presentazione del libro <strong>\u201cI disegni della musica in Carnia\u201d<\/strong> di <strong>Alessio Screm<\/strong> con le fotografie di <strong>Ulderica Da Pozzo<\/strong>. Carniarmonie, oltre alle storiche chiese, pievi, sale polifunzionali, teatri e auditorium, fa riscoprire la Carnia dei <strong>centri espositivi<\/strong>, come il Museo Carnico di Tolmezzo, Palazzo Savoia di Arta Terme, il Polo Museale di Cave del Predil, Palazzo Veneziano di Malborghetto-Valbruna, e <strong>la Carnia a cielo aperto<\/strong>, come l\u2019Area Archeologica del Foro Romano di Zuglio, l\u2019Art Park di Villa di Verzegnis, il Santuario Madonna del Monte Castellano a Raveo e il Monte Lussari con i loro Santuari, Malga Pura ad Ampezzo, con sempre un\u2019alternativa in caso di pioggia.<\/p>\n<p> \tInfo: <u><strong><a href=\"http:\/\/www.carniarmonie.it\" target=\"_blank\" rel=\"noopener\"><span style=\"color:#0000cd;\">www.carniarmonie.it<\/span><\/a><span style=\"color:#0000cd;\"> <\/span><\/strong><\/u><\/p>\n<p> \t\u00a0<\/p>\n","protected":false},"excerpt":{"rendered":"<p>Torna Carniarmonie<\/p>\n","protected":false},"author":28,"featured_media":43997,"comment_status":"closed","ping_status":"closed","sticky":false,"template":"","format":"standard","meta":{"dwc-title":[],"dwc-content":[],"footnotes":""},"categories":[37],"tags":[],"class_list":["post-43996","post","type-post","status-publish","format-standard","has-post-thumbnail","hentry","category-cultura-e-spettacolo"],"rttpg_featured_image_url":{"full":["https:\/\/imagazine.it\/wp-content\/uploads\/2024\/01\/48409-1.webp",800,381,false],"landscape":["https:\/\/imagazine.it\/wp-content\/uploads\/2024\/01\/48409-1.webp",800,381,false],"portraits":["https:\/\/imagazine.it\/wp-content\/uploads\/2024\/01\/48409-1.webp",800,381,false],"thumbnail":["https:\/\/imagazine.it\/wp-content\/uploads\/2024\/01\/48409-1-150x150.webp",150,150,true],"medium":["https:\/\/imagazine.it\/wp-content\/uploads\/2024\/01\/48409-1-300x143.webp",300,143,true],"large":["https:\/\/imagazine.it\/wp-content\/uploads\/2024\/01\/48409-1.webp",640,305,false],"thumblist":["https:\/\/imagazine.it\/wp-content\/uploads\/2024\/01\/48409-1.webp",300,143,false],"thumbrelated":["https:\/\/imagazine.it\/wp-content\/uploads\/2024\/01\/48409-1.webp",500,238,false],"meccarouselthumb":["https:\/\/imagazine.it\/wp-content\/uploads\/2024\/01\/48409-1.webp",474,226,false],"gridsquare":["https:\/\/imagazine.it\/wp-content\/uploads\/2024\/01\/48409-1.webp",391,186,false],"tileview":["https:\/\/imagazine.it\/wp-content\/uploads\/2024\/01\/48409-1.webp",300,143,false],"1536x1536":["https:\/\/imagazine.it\/wp-content\/uploads\/2024\/01\/48409-1.webp",800,381,false],"2048x2048":["https:\/\/imagazine.it\/wp-content\/uploads\/2024\/01\/48409-1.webp",800,381,false],"newsup-slider-full":["https:\/\/imagazine.it\/wp-content\/uploads\/2024\/01\/48409-1.webp",800,381,false],"newsup-featured":["https:\/\/imagazine.it\/wp-content\/uploads\/2024\/01\/48409-1.webp",800,381,false],"newsup-medium":["https:\/\/imagazine.it\/wp-content\/uploads\/2024\/01\/48409-1-720x380.webp",720,380,true],"tptn_thumbnail":["https:\/\/imagazine.it\/wp-content\/uploads\/2024\/01\/48409-1.webp",250,119,false],"sow-carousel-default":["https:\/\/imagazine.it\/wp-content\/uploads\/2024\/01\/48409-1-272x182.webp",272,182,true]},"rttpg_author":{"display_name":"redazione","author_link":"https:\/\/imagazine.it\/home_desk\/author\/redazione\/"},"rttpg_comment":0,"rttpg_category":"<a href=\"https:\/\/imagazine.it\/home_desk\/category\/cultura-e-spettacolo\/\" rel=\"category tag\">CULTURA&amp;SPETTACOLO<\/a>","rttpg_excerpt":"Torna Carniarmonie","_links":{"self":[{"href":"https:\/\/imagazine.it\/home_desk\/wp-json\/wp\/v2\/posts\/43996","targetHints":{"allow":["GET"]}}],"collection":[{"href":"https:\/\/imagazine.it\/home_desk\/wp-json\/wp\/v2\/posts"}],"about":[{"href":"https:\/\/imagazine.it\/home_desk\/wp-json\/wp\/v2\/types\/post"}],"author":[{"embeddable":true,"href":"https:\/\/imagazine.it\/home_desk\/wp-json\/wp\/v2\/users\/28"}],"replies":[{"embeddable":true,"href":"https:\/\/imagazine.it\/home_desk\/wp-json\/wp\/v2\/comments?post=43996"}],"version-history":[{"count":0,"href":"https:\/\/imagazine.it\/home_desk\/wp-json\/wp\/v2\/posts\/43996\/revisions"}],"wp:featuredmedia":[{"embeddable":true,"href":"https:\/\/imagazine.it\/home_desk\/wp-json\/wp\/v2\/media\/43997"}],"wp:attachment":[{"href":"https:\/\/imagazine.it\/home_desk\/wp-json\/wp\/v2\/media?parent=43996"}],"wp:term":[{"taxonomy":"category","embeddable":true,"href":"https:\/\/imagazine.it\/home_desk\/wp-json\/wp\/v2\/categories?post=43996"},{"taxonomy":"post_tag","embeddable":true,"href":"https:\/\/imagazine.it\/home_desk\/wp-json\/wp\/v2\/tags?post=43996"}],"curies":[{"name":"wp","href":"https:\/\/api.w.org\/{rel}","templated":true}]}}