{"id":43982,"date":"2022-06-18T00:00:00","date_gmt":"2022-06-17T23:00:00","guid":{"rendered":"https:\/\/imagazine.it\/?p=43982"},"modified":"2022-06-18T00:00:00","modified_gmt":"2022-06-17T23:00:00","slug":"il-fuoco-di-beleno-arde-di-nuovo-ad-aquileia","status":"publish","type":"post","link":"https:\/\/imagazine.it\/home_desk\/il-fuoco-di-beleno-arde-di-nuovo-ad-aquileia\/","title":{"rendered":"Il fuoco di Beleno arde di nuovo ad Aquileia"},"content":{"rendered":"<p> \tPer tre giorni \u2013 venerd\u00ec 24, sabato 25 e domenica 26 giugno \u2013 Aquileia torner\u00e0 alle atmosfere del 181 a.C. e regaler\u00e0 a tutti un viaggio nel tempo e nella storia di quella che \u00e8 stata una delle pi\u00f9 grandi citt\u00e0 dell\u2019Impero romano.<\/p>\n<p> \tCentinaia di rievocatori celti e romani riempiranno le strade, le piazze e i luoghi simbolo della citt\u00e0\u00a0per l\u2019ottava edizione di <em>Tempora in Aquileia<\/em>, la manifestazione organizzata da Comune di Aquileia, Pro Loco Aquileia, Associazione Imprenditori Citt\u00e0 di Aquileia con il sostegno di Fondazione Aquileia.<\/p>\n<p> \t\u00abDopo tre anni di stop \u2013 sottolinea <strong>Emanuele Zorino<\/strong>, sindaco di Aquileia \u2013 abbiamo fortemente voluto riproporre al pubblico la grande rievocazione storica della fondazione della citt\u00e0 di Aquileia, e abbiamo potuto farlo grazie ad una solida rete di collaborazioni sul territorio. Sar\u00e0 una festa di tutti all\u2019insegna della riscoperta del passato e della nostra identit\u00e0 culturale\u00bb.<\/p>\n<p> \t\u00abLa valorizzazione del patrimonio del sito Unesco di Aquileia \u00e8 il nostro obiettivo \u2013 commenta\u00a0<strong>Roberto Corciulo<\/strong>, presidente della Fondazione Aquileia \u2013 e la rievocazione storica, regalando a tutti un\u2019esperienza immersiva nella storia, \u00e8 uno strumento efficace di narrazione e coinvolgimento e, nel contempo, un momento aggregativo importante per la comunit\u00e0 locale. Per questi motivi abbiamo voluto condividere questo importante progetto di territorio\u00bb.<\/p>\n<p> \tDurante l\u2019intero fine settimana, immersi nel centro storico e nelle aree archeologiche della citt\u00e0 ci si potr\u00e0 imbattere nella quotidianit\u00e0 di un legionario romano o in quella di un guerriero celta, nei saperi e nei sapori dell&#39;antico mercato. Si potr\u00e0 assistere alle sfide tra gladiatori, rivivere l\u2019atto di fondazione di Aquileia con la rievocazione del rito del <em>sulcus primigenius<\/em>, scoprire antiche danze, seguire la marcia della legione tra le vie della citt\u00e0.<\/p>\n<p> \tLa cerimonia di apertura con l\u2019accensione del fuoco di Beleno si terr\u00e0 venerd\u00ec 24 giugno alle 21 nell\u2019area dell\u2019accampamento romano (accanto al Foro) con la partecipazione straordinaria di Roberto Giacobbo, il conduttore di <em>Freedom<\/em>.<\/p>\n<p> \tDurante le giornate di sabato e domenica, da mattina alla sera tardi si potranno visitare gli accampamenti celta e romano allestiti nell\u2019area del fondo Cal e nell\u2019area accanto al foro e assistere a scene di vita quotidiana.<\/p>\n<p> \tCi si potr\u00e0 esercitare in prove di arcieria celta e romana, seguire itinerari guidati a cavallo, degustare la cucina romana agli stand enogastronomici e apprendere la tecnica del mosaico.<\/p>\n<p> \tL\u2019edizione di quest\u2019anno verter\u00e0 su un tema di grande attualit\u00e0: quello della Diplomazia. Le vicende riguardano infatti quanto accaduto nel 171 a.C., quando il console Gaio Cassio Longino, secondo quella che pare un\u2019iniziativa assolutamente personale, marci\u00f2 verso l\u2019Illirico per minacciare la sfera d\u2019influenza della Macedonia. Durante la marcia il console richiese ai Galli Carni delle guide per attraversare il territorio giuliano, poi, senza un motivo apparente se non quello del profitto personale, saccheggi\u00f2 e devast\u00f2 le loro terre, ponendo in schiavit\u00f9 gran parte della popolazione.<\/p>\n<p> \tI Carni chiamarono pertanto in aiuto i loro protettori Taurisci, e una delegazione mista di Taurisci, Carni e Iapodi, condotta dal fratello del re del Norico, Cincibilo, si rec\u00f2 a Roma per protestare per la condotta di Longino. La situazione, proprio sull\u2019orlo dello scoppio di una battaglia, mut\u00f2 completamente esito grazie alla Diplomazia.<\/p>\n<p> \t\u00a0<\/p>\n<p> \t<u><strong><a href=\"http:\/\/www.imagazine.it\/eventi\/41041\" target=\"_blank\" rel=\"noopener\"><span style=\"color:#0000cd;\">Clicca qui per il programma dettagliato<\/span><\/a><\/strong><\/u><\/p>\n<p> \t\u00a0<\/p>\n","protected":false},"excerpt":{"rendered":"<p>Torna &#8220;Tempora&#8221;<\/p>\n","protected":false},"author":28,"featured_media":43983,"comment_status":"closed","ping_status":"closed","sticky":false,"template":"","format":"standard","meta":{"dwc-title":[],"dwc-content":[],"footnotes":""},"categories":[8],"tags":[],"class_list":["post-43982","post","type-post","status-publish","format-standard","has-post-thumbnail","hentry","category-turismo"],"rttpg_featured_image_url":{"full":["https:\/\/imagazine.it\/wp-content\/uploads\/2024\/01\/48377-1.webp",1000,667,false],"landscape":["https:\/\/imagazine.it\/wp-content\/uploads\/2024\/01\/48377-1.webp",1000,667,false],"portraits":["https:\/\/imagazine.it\/wp-content\/uploads\/2024\/01\/48377-1.webp",1000,667,false],"thumbnail":["https:\/\/imagazine.it\/wp-content\/uploads\/2024\/01\/48377-1-150x150.webp",150,150,true],"medium":["https:\/\/imagazine.it\/wp-content\/uploads\/2024\/01\/48377-1-300x200.webp",300,200,true],"large":["https:\/\/imagazine.it\/wp-content\/uploads\/2024\/01\/48377-1.webp",640,427,false],"thumblist":["https:\/\/imagazine.it\/wp-content\/uploads\/2024\/01\/48377-1.webp",300,200,false],"thumbrelated":["https:\/\/imagazine.it\/wp-content\/uploads\/2024\/01\/48377-1.webp",500,334,false],"meccarouselthumb":["https:\/\/imagazine.it\/wp-content\/uploads\/2024\/01\/48377-1.webp",474,316,false],"gridsquare":["https:\/\/imagazine.it\/wp-content\/uploads\/2024\/01\/48377-1.webp",391,260,false],"tileview":["https:\/\/imagazine.it\/wp-content\/uploads\/2024\/01\/48377-1.webp",300,200,false],"1536x1536":["https:\/\/imagazine.it\/wp-content\/uploads\/2024\/01\/48377-1.webp",1000,667,false],"2048x2048":["https:\/\/imagazine.it\/wp-content\/uploads\/2024\/01\/48377-1.webp",1000,667,false],"newsup-slider-full":["https:\/\/imagazine.it\/wp-content\/uploads\/2024\/01\/48377-1.webp",1000,667,false],"newsup-featured":["https:\/\/imagazine.it\/wp-content\/uploads\/2024\/01\/48377-1.webp",1000,667,false],"newsup-medium":["https:\/\/imagazine.it\/wp-content\/uploads\/2024\/01\/48377-1-720x380.webp",720,380,true],"tptn_thumbnail":["https:\/\/imagazine.it\/wp-content\/uploads\/2024\/01\/48377-1.webp",250,167,false],"sow-carousel-default":["https:\/\/imagazine.it\/wp-content\/uploads\/2024\/01\/48377-1-272x182.webp",272,182,true]},"rttpg_author":{"display_name":"redazione","author_link":"https:\/\/imagazine.it\/home_desk\/author\/redazione\/"},"rttpg_comment":0,"rttpg_category":"<a href=\"https:\/\/imagazine.it\/home_desk\/category\/turismo\/\" rel=\"category tag\">TURISMO<\/a>","rttpg_excerpt":"Torna \"Tempora\"","_links":{"self":[{"href":"https:\/\/imagazine.it\/home_desk\/wp-json\/wp\/v2\/posts\/43982","targetHints":{"allow":["GET"]}}],"collection":[{"href":"https:\/\/imagazine.it\/home_desk\/wp-json\/wp\/v2\/posts"}],"about":[{"href":"https:\/\/imagazine.it\/home_desk\/wp-json\/wp\/v2\/types\/post"}],"author":[{"embeddable":true,"href":"https:\/\/imagazine.it\/home_desk\/wp-json\/wp\/v2\/users\/28"}],"replies":[{"embeddable":true,"href":"https:\/\/imagazine.it\/home_desk\/wp-json\/wp\/v2\/comments?post=43982"}],"version-history":[{"count":0,"href":"https:\/\/imagazine.it\/home_desk\/wp-json\/wp\/v2\/posts\/43982\/revisions"}],"wp:featuredmedia":[{"embeddable":true,"href":"https:\/\/imagazine.it\/home_desk\/wp-json\/wp\/v2\/media\/43983"}],"wp:attachment":[{"href":"https:\/\/imagazine.it\/home_desk\/wp-json\/wp\/v2\/media?parent=43982"}],"wp:term":[{"taxonomy":"category","embeddable":true,"href":"https:\/\/imagazine.it\/home_desk\/wp-json\/wp\/v2\/categories?post=43982"},{"taxonomy":"post_tag","embeddable":true,"href":"https:\/\/imagazine.it\/home_desk\/wp-json\/wp\/v2\/tags?post=43982"}],"curies":[{"name":"wp","href":"https:\/\/api.w.org\/{rel}","templated":true}]}}