{"id":43974,"date":"2022-06-17T00:00:00","date_gmt":"2022-06-16T23:00:00","guid":{"rendered":"https:\/\/imagazine.it\/?p=43974"},"modified":"2022-06-17T00:00:00","modified_gmt":"2022-06-16T23:00:00","slug":"biblioteche-a-cielo-aperto-nella-bassa-friulana","status":"publish","type":"post","link":"https:\/\/imagazine.it\/home_desk\/biblioteche-a-cielo-aperto-nella-bassa-friulana\/","title":{"rendered":"Biblioteche a cielo aperto nella Bassa friulana"},"content":{"rendered":"<p> \tPiena di eventi l\u2019estate delle \u201c<strong>Biblioteche a cielo aperto!<\/strong>\u201d, progetto finanziato dal bando nazionale <strong>&#8220;Citt\u00e0 che legge&#8221;<\/strong> in collaborazione tra il Comune di San Giorgio di Nogaro, Comune di Bagnaria Arsa, Comune di Cervignano del Friuli, Comune di Latisana e cooperativa Damatr\u00e0 onlus.<\/p>\n<p> \tL\u2019idea di\u00a0<strong>Biblioteche a cielo aperto<\/strong>\u00a0\u00e8 quella di portare i libri dove meno te li aspetti, ogni luogo pu\u00f2 essere un possibile luogo di lettura.<\/p>\n<p> \t\u201cPuoi leggere anche qui\u201d comunica infatti la carriola gialla che compare nei giardini, nelle piazze, lungo le piste ciclabili, nei campi di allenamento sportivo, o nell\u2019atelier degli artisti.<\/p>\n<p> \tBiblioteche a cielo aperto ha l\u2019obiettivo di far circolare il valore della lettura, spaziando tra luoghi ed esperienze in posti inaspettati e ritrovare la lettura fuori dalle solite mura, fuori dagli scaffali, fuori dagli schemi, a cielo aperto, nel quotidiano, ovunque.<\/p>\n<p> \tTutto \u00e8 reso possibile dalla sinergica collaborazione tra biblioteche, scuole, associazioni, operatori culturali e sociali che insieme hanno sottoscritto i patti per la lettura il cui obiettivo \u00e8 rivitalizzare il tessuto sociale messo a dura prova dall\u2019esperienza pandemica e restituire al pi\u00f9 vasto pubblico l\u2019esperienza di quanto libri e lettura contribuiscono al benessere delle relazioni.<\/p>\n<p> \tI prossimi appuntamenti tra pedalate e canoe sono aperti a adulti e bambini insieme. Tutte le attivit\u00e0 sono gratuite.<\/p>\n<p> \t\u00a0<\/p>\n<p> \t<strong>SABATO 18 GIUGNO 2022<\/strong><\/p>\n<p> \t<strong>Cervignano del Friuli<\/strong><\/p>\n<p> \tIn bicicletta lungo la ciclovia per Strassoldo per scoprire che tutte le strade portano a un libro \u2026 anche quelle a pedali. Percorso adatto a tutti.<\/p>\n<p> \tORE 16.00. Ritrovo presso il \u201cGiardino dei diritti\u201d della biblioteca con la propria bicicletta e caschetto di sicurezza e poi pedaleremo insieme accompagnati dagli amici di Sognandoinbici e dalle storie di Damatr\u00e0.<\/p>\n<p> \tPER INFORMAZIONI E ISCRIZIONI: 0431\/388540 &#8211;\u00a0 <a href=\"mailto:bibliteca@comune.cervignanodelfriuli.ud.it\" target=\"_blank\" rel=\"noopener\">bibliteca@comune.cervignanodelfriuli.ud.it<\/a><\/p>\n<p> \t\u00a0<\/p>\n<p> \t<strong>SABATO 18 GIUGNO 2022 <\/strong><\/p>\n<p> \t<strong>San Giorgio di Nogaro &#8211; presso Centro Canoa\u00a0San Giorgio<\/strong><\/p>\n<p> \tUn vero viaggio in canoa per scoprire i segreti del fiume Corno. Ogni escursione in canoa \u00e8 accompagnata da narrazioni e laboratori creativi in tema.<\/p>\n<p> \tPer bambini e bambine a partire dagli 8 anni: 1\u00b0 turno ore 16; 2\u00b0 turno ore 18.<\/p>\n<p> \tA cura di 0432 associazione culturale, in collaborazione con Centro Canoa San Giorgio<\/p>\n<p> \tAttivit\u00e0 gratuita con posti limitati e prenotazione obbligatoria. Per informazioni e iscrizioni: <em>Biblioteca Villa Dora tel. 0431\/620281<\/em><\/p>\n<p> \t<strong>Sabato 25 giugno 2022<\/strong><\/p>\n<p> \tLatisana \u2013 Ciclovia lungo l\u2019argine del fiume Tagliamento<\/p>\n<p> \tUna pedalata lungo il fiume Tagliamento alla scoperta di storie e natura<\/p>\n<p> \tORE 10.00. Ritrovo in biblioteca con la propria bicicletta e caschetto di sicurezza<\/p>\n<p> \tSi pedaler\u00e0 insieme, accompagnati dagli amici di Sognandoinbici e da Damatr\u00e0. Attivit\u00e0 gratuita con posti limitati e prenotazione obbligatoria. Per informazioni e iscrizioni: Biblioteca di Latisana tel. 0431\/525179-181,\u00a0e-mail <a href=\"mailto:biblioteca@comune.latisana.ud.it\" target=\"_blank\" rel=\"noopener\">biblioteca@comune.latisana.ud.it<\/a><\/p>\n<p> \t\u00a0<\/p>\n","protected":false},"excerpt":{"rendered":"<p>I libri dove meno ci si aspetta<\/p>\n","protected":false},"author":28,"featured_media":43975,"comment_status":"closed","ping_status":"closed","sticky":false,"template":"","format":"standard","meta":{"dwc-title":[],"dwc-content":[],"footnotes":""},"categories":[37],"tags":[],"class_list":["post-43974","post","type-post","status-publish","format-standard","has-post-thumbnail","hentry","category-cultura-e-spettacolo"],"rttpg_featured_image_url":{"full":["https:\/\/imagazine.it\/wp-content\/uploads\/2024\/01\/48358-1.webp",1000,750,false],"landscape":["https:\/\/imagazine.it\/wp-content\/uploads\/2024\/01\/48358-1.webp",1000,750,false],"portraits":["https:\/\/imagazine.it\/wp-content\/uploads\/2024\/01\/48358-1.webp",1000,750,false],"thumbnail":["https:\/\/imagazine.it\/wp-content\/uploads\/2024\/01\/48358-1-150x150.webp",150,150,true],"medium":["https:\/\/imagazine.it\/wp-content\/uploads\/2024\/01\/48358-1-300x225.webp",300,225,true],"large":["https:\/\/imagazine.it\/wp-content\/uploads\/2024\/01\/48358-1.webp",640,480,false],"thumblist":["https:\/\/imagazine.it\/wp-content\/uploads\/2024\/01\/48358-1.webp",300,225,false],"thumbrelated":["https:\/\/imagazine.it\/wp-content\/uploads\/2024\/01\/48358-1.webp",500,375,false],"meccarouselthumb":["https:\/\/imagazine.it\/wp-content\/uploads\/2024\/01\/48358-1.webp",432,324,false],"gridsquare":["https:\/\/imagazine.it\/wp-content\/uploads\/2024\/01\/48358-1.webp",347,260,false],"tileview":["https:\/\/imagazine.it\/wp-content\/uploads\/2024\/01\/48358-1.webp",300,225,false],"1536x1536":["https:\/\/imagazine.it\/wp-content\/uploads\/2024\/01\/48358-1.webp",1000,750,false],"2048x2048":["https:\/\/imagazine.it\/wp-content\/uploads\/2024\/01\/48358-1.webp",1000,750,false],"newsup-slider-full":["https:\/\/imagazine.it\/wp-content\/uploads\/2024\/01\/48358-1-1000x720.webp",1000,720,true],"newsup-featured":["https:\/\/imagazine.it\/wp-content\/uploads\/2024\/01\/48358-1.webp",1000,750,false],"newsup-medium":["https:\/\/imagazine.it\/wp-content\/uploads\/2024\/01\/48358-1-720x380.webp",720,380,true],"tptn_thumbnail":["https:\/\/imagazine.it\/wp-content\/uploads\/2024\/01\/48358-1.webp",250,188,false],"sow-carousel-default":["https:\/\/imagazine.it\/wp-content\/uploads\/2024\/01\/48358-1-272x182.webp",272,182,true]},"rttpg_author":{"display_name":"redazione","author_link":"https:\/\/imagazine.it\/home_desk\/author\/redazione\/"},"rttpg_comment":0,"rttpg_category":"<a href=\"https:\/\/imagazine.it\/home_desk\/category\/cultura-e-spettacolo\/\" rel=\"category tag\">CULTURA&amp;SPETTACOLO<\/a>","rttpg_excerpt":"I libri dove meno ci si aspetta","_links":{"self":[{"href":"https:\/\/imagazine.it\/home_desk\/wp-json\/wp\/v2\/posts\/43974","targetHints":{"allow":["GET"]}}],"collection":[{"href":"https:\/\/imagazine.it\/home_desk\/wp-json\/wp\/v2\/posts"}],"about":[{"href":"https:\/\/imagazine.it\/home_desk\/wp-json\/wp\/v2\/types\/post"}],"author":[{"embeddable":true,"href":"https:\/\/imagazine.it\/home_desk\/wp-json\/wp\/v2\/users\/28"}],"replies":[{"embeddable":true,"href":"https:\/\/imagazine.it\/home_desk\/wp-json\/wp\/v2\/comments?post=43974"}],"version-history":[{"count":0,"href":"https:\/\/imagazine.it\/home_desk\/wp-json\/wp\/v2\/posts\/43974\/revisions"}],"wp:featuredmedia":[{"embeddable":true,"href":"https:\/\/imagazine.it\/home_desk\/wp-json\/wp\/v2\/media\/43975"}],"wp:attachment":[{"href":"https:\/\/imagazine.it\/home_desk\/wp-json\/wp\/v2\/media?parent=43974"}],"wp:term":[{"taxonomy":"category","embeddable":true,"href":"https:\/\/imagazine.it\/home_desk\/wp-json\/wp\/v2\/categories?post=43974"},{"taxonomy":"post_tag","embeddable":true,"href":"https:\/\/imagazine.it\/home_desk\/wp-json\/wp\/v2\/tags?post=43974"}],"curies":[{"name":"wp","href":"https:\/\/api.w.org\/{rel}","templated":true}]}}