{"id":43956,"date":"2022-06-16T00:00:00","date_gmt":"2022-06-15T23:00:00","guid":{"rendered":"https:\/\/imagazine.it\/?p=43956"},"modified":"2022-06-16T00:00:00","modified_gmt":"2022-06-15T23:00:00","slug":"liberta-di-stampa-ronchi-e-leali-delle-notizie-premiati-a-roma","status":"publish","type":"post","link":"https:\/\/imagazine.it\/home_desk\/liberta-di-stampa-ronchi-e-leali-delle-notizie-premiati-a-roma\/","title":{"rendered":"Libert\u00e0 di stampa, Ronchi e Leali delle Notizie premiati a Roma"},"content":{"rendered":"<p> \tContinuano gli appuntamenti dell\u2019<strong>VIII edizione del Festival del Giornalismo<\/strong> di Leali delle Notizie a <strong>Ronchi dei Legionari<\/strong>.<\/p>\n<p> \tIl presidente della Federazione della Stampa Italiana e portavoce nazionale dell\u2019associazione Articolo 21 <strong>Giuseppe Giulietti<\/strong> \u00e8 tornato a fare visita alla manifestazione.\u00a0<\/p>\n<p> \t\u00abLa mia proposta quest\u2019anno all\u2019VIII edizione del Festival del Giornalismo \u00e8 quella di creare una <strong>rete di citt\u00e0 che adottino l\u2019articolo 21 della nostra costituzione<\/strong> &#8211; ha detto ieri <strong>Giulietti<\/strong> -. L\u2019articolo 21 non \u00e8 solo la libert\u00e0 dei giornalisti di esercitare il proprio mestiere, ma \u00e8 il diritto dei cittadini di poter scegliere e di esprimere e comunicare pensieri diversi. Il <strong>4 luglio<\/strong> l\u2019associazione Articolo 21 compir\u00e0 20 anni di vita, nel corso dei quali ha cercato di difendere la libert\u00e0 di espressione. In occasione di questo importante anniversario <strong>vogliamo premiare le comunit\u00e0 che abbiamo incontrato e che portano avanti le nostre stesse battaglie<\/strong>\u00bb.\u00a0<\/p>\n<p> \t\u00abDopo aver dato una targa ai Comuni di Marzabotto e Sant&#39;Anna &#8211; ha proseguito <strong>Giulietti<\/strong> -, vorremmo quest\u2019anno dare un <strong>riconoscimento pieno all\u2019intera comunit\u00e0 di Ronchi dei Legionari e all\u2019associazione Leali delle Notizie per tutte le attivit\u00e0 che sono state svolte a difesa della libert\u00e0 di stampa e di espressione<\/strong>. Il <strong>4 luglio<\/strong> a <strong>Roma<\/strong> ripercorreremo nella <strong>Casa Internazionale delle Donne<\/strong> tutte le battaglie che sono state portate avanti negli anni da Articolo 21 e <strong>consegneremo una targa di riconoscimento al Comune di Ronchi dei Legionari e all&#39;associazione Leali delle Notizie<\/strong>\u00bb.<\/p>\n<p> \tIn linea con la lotta alla libert\u00e0 di stampa di espressione e contro la corruzione, la prima parte della seconda giornata del Festival del Giornalismo di Leali delle Notizie si \u00e8 focalizzata sull\u2019<strong>anno 1992<\/strong>: un anno fondamentale per la storia politica, culturale e sociale del nostro Paese.\u00a0<\/p>\n<p> \tQuello fu l\u2019anno in cui venne chiuso <strong><em>L\u2019ora<\/em>, il quotidiano che per primo raccont\u00f2 che cosa fosse la mafia<\/strong>, quali fossero i rapporti con la politica e con l\u2019economia siciliana e che per questo, dopo <strong>una bomba nelle rotative, giornalisti minacciati e 3 giornalisti uccisi<\/strong>, interruppe le pubblicazioni.<\/p>\n<p> \tSono stati gli stessi cronisti del quotidiano a raccontarne ieri la storia al Festival: <strong>Enzo D\u2019Antona<\/strong>, <strong>Roberto Leone<\/strong> e <strong>Bianca Stancanelli<\/strong>. Hanno condiviso con il pubblico in sala ricordi della vita della redazione e di momenti salienti che hanno seguito come giornalisti, come<strong> l\u2019uccisione di Piersanti Mattarella<\/strong>.\u00a0<\/p>\n<p> \tA ricordare <strong>la strage di Via D\u2019Amelio<\/strong> \u00e8 stato <strong>Giuseppe Ayala<\/strong>, ex magistrato e politico italiano, che per primo ha riconosciuto il cadavere di<strong> Paolo Borsellino<\/strong>. <strong>Rosy Bindi<\/strong>, ex Ministra per la Sanit\u00e0 e per le Politiche per la Famiglia, ha continuato il discorso, puntando l\u2019attenzione sul fatto che c\u2019\u00e8 una mafia che \u00e8 stata sconfitta, quella delle stragi. Ma c\u2019\u00e8 ancora una <strong>mafia che continua a esistere, in altre forme<\/strong>, senza aver bisogno di ricorrere alla violenza che ha caratterizzato gli anni Novanta.\u00a0<\/p>\n<p> \tUna testimonianza \u00e8 stata portata poi dai giornalisti <strong>Attilio Bolzoni<\/strong> e <strong>Salvo Palazzolo<\/strong>, che da trent\u2019anni seguono la cronaca di mafia del nostro paese, raccontando delle stragi e del rapporto tra la mafia e la politica.\u00a0<\/p>\n<p> \tNella seconda parte della giornata si \u00e8 parlato invece di comunicazione dello <strong>sport<\/strong> e di <strong>diritti umani<\/strong>. La preparazione ai <strong>mondiali di calcio che si terranno quest&#39;anno in Qatar<\/strong> ha mostrato continue <strong>violazioni di diritti<\/strong> e <strong>abusi nei contratti di lavoro<\/strong>, simili a forme di <strong>schiavit\u00f9<\/strong>, e perfino <strong>operai immigranti morti <\/strong>durante la costruzione degli impianti sportivi dove si giocheranno i mondiali.<\/p>\n<p> \t<strong>Riccardo Noury, portavoce di Amnesty Italia<\/strong>, ha raccontato della campagna e delle strategie che l&#39;associazione sta portando avanti, come il coinvolgimento degli stessi calciatori.<\/p>\n<p> \t\u00a0<\/p>\n","protected":false},"excerpt":{"rendered":"<p>Riconoscimento della FNSI<\/p>\n","protected":false},"author":28,"featured_media":43957,"comment_status":"closed","ping_status":"closed","sticky":false,"template":"","format":"standard","meta":{"dwc-title":[],"dwc-content":[],"footnotes":""},"categories":[37],"tags":[],"class_list":["post-43956","post","type-post","status-publish","format-standard","has-post-thumbnail","hentry","category-cultura-e-spettacolo"],"rttpg_featured_image_url":{"full":["https:\/\/imagazine.it\/wp-content\/uploads\/2024\/01\/48325-1.webp",1000,666,false],"landscape":["https:\/\/imagazine.it\/wp-content\/uploads\/2024\/01\/48325-1.webp",1000,666,false],"portraits":["https:\/\/imagazine.it\/wp-content\/uploads\/2024\/01\/48325-1.webp",1000,666,false],"thumbnail":["https:\/\/imagazine.it\/wp-content\/uploads\/2024\/01\/48325-1-150x150.webp",150,150,true],"medium":["https:\/\/imagazine.it\/wp-content\/uploads\/2024\/01\/48325-1-300x200.webp",300,200,true],"large":["https:\/\/imagazine.it\/wp-content\/uploads\/2024\/01\/48325-1.webp",640,426,false],"thumblist":["https:\/\/imagazine.it\/wp-content\/uploads\/2024\/01\/48325-1.webp",300,200,false],"thumbrelated":["https:\/\/imagazine.it\/wp-content\/uploads\/2024\/01\/48325-1.webp",500,333,false],"meccarouselthumb":["https:\/\/imagazine.it\/wp-content\/uploads\/2024\/01\/48325-1.webp",474,316,false],"gridsquare":["https:\/\/imagazine.it\/wp-content\/uploads\/2024\/01\/48325-1.webp",391,260,false],"tileview":["https:\/\/imagazine.it\/wp-content\/uploads\/2024\/01\/48325-1.webp",300,200,false],"1536x1536":["https:\/\/imagazine.it\/wp-content\/uploads\/2024\/01\/48325-1.webp",1000,666,false],"2048x2048":["https:\/\/imagazine.it\/wp-content\/uploads\/2024\/01\/48325-1.webp",1000,666,false],"newsup-slider-full":["https:\/\/imagazine.it\/wp-content\/uploads\/2024\/01\/48325-1.webp",1000,666,false],"newsup-featured":["https:\/\/imagazine.it\/wp-content\/uploads\/2024\/01\/48325-1.webp",1000,666,false],"newsup-medium":["https:\/\/imagazine.it\/wp-content\/uploads\/2024\/01\/48325-1-720x380.webp",720,380,true],"tptn_thumbnail":["https:\/\/imagazine.it\/wp-content\/uploads\/2024\/01\/48325-1.webp",250,167,false],"sow-carousel-default":["https:\/\/imagazine.it\/wp-content\/uploads\/2024\/01\/48325-1-272x182.webp",272,182,true]},"rttpg_author":{"display_name":"redazione","author_link":"https:\/\/imagazine.it\/home_desk\/author\/redazione\/"},"rttpg_comment":0,"rttpg_category":"<a href=\"https:\/\/imagazine.it\/home_desk\/category\/cultura-e-spettacolo\/\" rel=\"category tag\">CULTURA&amp;SPETTACOLO<\/a>","rttpg_excerpt":"Riconoscimento della FNSI","_links":{"self":[{"href":"https:\/\/imagazine.it\/home_desk\/wp-json\/wp\/v2\/posts\/43956","targetHints":{"allow":["GET"]}}],"collection":[{"href":"https:\/\/imagazine.it\/home_desk\/wp-json\/wp\/v2\/posts"}],"about":[{"href":"https:\/\/imagazine.it\/home_desk\/wp-json\/wp\/v2\/types\/post"}],"author":[{"embeddable":true,"href":"https:\/\/imagazine.it\/home_desk\/wp-json\/wp\/v2\/users\/28"}],"replies":[{"embeddable":true,"href":"https:\/\/imagazine.it\/home_desk\/wp-json\/wp\/v2\/comments?post=43956"}],"version-history":[{"count":0,"href":"https:\/\/imagazine.it\/home_desk\/wp-json\/wp\/v2\/posts\/43956\/revisions"}],"wp:featuredmedia":[{"embeddable":true,"href":"https:\/\/imagazine.it\/home_desk\/wp-json\/wp\/v2\/media\/43957"}],"wp:attachment":[{"href":"https:\/\/imagazine.it\/home_desk\/wp-json\/wp\/v2\/media?parent=43956"}],"wp:term":[{"taxonomy":"category","embeddable":true,"href":"https:\/\/imagazine.it\/home_desk\/wp-json\/wp\/v2\/categories?post=43956"},{"taxonomy":"post_tag","embeddable":true,"href":"https:\/\/imagazine.it\/home_desk\/wp-json\/wp\/v2\/tags?post=43956"}],"curies":[{"name":"wp","href":"https:\/\/api.w.org\/{rel}","templated":true}]}}