{"id":43954,"date":"2022-06-16T00:00:00","date_gmt":"2022-06-15T23:00:00","guid":{"rendered":"https:\/\/imagazine.it\/?p=43954"},"modified":"2022-06-16T00:00:00","modified_gmt":"2022-06-15T23:00:00","slug":"consorzio-il-mosaico-fontana-nuovo-presidente","status":"publish","type":"post","link":"https:\/\/imagazine.it\/home_desk\/consorzio-il-mosaico-fontana-nuovo-presidente\/","title":{"rendered":"Consorzio \u201cIl Mosaico\u201d, Fontana nuovo presidente"},"content":{"rendered":"<p> \t<strong>Luca Fontana<\/strong> \u00e8 il nuovo presidente de \u201c<strong><em>Il Mosaico<\/em><\/strong>\u201d, <strong>consorzio di cooperative sociali<\/strong> del Friuli Venezia Giulia.<\/p>\n<p> \tFontana, psicologo, presidente anche di Confcooperative Federsolidariet\u00e0 Fvg e della cooperativa \u201cThiel\u201d di Fiumicello, succede allo \u201cstorico\u201d presidente <strong>Mauro Perissini<\/strong>.<\/p>\n<p> \tIl Mosaico, fondato nel 1994, \u00e8 una realt\u00e0 consolidata nel territorio regionale (con sedi a <strong>Gorizia<\/strong> e a <strong>San Vito al Torre<\/strong>) dove coordina e sostiene il lavoro di un gruppo di 10 cooperative di cui 2 sociali di tipo A, 1 cooperativa sociale di tipo B e 7 cooperative sociali plurime. Nell\u2019anno 2020 il valore della produzione \u00e8 stato di oltre 6,6 milioni di euro (che, per le 10 cooperative aderenti, supera gli 11 milioni di euro), con il coinvolgimento di 11 collaboratori.<\/p>\n<p> \t\u00abLa prima intuizione dei fondatori del Consorzio \u2013 spiega Perissini \u2013 \u00e8 stata quella di costruire dei legami tra le cooperative e le comunit\u00e0 di riferimento. Un legame che non \u00e8 mai venuto meno e, anzi, si \u00e8 evoluto nel tempo adattandosi al mutare delle esigenze. Tutto ci\u00f2 \u00e8 stato fatto in coerenza con lo spirito che anima pure Federsolidariet\u00e0 e con condivisione di obiettivi. Abbiamo, cos\u00ec, acquisito credibilit\u00e0 anche presso le Amministrazioni pubbliche con le quali, precorrendo i tempi, abbiamo adottato il metodo della coprogettazione, investendo risorse umane ed economiche sui territori e sui servizi alle persone\u00bb.<\/p>\n<p> \tIl Consorzio, attualmente, \u00e8 costituito dalle cooperative sociali: Aesontius, Contea, Il Ceppo, Hattivalab, Il Cammino, Il Grande Carro, La Cisile, Nemesi, Padre Giacomo Montanari e Thiel con, complessivamente, 430 soci.<\/p>\n<p> \t\u00ab\u201dIl Mosaico\u201d \u00e8 attivo in molti settori \u2013 sottolinea Fontana \u2013: integrazione al lavoro di persone svantaggiate; interventi e servizi sociali; prestazioni socio-sanitari;\u00a0servizi educativi alla prima infanzia; servizi educativi per bambini e ragazzi; formazione extra-scolastica finalizzata alla prevenzione della dispersione scolastica e al successo formativo, alla prevenzione del bullismo e al contrasto della povert\u00e0 educativa; attivit\u00e0 culturali con finalit\u00e0 educative; attivit\u00e0 culturali e artistiche con finalit\u00e0 ricreativa; servizi finalizzati all\u2019inserimento o al reinserimento nel mercato del lavoro dei lavoratori e delle persone svantaggiate; alloggio sociale; organizzazione e gestione di attivit\u00e0 turistiche di interesse sociale, culturale o religioso; agricoltura sociale; accoglienza umanitaria e integrazione sociale migranti. Tante piste di lavoro che, per\u00f2, hanno un obiettivo fondante che \u00e8 quello del rispetto della dignit\u00e0 ontologica della persona. Persona intesa come\u00a0valore in s\u00e9, irriducibile ad altri scopi, essere speciale sempre e comunque con le sue risorse e i suoi bisogni, le relazioni e i legami che costruisce e che la costituiscono, il bisogno e la capacit\u00e0 di produrre assieme ad altri il bene comune\u00bb.<\/p>\n<p> \t\u00a0<\/p>\n","protected":false},"excerpt":{"rendered":"<p>Succede a Mauro Perissini<\/p>\n","protected":false},"author":28,"featured_media":43955,"comment_status":"closed","ping_status":"closed","sticky":false,"template":"","format":"standard","meta":{"dwc-title":[],"dwc-content":[],"footnotes":""},"categories":[5],"tags":[],"class_list":["post-43954","post","type-post","status-publish","format-standard","has-post-thumbnail","hentry","category-attualita"],"rttpg_featured_image_url":{"full":["https:\/\/imagazine.it\/wp-content\/uploads\/2024\/01\/48324-1.webp",1000,750,false],"landscape":["https:\/\/imagazine.it\/wp-content\/uploads\/2024\/01\/48324-1.webp",1000,750,false],"portraits":["https:\/\/imagazine.it\/wp-content\/uploads\/2024\/01\/48324-1.webp",1000,750,false],"thumbnail":["https:\/\/imagazine.it\/wp-content\/uploads\/2024\/01\/48324-1-150x150.webp",150,150,true],"medium":["https:\/\/imagazine.it\/wp-content\/uploads\/2024\/01\/48324-1-300x225.webp",300,225,true],"large":["https:\/\/imagazine.it\/wp-content\/uploads\/2024\/01\/48324-1.webp",640,480,false],"thumblist":["https:\/\/imagazine.it\/wp-content\/uploads\/2024\/01\/48324-1.webp",300,225,false],"thumbrelated":["https:\/\/imagazine.it\/wp-content\/uploads\/2024\/01\/48324-1.webp",500,375,false],"meccarouselthumb":["https:\/\/imagazine.it\/wp-content\/uploads\/2024\/01\/48324-1.webp",432,324,false],"gridsquare":["https:\/\/imagazine.it\/wp-content\/uploads\/2024\/01\/48324-1.webp",347,260,false],"tileview":["https:\/\/imagazine.it\/wp-content\/uploads\/2024\/01\/48324-1.webp",300,225,false],"1536x1536":["https:\/\/imagazine.it\/wp-content\/uploads\/2024\/01\/48324-1.webp",1000,750,false],"2048x2048":["https:\/\/imagazine.it\/wp-content\/uploads\/2024\/01\/48324-1.webp",1000,750,false],"newsup-slider-full":["https:\/\/imagazine.it\/wp-content\/uploads\/2024\/01\/48324-1-1000x720.webp",1000,720,true],"newsup-featured":["https:\/\/imagazine.it\/wp-content\/uploads\/2024\/01\/48324-1.webp",1000,750,false],"newsup-medium":["https:\/\/imagazine.it\/wp-content\/uploads\/2024\/01\/48324-1-720x380.webp",720,380,true],"tptn_thumbnail":["https:\/\/imagazine.it\/wp-content\/uploads\/2024\/01\/48324-1.webp",250,188,false],"sow-carousel-default":["https:\/\/imagazine.it\/wp-content\/uploads\/2024\/01\/48324-1-272x182.webp",272,182,true]},"rttpg_author":{"display_name":"redazione","author_link":"https:\/\/imagazine.it\/home_desk\/author\/redazione\/"},"rttpg_comment":0,"rttpg_category":"<a href=\"https:\/\/imagazine.it\/home_desk\/category\/attualita\/\" rel=\"category tag\">ATTUALIT\u00c0<\/a>","rttpg_excerpt":"Succede a Mauro Perissini","_links":{"self":[{"href":"https:\/\/imagazine.it\/home_desk\/wp-json\/wp\/v2\/posts\/43954","targetHints":{"allow":["GET"]}}],"collection":[{"href":"https:\/\/imagazine.it\/home_desk\/wp-json\/wp\/v2\/posts"}],"about":[{"href":"https:\/\/imagazine.it\/home_desk\/wp-json\/wp\/v2\/types\/post"}],"author":[{"embeddable":true,"href":"https:\/\/imagazine.it\/home_desk\/wp-json\/wp\/v2\/users\/28"}],"replies":[{"embeddable":true,"href":"https:\/\/imagazine.it\/home_desk\/wp-json\/wp\/v2\/comments?post=43954"}],"version-history":[{"count":0,"href":"https:\/\/imagazine.it\/home_desk\/wp-json\/wp\/v2\/posts\/43954\/revisions"}],"wp:featuredmedia":[{"embeddable":true,"href":"https:\/\/imagazine.it\/home_desk\/wp-json\/wp\/v2\/media\/43955"}],"wp:attachment":[{"href":"https:\/\/imagazine.it\/home_desk\/wp-json\/wp\/v2\/media?parent=43954"}],"wp:term":[{"taxonomy":"category","embeddable":true,"href":"https:\/\/imagazine.it\/home_desk\/wp-json\/wp\/v2\/categories?post=43954"},{"taxonomy":"post_tag","embeddable":true,"href":"https:\/\/imagazine.it\/home_desk\/wp-json\/wp\/v2\/tags?post=43954"}],"curies":[{"name":"wp","href":"https:\/\/api.w.org\/{rel}","templated":true}]}}