{"id":43950,"date":"2022-06-15T00:00:00","date_gmt":"2022-06-14T23:00:00","guid":{"rendered":"https:\/\/imagazine.it\/?p=43950"},"modified":"2022-06-15T00:00:00","modified_gmt":"2022-06-14T23:00:00","slug":"larte-internazionale-racconta-lisonzo-e-il-confine","status":"publish","type":"post","link":"https:\/\/imagazine.it\/home_desk\/larte-internazionale-racconta-lisonzo-e-il-confine\/","title":{"rendered":"L&#8217;arte internazionale racconta l&#8217;Isonzo e il confine"},"content":{"rendered":"<p> \tDieci artisti internazionali fra i pi\u00f9 rappresentativi della scena europea contemporanea sono protagonisti del <strong>Festival di Arte Contemporanea B#Side the River 2022<\/strong>, in programma <strong>fino al\u00a030 luglio 2022\u00a0in una vasta area dell\u2019Isontino e della pianura friulana<\/strong> &#8211; nei centri di Gradisca d\u2019Isonzo, Monfalcone, Cervignano del Friuli, Farra d\u2019Isonzo, Sagrado, Staranzano, Ruda, Fogliano Redipuglia e Mariano del Friuli.<\/p>\n<p> \tRealizzato dall\u2019associazione di promozione artistica e culturale IoDeposito, per la direzione artistica di <strong>Chiara Isadora Artico<\/strong>, B#Side the River vedr\u00e0 protagonisti \u0110ejmi Hadrovic\u0301, Lang Ea, Andreja Karga\u010din, G\u00fclhatun Y\u0131ld\u0131r\u0131m, Ingrid Ogenstedt, Nathalie Vanheule, Marta Lodola, Boris Beja, Holly Timpener, Deimion van der Sloot: ciascun artista si render\u00e0 artefice di una propria rilettura\u00a0della storia dei luoghi di confine intorno al <strong>fiume Isonzo<\/strong>, in rapporto alle comunit\u00e0 del territorio che saranno parte attiva del progetto e potranno partecipare a laboratori, passeggiate sensoriali e sonore, aperitivi e colazioni con l\u2019autore, a performance di straordinario impatto artistico ed emozionale.\u00a0<\/p>\n<p> \tObiettivo \u00e8 la creazione di opere d\u2019arte inedite, nutrite della memoria collettiva, che confluiranno nelle\u00a0<strong>due mostre in programma a Udine<\/strong> (nel \u201cBunker\u201d di piazza Primo Maggio, ottobre 2022) e <strong>Trieste<\/strong> (Sala Xenia, 10\/27 novembre 2022).<\/p>\n<p> \t\u00abB#Side the River Festival \u2013 spiega la direttrice artistica Chiara Isadora Artico \u2013 lavorer\u00e0 sulle cicatrici della storia come se il fiume Isonzo fosse la pelle, l\u2019epidermide del territorio, mentre il corpo di molte artiste si far\u00e0 luogo delle esperienze universali includendo istanze sociali, storia e dolore\u00bb.\u00a0<\/p>\n<p> \tLa prima residenza di B#Side The River Festival 2022 ha visto protagonista l\u2019artista slovena\u00a0<strong>\u0110ejmi Hadrovic\u0301<\/strong>, che vive e lavora in Egitto: dal 29 maggio al 4 giugno ha \u2018abitato\u2019 Monfalcone costruendo con la multiculturale comunit\u00e0 il progetto \u201cIn Corpore Sano\u201d, un\u2019opera video sul tema dell\u2019embodiment a partire da aspetti della vita domestica considerati femminili come pulire pavimenti, stendere panni, lavare tappeti.<\/p>\n<p> \tLa residenza successiva, dal 5 all\u201911 giugno, a Fogliano Redipuglia e Gradisca d\u2019Isonzo, ha coinvolto l\u2019artista neozelandese di origine cambogiana <strong>Lang Ea<\/strong> che esplora le sfide della guerra e dei suoi traumi. KA-BOOM! \u00e8 il titolo dell\u2019installazione di Land Art con 600 pon-pon, rossi come il sangue versato nelle battaglie dell\u2019Isonzo, visitabile in estate presso Largo Porta Nuova a Gradisca d\u2019Isonzo.<\/p>\n<p> \tTerza residenza per l\u2019artista serba <strong>Andreja Karga\u010din<\/strong>, 23 anni, erede della lezione di performers come Marina Abramovi\u0107: venerd\u00ec 17 giugno, dalle 19.30 alle 22.30, nell\u2019atrio di Palazzo Torriani a Gradisca terr\u00e0 la durational performance \u201cSonata for a Violin and Cornfields Op. 1946\u201d, dedicata\u00a0alla nonna materna, prodigio del violino e cittadina ungherese nella Jugoslavia del secondo dopoguerra, costretta ad abbandonare la musica per il lavoro nei campi di grano che le rovin\u00f2 le mani. Andreja Karga\u010din elabora il dolore nella performance con un gesto totalmente corporeo e archetipico, cucendo sul suo corpo nudo una corda di violino, metafora della repressione dell\u2019arte e del libero pensiero. Dalle 21 il concerto del DUO ZI-GA-NO Roberto Daris fisarmonica e Simone D&#39;Eusanio violino.<\/p>\n<p> \tDal 19 al 25 giugno, da Staranzano fino a Sagrado risieder\u00e0 l\u2019artista turca <strong>G\u00fclhatun Y\u0131ld\u0131r\u0131m<\/strong>, nota per i lavori legati all\u2019acqua: il suo atto performativo si svolger\u00e0 in cammino lungo il fiume Isonzo.<\/p>\n<p> \tL\u2019artista multidisciplinare svedese <strong>Ingrid Ogenstedt<\/strong>\u00a0sar\u00e0\u00a0dal 24 giugno al 1\u00b0 luglio, a Farra d\u2019Isonzo, la sua installazione site-specific di Land art, \u201cArco\u201d, verr\u00e0 rilasciata gioved\u00ec 30 giugno nel Museo di Civilt\u00e0 Contadina di Farra d\u2019Isonzo.<\/p>\n<p> \tDal 2 al 9 luglio l\u2019artista belga\u00a0<strong>Nathalie Vanheule<\/strong> sar\u00e0\u00a0tra Gradisca d\u2019Isonzo, Sagrado e Fogliano Redipuglia, la sua performance partecipativa \u201cAll Arms United\u201d, sabato 9 luglio, si svolger\u00e0 di fronte alle mura del Castello di Gradisca d\u2019Isonzo coinvolgendo 30 persone che produrranno impronte dei propri corpi su di un nastro trasportatore.<\/p>\n<p> \t\u00a0L\u2019artista italiana <strong>Marta Lodola<\/strong>, attiva in Germania, sar\u00e0 in residenza: dal 10 al 16 luglio, a Ruda; venerd\u00ec 15 luglio dalle 21.00, nell\u2019Ex Amideria \u201cChiozza\u201d di Perteole proporr\u00e0 l\u2019atto performativo \u2018Dissolvenze\u2019 con la partecipazione attiva del pubblico.\u00a0<\/p>\n<p> \tTerz\u2019ultima residenza affidata all\u2019artista sloveno <strong>Boris Beja<\/strong>: sabato 16 luglio presenter\u00e0 l\u2019installazione \u2018Sailing this way\u2019, un\u2019opera materica creata con la partecipazione dei lavoratori dei cantieri navali di Monfalcone.<\/p>\n<p> \tL\u2019artista canadese <strong>Holly Timpener<\/strong> sar\u00e0 in residenza\u00a0dal 17 al 23 luglio a Sagrado: la sua video performance \u2018Embodied Resistance: Past, Present, Future\u2019\u00a0sar\u00e0 legata all\u2019identit\u00e0 di genere, in rapporto con la memoria della resistenza, elemento di identit\u00e0 del luogo.<\/p>\n<p> \tInfine, dal 24 al 30 luglio, a Farra d\u2019Isonzo, l\u2019artista olandese <strong>Deimion \u201cPeim\u201d van der Sloot<\/strong>, riconoscibile per la tecnica grafica con colori vibranti e motivi decorativi, produrr\u00e0 \u2018Roc Mentaliteit\u2019, una serie di opere realizzate attraverso l\u2019apposizione di sticker colorati su stampe in bianco e nero di dipinti.<\/p>\n<p> \t\u00a0<\/p>\n","protected":false},"excerpt":{"rendered":"<p>B#Side the River 2022<\/p>\n","protected":false},"author":28,"featured_media":43951,"comment_status":"closed","ping_status":"closed","sticky":false,"template":"","format":"standard","meta":{"dwc-title":[],"dwc-content":[],"footnotes":""},"categories":[37],"tags":[],"class_list":["post-43950","post","type-post","status-publish","format-standard","has-post-thumbnail","hentry","category-cultura-e-spettacolo"],"rttpg_featured_image_url":{"full":["https:\/\/imagazine.it\/wp-content\/uploads\/2024\/01\/48320-1.webp",1024,768,false],"landscape":["https:\/\/imagazine.it\/wp-content\/uploads\/2024\/01\/48320-1.webp",1024,768,false],"portraits":["https:\/\/imagazine.it\/wp-content\/uploads\/2024\/01\/48320-1.webp",1024,768,false],"thumbnail":["https:\/\/imagazine.it\/wp-content\/uploads\/2024\/01\/48320-1-150x150.webp",150,150,true],"medium":["https:\/\/imagazine.it\/wp-content\/uploads\/2024\/01\/48320-1-300x225.webp",300,225,true],"large":["https:\/\/imagazine.it\/wp-content\/uploads\/2024\/01\/48320-1.webp",640,480,false],"thumblist":["https:\/\/imagazine.it\/wp-content\/uploads\/2024\/01\/48320-1.webp",300,225,false],"thumbrelated":["https:\/\/imagazine.it\/wp-content\/uploads\/2024\/01\/48320-1.webp",500,375,false],"meccarouselthumb":["https:\/\/imagazine.it\/wp-content\/uploads\/2024\/01\/48320-1.webp",432,324,false],"gridsquare":["https:\/\/imagazine.it\/wp-content\/uploads\/2024\/01\/48320-1.webp",347,260,false],"tileview":["https:\/\/imagazine.it\/wp-content\/uploads\/2024\/01\/48320-1.webp",300,225,false],"1536x1536":["https:\/\/imagazine.it\/wp-content\/uploads\/2024\/01\/48320-1.webp",1024,768,false],"2048x2048":["https:\/\/imagazine.it\/wp-content\/uploads\/2024\/01\/48320-1.webp",1024,768,false],"newsup-slider-full":["https:\/\/imagazine.it\/wp-content\/uploads\/2024\/01\/48320-1-1024x720.webp",1024,720,true],"newsup-featured":["https:\/\/imagazine.it\/wp-content\/uploads\/2024\/01\/48320-1.webp",1024,768,false],"newsup-medium":["https:\/\/imagazine.it\/wp-content\/uploads\/2024\/01\/48320-1-720x380.webp",720,380,true],"tptn_thumbnail":["https:\/\/imagazine.it\/wp-content\/uploads\/2024\/01\/48320-1.webp",250,188,false],"sow-carousel-default":["https:\/\/imagazine.it\/wp-content\/uploads\/2024\/01\/48320-1-272x182.webp",272,182,true]},"rttpg_author":{"display_name":"redazione","author_link":"https:\/\/imagazine.it\/home_desk\/author\/redazione\/"},"rttpg_comment":0,"rttpg_category":"<a href=\"https:\/\/imagazine.it\/home_desk\/category\/cultura-e-spettacolo\/\" rel=\"category tag\">CULTURA&amp;SPETTACOLO<\/a>","rttpg_excerpt":"B#Side the River 2022","_links":{"self":[{"href":"https:\/\/imagazine.it\/home_desk\/wp-json\/wp\/v2\/posts\/43950","targetHints":{"allow":["GET"]}}],"collection":[{"href":"https:\/\/imagazine.it\/home_desk\/wp-json\/wp\/v2\/posts"}],"about":[{"href":"https:\/\/imagazine.it\/home_desk\/wp-json\/wp\/v2\/types\/post"}],"author":[{"embeddable":true,"href":"https:\/\/imagazine.it\/home_desk\/wp-json\/wp\/v2\/users\/28"}],"replies":[{"embeddable":true,"href":"https:\/\/imagazine.it\/home_desk\/wp-json\/wp\/v2\/comments?post=43950"}],"version-history":[{"count":0,"href":"https:\/\/imagazine.it\/home_desk\/wp-json\/wp\/v2\/posts\/43950\/revisions"}],"wp:featuredmedia":[{"embeddable":true,"href":"https:\/\/imagazine.it\/home_desk\/wp-json\/wp\/v2\/media\/43951"}],"wp:attachment":[{"href":"https:\/\/imagazine.it\/home_desk\/wp-json\/wp\/v2\/media?parent=43950"}],"wp:term":[{"taxonomy":"category","embeddable":true,"href":"https:\/\/imagazine.it\/home_desk\/wp-json\/wp\/v2\/categories?post=43950"},{"taxonomy":"post_tag","embeddable":true,"href":"https:\/\/imagazine.it\/home_desk\/wp-json\/wp\/v2\/tags?post=43950"}],"curies":[{"name":"wp","href":"https:\/\/api.w.org\/{rel}","templated":true}]}}