{"id":43942,"date":"2022-06-15T00:00:00","date_gmt":"2022-06-14T23:00:00","guid":{"rendered":"https:\/\/imagazine.it\/?p=43942"},"modified":"2022-06-15T00:00:00","modified_gmt":"2022-06-14T23:00:00","slug":"ronchi-agnese-baini-vince-il-premio-leali-young","status":"publish","type":"post","link":"https:\/\/imagazine.it\/home_desk\/ronchi-agnese-baini-vince-il-premio-leali-young\/","title":{"rendered":"Ronchi, Agnese Baini vince il Premio Leali Young"},"content":{"rendered":"<p> \tSi \u00e8 inaugurata ieri l\u2019VIII edizione del<strong> Festival del Giornalismo a Ronchi dei Legionari<\/strong>, kermesse organizzata dal 2015 dall\u2019associazione culturale <strong>Leali delle Notizie. <\/strong><\/p>\n<p> \tQuest\u2019anno, per la prima volta, nel giorno dell\u2019inaugurazione si \u00e8 svolta la cerimonia di consegna del <strong>Premio Leali Young<\/strong> in memoria di <strong>Cristina Visintini<\/strong>: un progetto nato per incentivare e promuovere l\u2019inserimento dei giovani nella professione giornalistica e nel mondo dell\u2019informazione.<\/p>\n<p> \tLa vicepresidente <strong>Giulia Micheluzzi<\/strong> ha dato il via alla cerimonia di Premiazione del Premio Leali Young a cui hanno aderito <strong>47 giovani<\/strong>: il podcast di <strong>Agnese Baini<\/strong> \u00e8 stato il prodotto giornalistico vincente.<\/p>\n<p> \tTutti i lavori pervenuti sono stati esaminati da un apposito comitato scientifico formato da: <strong>Roberto Covaz<\/strong>, <strong>Timothy Dissegna<\/strong>, <strong>Cristiano Degano<\/strong>, <strong>Luana de Francisco<\/strong>, <strong>Silvia De Michielis<\/strong>, <strong>Giuseppe Giulietti<\/strong> e <strong>Fabiana Martini<\/strong>.<\/p>\n<p> \t\u00abLa scelta \u00e8 ricaduta su Agnese perch\u00e9 ha proposto un&#39;idea innovativa come il podcast, legandola al tema della legalit\u00e0 visto da un&#39;altra prospettiva, ossia quella del carcere, luogo dove paradossalmente dovrebbe essere ristabilita la legalit\u00e0 &#8211; ha spiegato <strong>Timothy Dissegna<\/strong>, portavoce del comitato -. Quindi la scelta, se pur ardua su 47 lavori, alla fine \u00e8 ricaduta su di lei per la qualit\u00e0 del lavoro e l&#39;originalit\u00e0 del mezzo e del tema trattato\u00bb. Il premio \u00e8 stato consegnato poi ad <strong>Agnese Baini<\/strong> da <strong>Timothy Dissegna<\/strong> e da <strong>Roberto Covaz<\/strong>.<\/p>\n<p> \tA partire da oggi la vincitrice dar\u00e0 una mano all&#39;ufficio stampa dell&#39;associazione Leali delle Notizie fino alla chiusura del Festival. Nel corso della Premiazione sono intervenuti anche <strong>Mauro Benvenuto<\/strong>, il nuovo sindaco di Ronchi dei Legionari, <strong>Andrea Musig<\/strong>, direttore della Cassa Rurale del Friuli Venezia Giulia e <strong>Alberto Bergamin<\/strong>, presidente della Fondazione Cassa di Risparmio di Gorizia (Carigo).<\/p>\n<p> \t\u00abNel corso della sua vita Cristina si \u00e8 infatti sempre battuta nella lotta al precariato della categoria dei giornalisti freelance e nella difesa dei diritti dei pi\u00f9 giovani che intendono intraprendere la professione a raccontato il presidente di Leali delle Notizie <strong>Luca Perrino<\/strong> -. Cristina era innamorata del proprio mestiere e ha sempre incoraggiato i giovani a non arrendersi e a provare con coraggio a diventare dei giornalisti e a battersi per cambiare le norme che regolano la professione e che negli anni hanno reso sempre pi\u00f9 instabile il settore dell\u2019informazione\u00bb.<\/p>\n<p> \t<strong>Oggi, secondo appuntamento del\u00a0Festival,<\/strong>\u00a0sar\u00e0 incentrato sulle <strong>stragi di Capaci e via D\u2019Amelio<\/strong> a trent\u2019anni dagli avvenimenti, sulla <strong>comunicazione in ambito sportivo<\/strong> e sui <strong>diritti umani in Qatar<\/strong>, in relazione ai mondiali di calcio che si terranno a fine anno. Ci sar\u00e0 inoltre l\u2019inaugurazione della\u00a0<strong>terza mostra fotografica di questo\u00a0Festival <\/strong>a cura di<strong> Pietro Del Re, <\/strong>inviato <em>La Repubblica<\/em>, <strong>nell\u2019Auditorium comunale in Piazzetta dell\u2019Emigrante<\/strong> <strong>e la presentazione di quattro libri<\/strong>.<\/p>\n<p> \tDomani, <strong>terza giornata del Festival del Giornalismo<\/strong>, <strong>gioved\u00ec 16 giugno<\/strong>, si parler\u00e0 di <strong>leggi razziali<\/strong>, di <strong>Patrick Zaki<\/strong>, di <strong>emergenza e disabilit\u00e0<\/strong>, di <strong>Afghanistan<\/strong>. Ci sar\u00e0 un incontro sulla <strong>Slovenia<\/strong>, vista come terra di passaggio tra Oriente e Occidente. Continuer\u00e0 poi <strong>il ciclo di incontri incentrato sull\u2019anno 1992<\/strong>, trattando questa volta <strong>Tangentopoli<\/strong>. Un panel di discussione sulla <strong>guerra in Ucraina<\/strong>, che sta logorando il paese da ormai 112 giorni, chiuder\u00e0 la terza serata.<\/p>\n<p> \tNella <strong>quarta giornata del Festival del Giornalismo<\/strong>, <strong>venerd\u00ec 17 giugno<\/strong>, si parler\u00e0 di mafia, fake news e disinformazioni, di violenza di genere, dei diritti e della salute delle carceri italiane e dei diritti dei lavoratori.<\/p>\n<p> \t\u00a0<\/p>\n","protected":false},"excerpt":{"rendered":"<p>In memoria di Cristina Visintini<\/p>\n","protected":false},"author":28,"featured_media":43943,"comment_status":"closed","ping_status":"closed","sticky":false,"template":"","format":"standard","meta":{"dwc-title":[],"dwc-content":[],"footnotes":""},"categories":[37],"tags":[],"class_list":["post-43942","post","type-post","status-publish","format-standard","has-post-thumbnail","hentry","category-cultura-e-spettacolo"],"rttpg_featured_image_url":{"full":["https:\/\/imagazine.it\/wp-content\/uploads\/2024\/01\/48311-1.webp",1000,666,false],"landscape":["https:\/\/imagazine.it\/wp-content\/uploads\/2024\/01\/48311-1.webp",1000,666,false],"portraits":["https:\/\/imagazine.it\/wp-content\/uploads\/2024\/01\/48311-1.webp",1000,666,false],"thumbnail":["https:\/\/imagazine.it\/wp-content\/uploads\/2024\/01\/48311-1-150x150.webp",150,150,true],"medium":["https:\/\/imagazine.it\/wp-content\/uploads\/2024\/01\/48311-1-300x200.webp",300,200,true],"large":["https:\/\/imagazine.it\/wp-content\/uploads\/2024\/01\/48311-1.webp",640,426,false],"thumblist":["https:\/\/imagazine.it\/wp-content\/uploads\/2024\/01\/48311-1.webp",300,200,false],"thumbrelated":["https:\/\/imagazine.it\/wp-content\/uploads\/2024\/01\/48311-1.webp",500,333,false],"meccarouselthumb":["https:\/\/imagazine.it\/wp-content\/uploads\/2024\/01\/48311-1.webp",474,316,false],"gridsquare":["https:\/\/imagazine.it\/wp-content\/uploads\/2024\/01\/48311-1.webp",391,260,false],"tileview":["https:\/\/imagazine.it\/wp-content\/uploads\/2024\/01\/48311-1.webp",300,200,false],"1536x1536":["https:\/\/imagazine.it\/wp-content\/uploads\/2024\/01\/48311-1.webp",1000,666,false],"2048x2048":["https:\/\/imagazine.it\/wp-content\/uploads\/2024\/01\/48311-1.webp",1000,666,false],"newsup-slider-full":["https:\/\/imagazine.it\/wp-content\/uploads\/2024\/01\/48311-1.webp",1000,666,false],"newsup-featured":["https:\/\/imagazine.it\/wp-content\/uploads\/2024\/01\/48311-1.webp",1000,666,false],"newsup-medium":["https:\/\/imagazine.it\/wp-content\/uploads\/2024\/01\/48311-1-720x380.webp",720,380,true],"tptn_thumbnail":["https:\/\/imagazine.it\/wp-content\/uploads\/2024\/01\/48311-1.webp",250,167,false],"sow-carousel-default":["https:\/\/imagazine.it\/wp-content\/uploads\/2024\/01\/48311-1-272x182.webp",272,182,true]},"rttpg_author":{"display_name":"redazione","author_link":"https:\/\/imagazine.it\/home_desk\/author\/redazione\/"},"rttpg_comment":0,"rttpg_category":"<a href=\"https:\/\/imagazine.it\/home_desk\/category\/cultura-e-spettacolo\/\" rel=\"category tag\">CULTURA&amp;SPETTACOLO<\/a>","rttpg_excerpt":"In memoria di Cristina Visintini","_links":{"self":[{"href":"https:\/\/imagazine.it\/home_desk\/wp-json\/wp\/v2\/posts\/43942","targetHints":{"allow":["GET"]}}],"collection":[{"href":"https:\/\/imagazine.it\/home_desk\/wp-json\/wp\/v2\/posts"}],"about":[{"href":"https:\/\/imagazine.it\/home_desk\/wp-json\/wp\/v2\/types\/post"}],"author":[{"embeddable":true,"href":"https:\/\/imagazine.it\/home_desk\/wp-json\/wp\/v2\/users\/28"}],"replies":[{"embeddable":true,"href":"https:\/\/imagazine.it\/home_desk\/wp-json\/wp\/v2\/comments?post=43942"}],"version-history":[{"count":0,"href":"https:\/\/imagazine.it\/home_desk\/wp-json\/wp\/v2\/posts\/43942\/revisions"}],"wp:featuredmedia":[{"embeddable":true,"href":"https:\/\/imagazine.it\/home_desk\/wp-json\/wp\/v2\/media\/43943"}],"wp:attachment":[{"href":"https:\/\/imagazine.it\/home_desk\/wp-json\/wp\/v2\/media?parent=43942"}],"wp:term":[{"taxonomy":"category","embeddable":true,"href":"https:\/\/imagazine.it\/home_desk\/wp-json\/wp\/v2\/categories?post=43942"},{"taxonomy":"post_tag","embeddable":true,"href":"https:\/\/imagazine.it\/home_desk\/wp-json\/wp\/v2\/tags?post=43942"}],"curies":[{"name":"wp","href":"https:\/\/api.w.org\/{rel}","templated":true}]}}