{"id":43930,"date":"2022-06-14T00:00:00","date_gmt":"2022-06-13T23:00:00","guid":{"rendered":"https:\/\/imagazine.it\/?p=43930"},"modified":"2022-06-14T00:00:00","modified_gmt":"2022-06-13T23:00:00","slug":"in-fvg-il-festival-del-legno-che-suona","status":"publish","type":"post","link":"https:\/\/imagazine.it\/home_desk\/in-fvg-il-festival-del-legno-che-suona\/","title":{"rendered":"In FVG il festival del legno che suona"},"content":{"rendered":"<p> \tAi margini e dentro al bosco, dove la natura \u00e8 palcoscenico ed i preziosi abeti diventano musica, ritorna <strong>Risonanze Festival<\/strong> nei luoghi incantati di <strong>Malborghetto-Valbruna<\/strong>.<\/p>\n<p> \t<strong>Da gioved\u00ec 16 a domenica 19 giugno<\/strong> si potranno vivere e condividere quattro giorni di immersione nella grande musica con ospiti di fama internazionale, performances ed incontri dedicati alla liuteria e la visione di un capolavoro d\u2019artigianato strumentale, il violino <strong>Stradivari<\/strong><strong> Hegedus del 1692<\/strong>, oltre a dialoghi a cielo aperto prima dei concerti. Non solo, ormai \u00e8 tradizione l\u2019offerta che Risonanze dedica al benessere, con tante iniziative collaterali a misura di giovani, adulti, famiglie e bambini. Vita nel bosco e tante altre attivit\u00e0: baby risonanze, yoga, dog trekking, mountain bike, bagni di gong in natura, senza dimenticare la gastronomia con le migliori proposte della cucina mitteleuropea.<\/p>\n<p> \tRitorna cos\u00ec il <strong>\u201cfestival del legno che suona\u201d<\/strong>, capace ancora una volta di proporre un cartellone di altissima qualit\u00e0 ed un programma variegato di proposte. Il tutto comodamente consultabile, e prenotabile, attraverso il nuovo sito internet (<u><a href=\"http:\/\/www.risonanzefestival.com\" target=\"_blank\" rel=\"noopener\"><span style=\"color:#0000cd;\"><strong>www.risonanzefestival.com<\/strong><\/span><\/a><\/u>) ed i canali social. Una manifestazione ideale per scoprire e riscoprire dal vero, nel cuore della foresta e nel centro abitato del borgo ricco di patrimoni d\u2019arte locale, i segreti di un lembo di terra di confine, laddove Italia, Austria e Slovenia si danno la mano e risuonano insieme.<\/p>\n<p> \t\u00abSiamo felici di poter proporre, grazie al lavoro sontuoso della direzione artistica e di tutti i collaboratori, un&#39;ulteriore edizione di Risonanze, il festival che celebra il legno della Valcanale attraverso la musica. Grazie alla qualit\u00e0 della nostra proposta, sempre di pi\u00f9 Risonanze \u00e8 divenuto format di interesse regionale e nazionale e questo fatto ci rende orgogliosi del lavoro fatto, il cui risultato predominante consiste nella divulgazione di un patrimonio del Friuli Venezia Giulia come il legno per la costruzione di strumenti musicali di altissima qualit\u00e0\u00bb. Cos\u00ec commenta il sindaco del Comune di Malborghetto-Valbruna Boris Preschern, pronto ad accogliere da ogni dove pubblico e turisti.<\/p>\n<p> \tGli strumenti ad arco sono per Risonanze 2022 il trait d\u2019union di tre patrimoni: boschivo, artigianale ed artistico. Il ricco cartellone ha infatti come padrino un violino unico al mondo: lo <strong>Stradivari Hegedus del 1692<\/strong>, esposto a Palazzo Veneziano dal 1\u00b0 al 30 giugno e punta di diamante di un percorso storico dedicato, impreziosito dai <strong>\u201cConcerti a violino solo\u201d<\/strong> con <strong>Ale\u0161 Lavren\u010di\u010d<\/strong> e <strong>Giulia Scudeller<\/strong> che si esibiranno il 16 e 17 giugno. Altri sette appuntamenti concertistici rendono unica questa edizione. <strong>Gioved\u00ec 16 alle ore 21<\/strong> a palazzo Veneziano ci sar\u00e0 il <strong>Quartetto VenEthos<\/strong>, con la partecipazione straordinaria del violoncellista <strong>Enrico Bronzi <\/strong>in un concerto dal titolo<strong> \u201cIl Quintetto per Archi\u201d<\/strong>, con musiche di Mozart e Schubert. <strong>Venerd\u00ec 17 giugno alle ore 17<\/strong> al <strong>Palco Risonanze di Val Saisera<\/strong> andr\u00e0 in scena l\u2019<strong>Histoire du Soldat <\/strong>di Igor Stravinskij per voce narrante e piccola orchestra, con l\u2019attore e regista Francesco Bortolozzo, maestro concertatore e direttore Alessandro Cappelletto, la danzatrice e coreografa Emanuela Bonora e gli strumentisti dell\u2019Orchestra del <strong>Gran<\/strong><strong> Teatro La Fenice di Venezia<\/strong> in un allestimento curato dalla celebre fondazione veneziana. <strong>Alle ore 21 a Palazzo Veneziano<\/strong> di Malborghetto si esibir\u00e0 un duo eccezionale: <strong>Orazio Sciortino<\/strong> al pianoforte e <strong>Domenico Nordio<\/strong> al violino, insieme in un programma dal titolo <strong>\u201cFolk Songs\u201d<\/strong> nel nome di Dvo\u0159\u00e1k, Grieg e Suk. <strong>Sabato 18<\/strong> <strong>alle ore 17<\/strong> \u00e8 attesa in Val Saisera la brillante pianista <strong>Leonora Armellini<\/strong>, superlativa interprete recentemente premiata al Concorso Internazionale Chopin di Varsavia, in un recital tra Debussy ed il genio polacco, mentre alle <strong>ore 21 <\/strong>a Palazzo Veneziano ci sar\u00e0 nientemeno che il <strong>Trio di Parma<\/strong> tra Schumann e Brahms. <strong>Domenica 19<\/strong> c\u2019\u00e8 un concerto matin\u00e9e, alle <strong>ore 11<\/strong>, con il tenore <strong>Christian Miola<\/strong> ed il pianista <strong>Matteo Sch\u00f6nberg<\/strong> in un programma ispirato alla foresta. Infine <strong>alle ore 17<\/strong>, sempre in Val Saisera, la <strong>FVG Orchestra<\/strong> diretta da <strong>Giancarlo De Lorenzo<\/strong> con il pianista <strong>Alexey Botvinov <\/strong>chiuder\u00e0 la rassegna con il <em>Concerto per pianoforte in do minore<\/em> di Rachmaninov e la <em>Sinfonia n. 4 in re minore<\/em> di Schumann.<\/p>\n<p> \tTutti gli eventi e le attivit\u00e0 seguiranno le eventuali disposizioni ministeriali di sicurezza. Tutti i concerti sono gratuiti, come molte delle attivit\u00e0 outdoor. <strong>\u00c8 obbligatoria la prenotazione online<\/strong> <strong>a partire dal 16 maggio sul sito<\/strong> <u><a href=\"http:\/\/www.risonanzefestival.com\" target=\"_blank\" rel=\"noopener\"><span style=\"color:#0000cd;\"><strong>www.risonanzefestival.com<\/strong><\/span><\/a><\/u>.<\/p>\n<p> \tMusica, arte, artigianato e benessere. Risonanze propone, oltre ai grandi concerti, un interessante focus dedicato alla liuteria, con artigiani e professionisti del mondo degli strumenti musicali in collaborazione con il progetto <strong>Legno Vivo<\/strong>. <strong>Sabato 18 e domenica 19 giugno<\/strong>, dalle ore 10 alle ore 12.30, e dalle ore 15 alle ore 18 nello spazio \u201cVela musicale\u201d in Piazza Palazzo Veneziano a Malborghetto, ci sar\u00e0 la due giorni di <strong>\u201cOfficina dell\u2019Arte\u201d<\/strong>. Lezioni-concerto e conferenze, con la partecipazione di dieci esperti del settore che si alterneranno per conoscenze trasversali tra musica ed artigianato. Saranno numerosi gli stand dove sar\u00e0 possibile dialogare con liutai ed artigiani, ammirando i loro lavori.<\/p>\n<p> \tBenessere per le orecchie, per gli occhi e per il corpo. <strong>\u201cPassato Asburgico della Val Saisera\u201d<\/strong>,<strong> \u201cMountain Bike\u201d<\/strong>,<strong> \u201cYoga per bambini\u201d<\/strong>,<strong> \u201cRespiro consapevole\u201d<\/strong>,<strong> \u201cDog trekking per bambini\u201d<\/strong>,<strong> \u201cForest bathing\u201d<\/strong>,<strong> \u201cYoga e bagni di gong\u201d<\/strong>,<strong> \u201cTeatro itinerante &#8211; Gli dei dell\u2019Olimpo\u201d<\/strong> sono le attivit\u00e0 outdoor per adulti, famiglie e bambini che il festival dedica lungo tutta la rassegna, un\u2019esperienza condivisa ed immersiva a 360 gradi. Risonanze \u00e8 anche <strong>food experience<\/strong>. I ristoratori di Malborghetto-Valbruna infatti, utilizzando i prodotti locali che storicamente si legano alla tradizione culinaria mitteleuropea, proporranno piatti a tema nello stile tipico della capitale austriaca ed apericena nell\u2019attesa dei concerti.<\/p>\n<p> \tTutte le informazioni sono reperibili sul sito internet <u><a href=\"http:\/\/www.risonanzefestival.com\" target=\"_blank\" rel=\"noopener\"><span style=\"color:#0000cd;\"><strong>www.risonanzefestival.com<\/strong><\/span><\/a><\/u> e attraverso la pagina <strong>Facebook<\/strong> \u201cRisonanze\u201d ed <strong>Instagram<\/strong> \u201cRisonanze Festival\u201d.<\/p>\n<p> \t\u00a0<\/p>\n","protected":false},"excerpt":{"rendered":"<p>Al via Risonanze<\/p>\n","protected":false},"author":28,"featured_media":43931,"comment_status":"closed","ping_status":"closed","sticky":false,"template":"","format":"standard","meta":{"dwc-title":[],"dwc-content":[],"footnotes":""},"categories":[37],"tags":[],"class_list":["post-43930","post","type-post","status-publish","format-standard","has-post-thumbnail","hentry","category-cultura-e-spettacolo"],"rttpg_featured_image_url":{"full":["https:\/\/imagazine.it\/wp-content\/uploads\/2024\/01\/48277-1.webp",1000,635,false],"landscape":["https:\/\/imagazine.it\/wp-content\/uploads\/2024\/01\/48277-1.webp",1000,635,false],"portraits":["https:\/\/imagazine.it\/wp-content\/uploads\/2024\/01\/48277-1.webp",1000,635,false],"thumbnail":["https:\/\/imagazine.it\/wp-content\/uploads\/2024\/01\/48277-1-150x150.webp",150,150,true],"medium":["https:\/\/imagazine.it\/wp-content\/uploads\/2024\/01\/48277-1-300x191.webp",300,191,true],"large":["https:\/\/imagazine.it\/wp-content\/uploads\/2024\/01\/48277-1.webp",640,406,false],"thumblist":["https:\/\/imagazine.it\/wp-content\/uploads\/2024\/01\/48277-1.webp",300,191,false],"thumbrelated":["https:\/\/imagazine.it\/wp-content\/uploads\/2024\/01\/48277-1.webp",500,318,false],"meccarouselthumb":["https:\/\/imagazine.it\/wp-content\/uploads\/2024\/01\/48277-1.webp",474,301,false],"gridsquare":["https:\/\/imagazine.it\/wp-content\/uploads\/2024\/01\/48277-1.webp",391,248,false],"tileview":["https:\/\/imagazine.it\/wp-content\/uploads\/2024\/01\/48277-1.webp",300,191,false],"1536x1536":["https:\/\/imagazine.it\/wp-content\/uploads\/2024\/01\/48277-1.webp",1000,635,false],"2048x2048":["https:\/\/imagazine.it\/wp-content\/uploads\/2024\/01\/48277-1.webp",1000,635,false],"newsup-slider-full":["https:\/\/imagazine.it\/wp-content\/uploads\/2024\/01\/48277-1.webp",1000,635,false],"newsup-featured":["https:\/\/imagazine.it\/wp-content\/uploads\/2024\/01\/48277-1.webp",1000,635,false],"newsup-medium":["https:\/\/imagazine.it\/wp-content\/uploads\/2024\/01\/48277-1-720x380.webp",720,380,true],"tptn_thumbnail":["https:\/\/imagazine.it\/wp-content\/uploads\/2024\/01\/48277-1.webp",250,159,false],"sow-carousel-default":["https:\/\/imagazine.it\/wp-content\/uploads\/2024\/01\/48277-1-272x182.webp",272,182,true]},"rttpg_author":{"display_name":"redazione","author_link":"https:\/\/imagazine.it\/home_desk\/author\/redazione\/"},"rttpg_comment":0,"rttpg_category":"<a href=\"https:\/\/imagazine.it\/home_desk\/category\/cultura-e-spettacolo\/\" rel=\"category tag\">CULTURA&amp;SPETTACOLO<\/a>","rttpg_excerpt":"Al via Risonanze","_links":{"self":[{"href":"https:\/\/imagazine.it\/home_desk\/wp-json\/wp\/v2\/posts\/43930","targetHints":{"allow":["GET"]}}],"collection":[{"href":"https:\/\/imagazine.it\/home_desk\/wp-json\/wp\/v2\/posts"}],"about":[{"href":"https:\/\/imagazine.it\/home_desk\/wp-json\/wp\/v2\/types\/post"}],"author":[{"embeddable":true,"href":"https:\/\/imagazine.it\/home_desk\/wp-json\/wp\/v2\/users\/28"}],"replies":[{"embeddable":true,"href":"https:\/\/imagazine.it\/home_desk\/wp-json\/wp\/v2\/comments?post=43930"}],"version-history":[{"count":0,"href":"https:\/\/imagazine.it\/home_desk\/wp-json\/wp\/v2\/posts\/43930\/revisions"}],"wp:featuredmedia":[{"embeddable":true,"href":"https:\/\/imagazine.it\/home_desk\/wp-json\/wp\/v2\/media\/43931"}],"wp:attachment":[{"href":"https:\/\/imagazine.it\/home_desk\/wp-json\/wp\/v2\/media?parent=43930"}],"wp:term":[{"taxonomy":"category","embeddable":true,"href":"https:\/\/imagazine.it\/home_desk\/wp-json\/wp\/v2\/categories?post=43930"},{"taxonomy":"post_tag","embeddable":true,"href":"https:\/\/imagazine.it\/home_desk\/wp-json\/wp\/v2\/tags?post=43930"}],"curies":[{"name":"wp","href":"https:\/\/api.w.org\/{rel}","templated":true}]}}