{"id":43886,"date":"2022-06-03T00:00:00","date_gmt":"2022-06-02T23:00:00","guid":{"rendered":"https:\/\/imagazine.it\/?p=43886"},"modified":"2022-06-03T00:00:00","modified_gmt":"2022-06-02T23:00:00","slug":"staranzano-il-gruppo-edi-forza-cerca-coristi","status":"publish","type":"post","link":"https:\/\/imagazine.it\/home_desk\/staranzano-il-gruppo-edi-forza-cerca-coristi\/","title":{"rendered":"Staranzano, il gruppo &#8220;Edi Forza&#8221; cerca coristi"},"content":{"rendered":"<p> \tIl <strong>coro virile &#8220;Edi Forza&#8221;<\/strong> di <strong>Staranzano<\/strong>, cerca persone amanti del canto, per poter continuare la propria tradizione corale.<\/p>\n<p> \tIl coro \u00e8 aperto a tutti coloro che volessero entrare nella compagine, non solo per la passione per il canto, ma anche per il piacere di crescere, in serena armonia e in sincera amicizia.<\/p>\n<p> \tPer le audizioni si ricercano <strong>tenori primi e secondi, baritoni e bassi<\/strong>. Il Coro \u00e8 presente anche su Facebook, svolge le prove il marted\u00ec e il gioved\u00ec alle 20.30 presso la sede della Pro Loco di Staranzano in via Trieste 17 (per informazioni si pu\u00f2 telefonare allo 3389804120 risponder\u00e0 il <strong>presidente Luca Pizzignacco<\/strong>).<\/p>\n<p> \tIl Coro Edi Forza ha 44 anni, essendo stato fondato nel 1978 da un gruppo di amici; Edi era un operaio dei cantieri, con una grande passione per la musica, scrisse numerosi brani per coro e negli anni \u201950 partecip\u00f2 a un prestigioso concorso di composizione a Roma, conquistando il secondo premio.<\/p>\n<p> \tIl coro \u00e8 stato diretto, fra gli altri, dai Maestri Arduino Menon, Annalisa Miniussi (per ben 20 anni), Elisabetta Spinelli, per passare nel gennaio 2015 nelle mani dell\u2019attuale Maestro Dimitri Candoni.<\/p>\n<p> \tNegli ultimi anni il coro ha preso parte a diversi progetti ambiziosi, si pu\u00f2 citare un ciclo di concerti dedicati a Wagner in collaborazione con la corale Sant\u2019Ambrogio di Monfalcone e il Gruppo Corale Elianico di Fogliano Redipuglia e la prima esecuzione della Messa in \u201cla minore\u201d di Mario Montico presso il Santuario di Castelmonte.<\/p>\n<p> \t\u00a0<\/p>\n","protected":false},"excerpt":{"rendered":"<p>Attivo da 44 anni<\/p>\n","protected":false},"author":22,"featured_media":43887,"comment_status":"closed","ping_status":"closed","sticky":false,"template":"","format":"standard","meta":{"dwc-title":[],"dwc-content":[],"footnotes":""},"categories":[5],"tags":[],"class_list":["post-43886","post","type-post","status-publish","format-standard","has-post-thumbnail","hentry","category-attualita"],"rttpg_featured_image_url":{"full":["https:\/\/imagazine.it\/wp-content\/uploads\/2024\/01\/48167-1.webp",945,696,false],"landscape":["https:\/\/imagazine.it\/wp-content\/uploads\/2024\/01\/48167-1.webp",945,696,false],"portraits":["https:\/\/imagazine.it\/wp-content\/uploads\/2024\/01\/48167-1.webp",945,696,false],"thumbnail":["https:\/\/imagazine.it\/wp-content\/uploads\/2024\/01\/48167-1-150x150.webp",150,150,true],"medium":["https:\/\/imagazine.it\/wp-content\/uploads\/2024\/01\/48167-1-300x221.webp",300,221,true],"large":["https:\/\/imagazine.it\/wp-content\/uploads\/2024\/01\/48167-1.webp",640,471,false],"thumblist":["https:\/\/imagazine.it\/wp-content\/uploads\/2024\/01\/48167-1.webp",300,221,false],"thumbrelated":["https:\/\/imagazine.it\/wp-content\/uploads\/2024\/01\/48167-1.webp",500,368,false],"meccarouselthumb":["https:\/\/imagazine.it\/wp-content\/uploads\/2024\/01\/48167-1.webp",440,324,false],"gridsquare":["https:\/\/imagazine.it\/wp-content\/uploads\/2024\/01\/48167-1.webp",353,260,false],"tileview":["https:\/\/imagazine.it\/wp-content\/uploads\/2024\/01\/48167-1.webp",300,221,false],"1536x1536":["https:\/\/imagazine.it\/wp-content\/uploads\/2024\/01\/48167-1.webp",945,696,false],"2048x2048":["https:\/\/imagazine.it\/wp-content\/uploads\/2024\/01\/48167-1.webp",945,696,false],"newsup-slider-full":["https:\/\/imagazine.it\/wp-content\/uploads\/2024\/01\/48167-1.webp",945,696,false],"newsup-featured":["https:\/\/imagazine.it\/wp-content\/uploads\/2024\/01\/48167-1.webp",945,696,false],"newsup-medium":["https:\/\/imagazine.it\/wp-content\/uploads\/2024\/01\/48167-1-720x380.webp",720,380,true],"tptn_thumbnail":["https:\/\/imagazine.it\/wp-content\/uploads\/2024\/01\/48167-1.webp",250,184,false],"sow-carousel-default":["https:\/\/imagazine.it\/wp-content\/uploads\/2024\/01\/48167-1-272x182.webp",272,182,true]},"rttpg_author":{"display_name":"Livio Nonis","author_link":"https:\/\/imagazine.it\/home_desk\/author\/nonis\/"},"rttpg_comment":0,"rttpg_category":"<a href=\"https:\/\/imagazine.it\/home_desk\/category\/attualita\/\" rel=\"category tag\">ATTUALIT\u00c0<\/a>","rttpg_excerpt":"Attivo da 44 anni","_links":{"self":[{"href":"https:\/\/imagazine.it\/home_desk\/wp-json\/wp\/v2\/posts\/43886","targetHints":{"allow":["GET"]}}],"collection":[{"href":"https:\/\/imagazine.it\/home_desk\/wp-json\/wp\/v2\/posts"}],"about":[{"href":"https:\/\/imagazine.it\/home_desk\/wp-json\/wp\/v2\/types\/post"}],"author":[{"embeddable":true,"href":"https:\/\/imagazine.it\/home_desk\/wp-json\/wp\/v2\/users\/22"}],"replies":[{"embeddable":true,"href":"https:\/\/imagazine.it\/home_desk\/wp-json\/wp\/v2\/comments?post=43886"}],"version-history":[{"count":0,"href":"https:\/\/imagazine.it\/home_desk\/wp-json\/wp\/v2\/posts\/43886\/revisions"}],"wp:featuredmedia":[{"embeddable":true,"href":"https:\/\/imagazine.it\/home_desk\/wp-json\/wp\/v2\/media\/43887"}],"wp:attachment":[{"href":"https:\/\/imagazine.it\/home_desk\/wp-json\/wp\/v2\/media?parent=43886"}],"wp:term":[{"taxonomy":"category","embeddable":true,"href":"https:\/\/imagazine.it\/home_desk\/wp-json\/wp\/v2\/categories?post=43886"},{"taxonomy":"post_tag","embeddable":true,"href":"https:\/\/imagazine.it\/home_desk\/wp-json\/wp\/v2\/tags?post=43886"}],"curies":[{"name":"wp","href":"https:\/\/api.w.org\/{rel}","templated":true}]}}