{"id":43864,"date":"2022-06-03T00:00:00","date_gmt":"2022-06-02T23:00:00","guid":{"rendered":"https:\/\/imagazine.it\/?p=43864"},"modified":"2022-06-03T00:00:00","modified_gmt":"2022-06-02T23:00:00","slug":"da-ilaria-tuti-a-romano-prodi-caleidoscopio-letterario-a-lignano","status":"publish","type":"post","link":"https:\/\/imagazine.it\/home_desk\/da-ilaria-tuti-a-romano-prodi-caleidoscopio-letterario-a-lignano\/","title":{"rendered":"Da Ilaria Tuti a Romano Prodi, caleidoscopio letterario a Lignano"},"content":{"rendered":"<p> \tSar\u00e0 un caleidoscopio letterario l\u2019edizione 2022 degli<strong> Incontri con l\u2019autore e con il vino,<\/strong> promossi dall\u2019<strong>Associazione Lignano nel Terzo Millennio<\/strong> presieduta da <strong>Giorgio Ardito<\/strong>, e curati dallo scrittore <strong>Alberto Garlini<\/strong>, dal tecnologo alimentare <strong>Giovanni Munisso<\/strong> e dall\u2019enologo<strong> Michele Bonelli<\/strong>.<\/p>\n<p> \t<strong>Dal 9 giugno fino all\u20198 settembre<\/strong>, sempre alle 18.30 al PalaPineta nel Parco del Mare di Lignano Pineta, quattordici appuntamenti con alcuni dei maggiori protagonisti della scena letteraria nazionale: <strong>Marta Serafin<\/strong>, <strong>Gianni Pasin<\/strong>, <strong>Gian Mario Villalta<\/strong>, <strong>Paolo Crepet<\/strong>, <strong>Gianrico Carofiglio<\/strong>, <strong>Antonella Viola<\/strong>, <strong>Ilaria Tuti<\/strong>, <strong>Tullio Avoledo<\/strong>, <strong>Ilaria Capua<\/strong>, <strong>Toni Capuozzo<\/strong>, <strong>Enrico Galiano<\/strong>, <strong>Chiara Mio<\/strong>, <strong>Federico Rampini<\/strong> e <strong>Romano Prodi.<\/strong><\/p>\n<p> \tAlla presentazione del libro, come sempre, si intrecceranno i profumi e i sentori di un vino del Friuli Venezia Giulia, selezionato e raccontato dal tecnologo alimentare <strong>Giovanni Munisso <\/strong>e dall\u2019enologo<strong> Michele Bonelli<\/strong>: un modo per sottolineare che la nostra regione \u00e8 patria di grandi autori e di eccellenti vitigni autoctoni, valorizzando cos\u00ec il connubio fra letteratura e gusto.<\/p>\n<p> \tPer questa edizione, le Aziende vinicole saranno: <strong>Azienda Agricola Elio<\/strong>, <strong>Tenuta Ca\u2019 Bolani<\/strong>, <strong>Azienda Agricola Bessich<\/strong>, <strong>Azienda Vinicola Le Due Torri<\/strong>, <strong>Azienda Vinicola Korsic<\/strong>, <strong>Cantina I Magredi<\/strong>, <strong>Azienda La Roncaia<\/strong>, <strong>Bastianich\u00a0Winery<\/strong>, <strong>Azienda Agricola Obiz<\/strong>, <strong>Azienda Agricola Scarbolo Sergio<\/strong>, <strong>Societ\u00e0 Agricola Lorenzonetto Cav. Guido, Scolaris\u00a0Vini<\/strong>, <strong>Azienda\u00a0Vinicola<\/strong>\u00a0<strong>Marco Felluga <\/strong>di Gradisca d\u2019Isonzo e <strong>Azienda Agricola Modeano<\/strong>. E non mancheranno a fine incontro le degustazioni, in collaborazione con un delegato Fisar (<em>Federazione Italiana Sommelier Albergatori Ristoratori).<\/em><\/p>\n<p> \tSi partir\u00e0 <strong>gioved\u00ec 9 giugno<\/strong> alle 18.30 con le storie nate dalla creativit\u00e0 dello Stage di Scrittura creativa di Lignano: l\u2019antologia<strong> \u201cLignano: ti racconto\u201d <\/strong>(La Nuova Base), che nasce dai corsi della scorsa estate e racchiude i racconti inediti di autori alla loro prima esperienza editoriale.<\/p>\n<p> \tSeguir\u00e0 la presentazione di \u201c<strong>Vita da pesci<\/strong>\u201d di <strong>Marta Serafin<\/strong> (Erickson). Alcuni pesciolini affrontano la vita di tutti i giorni con le sue piccole grandi difficolt\u00e0: una raccolta di brevi narrazioni che possono aiutare i bambini a capire e gestire le situazioni relazionali che si trovano ad affrontare.<\/p>\n<p> \tIl vino in abbinamento sar\u00e0 offerto dall\u2019<strong>Azienda Agricola Elio<\/strong> di Cividale del Friuli.<\/p>\n<p> \t<strong>Gioved\u00ec 16 giugno<\/strong> <strong>Gianni Pasin<\/strong> presenter\u00e0 \u201c<strong>Rotta su Venezia. In barca e in bici lungo la litoranea veneta. Da Chioggia a Trieste<\/strong>\u201d (Ediciclo). Un viaggio in barca e in bici solcando le lagune, i fiumi e i canali della Litoranea Veneta, antico sistema di vie d&#39;acqua che collega il Po al Golfo di Trieste, tra terra e mare. Esperienze uniche da rivivere grazie alle indicazioni per ripercorrere le tappe del percorso.<\/p>\n<p> \tIl vino in abbinamento sar\u00e0 offerto dalla <strong>Tenuta Ca\u2019 Bolani<\/strong> di Cervignano del Friuli.<\/p>\n<p> \tUna voce ora disincantata, ora ironica, ora intensamente poetica, che compie una discesa nella memoria, inventa uno sguardo inedito su una provincia investita e sconvolta in pochi decenni da un\u2019ondata di mutamenti. \u00c8 \u201c<strong>Parlare al Buio<\/strong>\u201d (Sem)<strong>, <\/strong>l\u2019ultimo romanzo di<strong> Gian Mario Villalta, <\/strong>che l\u2019autore racconter\u00e0<strong> gioved\u00ec 23 giugno <\/strong>al pubblico del Palapineta<strong>.<\/strong><\/p>\n<p> \tIl vino in abbinamento sar\u00e0 offerto dall\u2019<strong>Azienda Agricola Bessich<\/strong> di Roveredo in Piano.<\/p>\n<p> \t<strong>Gioved\u00ec 30 giugno<\/strong> il famoso psichiatra e sociologo <strong>Paolo Crepet<\/strong> illustrer\u00e0 \u201c<strong>&#39;Lezioni di sogni<\/strong>\u201d (Mondadori), il suo ultimo libro su come educare al meglio le nuove generazioni. Un lungo viaggio, che pone al centro il bisogno di ripensare la genitorialit\u00e0, la scuola, il rapporto tra le generazioni, il futuro.<\/p>\n<p> \tIl vino in abbinamento sar\u00e0 offerto dall\u2019<strong>Azienda Vinicola Le Due Torri<\/strong> di Corno di Rosazzo.<\/p>\n<p> \tUn&#39;investigazione su un delitto e nei meandri della coscienza, un folgorante romanzo sulla colpa e sulla redenzione: \u201c<strong>Rancore<\/strong>\u201d (Einaudi Stile Libero), di <strong>Gianrico<\/strong> <strong>Carofiglio. Lo presenter\u00e0<\/strong> <strong>gioved\u00ec 7 luglio<\/strong>. Un&#39;avventura umana che va ben oltre gli stilemi del genere; e un personaggio epico, dolente, magnifico.<\/p>\n<p> \tIl vino in abbinamento sar\u00e0 offerto dall<strong>\u2019Azienda Vinicola Korsic<\/strong> di San Floriano del Collio.<\/p>\n<p> \t<strong>Gioved\u00ec 14 luglio<\/strong> protagonista agli incontri con l\u2019autore e con il vino <strong>Antonella Viola<\/strong> con \u201c<strong>Il sesso \u00e8 (quasi) tutto. Evoluzione, diversit\u00e0 e medicina di genere<\/strong>\u201d (Feltrinelli), in cui l\u2019immunologa guider\u00e0 il lettore alla scoperta di una medicina giusta, finalmente attenta alle differenze fisiologiche legate al sesso, ma anche alle conseguenze che le disparit\u00e0 di genere esercitano sulla salute.<\/p>\n<p> \tIl vino in abbinamento sar\u00e0 offerto dalla <strong>Cantina I Magredi<\/strong> di Domanins.<\/p>\n<p> \tLa storia dimenticata delle prime donne chirurgo, una manciata di pioniere a cui era preclusa la pratica in sala operatoria, che decisero di aprire in Francia un ospedale di guerra completamente gestito da loro. \u00c8 \u201c<strong>Come vento cucito alla terra<\/strong>\u201d (Longanesi), il nuovissimo libro di <strong>Ilaria Tuti, <\/strong>ospite a Lignano<strong> gioved\u00ec 21 luglio<\/strong>.<\/p>\n<p> \tIl vino in abbinamento sar\u00e0 offerto dall\u2019<strong>Azienda La Roncaia<\/strong> di Cergneu, Nimis.<\/p>\n<p> \t<strong>Gioved\u00ec 28 luglio<\/strong> il gradito ritorno di <strong>Tullio Avoledo<\/strong>, con \u201c<strong>Come navi nella notte<\/strong>\u201d (Marsilio). Un romanzo ambientato in una cupa Italia postpandemica dove la penetrazione &#8211; ormai non pi\u00f9 solo economica &#8211; della Cina sembra aver assunto i tratti di un vero e proprio assoggettamento. In questo libro l\u2019autore combina sfrenata fantasia e feroce realismo, mettendo in scena un futuro molto prossimo capace di far risaltare meglio le ombre che incombono sul nostro presente.<\/p>\n<p> \tIl vino in abbinamento sar\u00e0 offerto da <strong>Bastianich Winery<\/strong> di Cividale del Friuli.<\/p>\n<p> \tIl mese di agosto porter\u00e0 al Palapineta una delle piu\u0300 influenti scienziate italiane, <strong>Ilaria Capua<\/strong>. <strong>Gioved\u00ec 4 agosto<\/strong> presenter\u00e0 \u201c<strong>Il coraggio di non avere paura. La pandemia vista da una stella<\/strong>\u201d (Solferino), dove intreccia le sue meditazioni personali e le sue riflessioni pubbliche sulla crisi che ha coinvolto la vita di tutti.<\/p>\n<p> \tIl vino in abbinamento sar\u00e0 offerto dall\u2019<strong>Azienda Agricola Obiz<\/strong> di Cervignano del Friuli.<\/p>\n<p> \t&#8220;<strong>Balcania<\/strong>&#8221; (Edizioni Biblioteca dell\u2019Immagine) \u00e8 un libro che viaggia sul filo dei ricordi di <strong>Toni Capuozzo<\/strong>, che per dieci anni ha seguito da inviato per la televisione i conflitti della ex Jugoslavia. Perch\u00e9 trent&#39;anni dopo \u00e8 inevitabile chiedersi a che cosa sia servito tanto dolore. Capuozzo lo racconter\u00e0 al pubblico del Palapineta <strong>gioved\u00ec 11 agosto<\/strong>.<\/p>\n<p> \tIl vino in abbinamento sar\u00e0 offerto dall\u2019<strong>Azienda Agricola Scarbolo Sergio<\/strong> di Cividale del Friuli.<\/p>\n<p> \t<strong>Gioved\u00ec 18 agosto<\/strong> torner\u00e0 a Lignano <strong>Enrico Galiano<\/strong> con \u201c<strong>La societ\u00e0 segreta dei salvaparole<\/strong>\u201d (Salani), il suo incredibile esordio nella narrativa per ragazzi. Una storia di amicizia, coraggio e lealt\u00e0 che insegna l&#39;importanza di proteggere sempre le parole, la nostra arma di difesa pi\u00f9 preziosa contro il male del mondo.<\/p>\n<p> \tIl vino in abbinamento sar\u00e0 offerto dalla <strong>Societ\u00e0 Agricola Lorenzonetto Cav. Guido <\/strong>di Latisana.<\/p>\n<p> \tIl rispetto delle persone e dell&#39;ambiente deve essere al centro dell&#39;impresa che guarda al futuro. Questo \u00e8 in sintesi il paradigma dello sviluppo sostenibile, che chiama in causa non solo le aziende ma anche i consumatori e lo Stato. La sfida sar\u00e0 vinta solo se il cambiamento culturale sar\u00e0 preso in carico da tutti. E lo illustrer\u00e0 <strong>Chiara Mio<\/strong> <strong>gioved\u00ec 25 agosto<\/strong>, con il suo saggio \u201c<strong>L\u2019azienda sostenibile<\/strong>\u201d (Editori Laterza).<\/p>\n<p> \tIl vino in abbinamento sar\u00e0 offerto da <strong>Scolaris Vini<\/strong> di San Lorenzo Isontino.<\/p>\n<p> \tIl penultimo appuntamento degli Incontri con l\u2019autore e con il vino 2022 sar\u00e0 gioved\u00ec 1\u00b0 settembre con <strong>Federico Rampini<\/strong> e \u201c<strong>America. Tutto quello che non sapevamo e dovremmo sapere<\/strong>\u201d (Solferino). Una guida di viaggio in senso letterale: perch\u00e9 una visita all\u2019America si pu\u00f2 fare guardando dietro le apparenze. E magari ci aiuta a intuire dove \u201candr\u00e0 a finire\u201d.<\/p>\n<p> \tIl vino in abbinamento sar\u00e0 offerto dall\u2019<strong>Azienda\u00a0Vinicola<\/strong>\u00a0<strong>Marco Felluga <\/strong>di Gradisca d\u2019Isonzo.<\/p>\n<p> \tIl gran finale <strong>gioved\u00ec 8 settembre<\/strong>: la rassegna chiuder\u00e0 con <strong>Romano Prodi<\/strong> e il suo libro \u201c<strong>Le immagini raccontano l\u2019Europa<\/strong>\u201d (Rizzoli).<\/p>\n<p> \tNessuno meglio del gi\u00e0 presidente della Commissione Europea, &#8220;padre&#8221; dell&#39;euro e convinto sostenitore dell&#39;allargamento dell&#39;UE, poteva raccontare le tappe del cammino, i valori condivisi, le conquiste e le disillusioni; ma anche come l&#39;Europa \u00e8 entrata a fare parte della vita quotidiana dei suoi cittadini ampliando le prospettive delle nuove generazioni.<\/p>\n<p> \tIl vino in abbinamento sar\u00e0 offerto dall\u2019<strong>Azienda Agricola Modeano<\/strong> di Palazzolo dello Stella.<\/p>\n<p> \tAll\u2019interno del Palapineta ci sar\u00e0 un corner allestito da <strong>Librerie Coop<\/strong> per poter acquistare le copie dei libri con la possibilit\u00e0 di farsele autografare dagli autori.<\/p>\n<p> \tSi ricorda che fino al 15 giugno, come da ordinanza del Ministero della Salute del 28.04.2022,\u00a0\u00e8\u00a0fatto obbligo di indossare i dispositivi di protezione delle vie respiratorie di tipo FFP2 per gli spettacoli che si svolgono al chiuso.<\/p>\n<p> \t\u00a0<\/p>\n","protected":false},"excerpt":{"rendered":"<p>Tornano gli &#8220;Incontri con l\u2019autore e con il vino&#8221;<\/p>\n","protected":false},"author":28,"featured_media":43865,"comment_status":"closed","ping_status":"closed","sticky":false,"template":"","format":"standard","meta":{"dwc-title":[],"dwc-content":[],"footnotes":""},"categories":[37],"tags":[],"class_list":["post-43864","post","type-post","status-publish","format-standard","has-post-thumbnail","hentry","category-cultura-e-spettacolo"],"rttpg_featured_image_url":{"full":["https:\/\/imagazine.it\/wp-content\/uploads\/2024\/01\/48097-1.webp",1000,666,false],"landscape":["https:\/\/imagazine.it\/wp-content\/uploads\/2024\/01\/48097-1.webp",1000,666,false],"portraits":["https:\/\/imagazine.it\/wp-content\/uploads\/2024\/01\/48097-1.webp",1000,666,false],"thumbnail":["https:\/\/imagazine.it\/wp-content\/uploads\/2024\/01\/48097-1-150x150.webp",150,150,true],"medium":["https:\/\/imagazine.it\/wp-content\/uploads\/2024\/01\/48097-1-300x200.webp",300,200,true],"large":["https:\/\/imagazine.it\/wp-content\/uploads\/2024\/01\/48097-1.webp",640,426,false],"thumblist":["https:\/\/imagazine.it\/wp-content\/uploads\/2024\/01\/48097-1.webp",300,200,false],"thumbrelated":["https:\/\/imagazine.it\/wp-content\/uploads\/2024\/01\/48097-1.webp",500,333,false],"meccarouselthumb":["https:\/\/imagazine.it\/wp-content\/uploads\/2024\/01\/48097-1.webp",474,316,false],"gridsquare":["https:\/\/imagazine.it\/wp-content\/uploads\/2024\/01\/48097-1.webp",391,260,false],"tileview":["https:\/\/imagazine.it\/wp-content\/uploads\/2024\/01\/48097-1.webp",300,200,false],"1536x1536":["https:\/\/imagazine.it\/wp-content\/uploads\/2024\/01\/48097-1.webp",1000,666,false],"2048x2048":["https:\/\/imagazine.it\/wp-content\/uploads\/2024\/01\/48097-1.webp",1000,666,false],"newsup-slider-full":["https:\/\/imagazine.it\/wp-content\/uploads\/2024\/01\/48097-1.webp",1000,666,false],"newsup-featured":["https:\/\/imagazine.it\/wp-content\/uploads\/2024\/01\/48097-1.webp",1000,666,false],"newsup-medium":["https:\/\/imagazine.it\/wp-content\/uploads\/2024\/01\/48097-1-720x380.webp",720,380,true],"tptn_thumbnail":["https:\/\/imagazine.it\/wp-content\/uploads\/2024\/01\/48097-1.webp",250,167,false],"sow-carousel-default":["https:\/\/imagazine.it\/wp-content\/uploads\/2024\/01\/48097-1-272x182.webp",272,182,true]},"rttpg_author":{"display_name":"redazione","author_link":"https:\/\/imagazine.it\/home_desk\/author\/redazione\/"},"rttpg_comment":0,"rttpg_category":"<a href=\"https:\/\/imagazine.it\/home_desk\/category\/cultura-e-spettacolo\/\" rel=\"category tag\">CULTURA&amp;SPETTACOLO<\/a>","rttpg_excerpt":"Tornano gli \"Incontri con l\u2019autore e con il vino\"","_links":{"self":[{"href":"https:\/\/imagazine.it\/home_desk\/wp-json\/wp\/v2\/posts\/43864","targetHints":{"allow":["GET"]}}],"collection":[{"href":"https:\/\/imagazine.it\/home_desk\/wp-json\/wp\/v2\/posts"}],"about":[{"href":"https:\/\/imagazine.it\/home_desk\/wp-json\/wp\/v2\/types\/post"}],"author":[{"embeddable":true,"href":"https:\/\/imagazine.it\/home_desk\/wp-json\/wp\/v2\/users\/28"}],"replies":[{"embeddable":true,"href":"https:\/\/imagazine.it\/home_desk\/wp-json\/wp\/v2\/comments?post=43864"}],"version-history":[{"count":0,"href":"https:\/\/imagazine.it\/home_desk\/wp-json\/wp\/v2\/posts\/43864\/revisions"}],"wp:featuredmedia":[{"embeddable":true,"href":"https:\/\/imagazine.it\/home_desk\/wp-json\/wp\/v2\/media\/43865"}],"wp:attachment":[{"href":"https:\/\/imagazine.it\/home_desk\/wp-json\/wp\/v2\/media?parent=43864"}],"wp:term":[{"taxonomy":"category","embeddable":true,"href":"https:\/\/imagazine.it\/home_desk\/wp-json\/wp\/v2\/categories?post=43864"},{"taxonomy":"post_tag","embeddable":true,"href":"https:\/\/imagazine.it\/home_desk\/wp-json\/wp\/v2\/tags?post=43864"}],"curies":[{"name":"wp","href":"https:\/\/api.w.org\/{rel}","templated":true}]}}