{"id":43852,"date":"2022-06-01T00:00:00","date_gmt":"2022-05-31T23:00:00","guid":{"rendered":"https:\/\/imagazine.it\/?p=43852"},"modified":"2022-06-01T00:00:00","modified_gmt":"2022-05-31T23:00:00","slug":"letteratura-e-teatro-si-intersecano-a-trieste","status":"publish","type":"post","link":"https:\/\/imagazine.it\/home_desk\/letteratura-e-teatro-si-intersecano-a-trieste\/","title":{"rendered":"Letteratura e teatro si intersecano a Trieste"},"content":{"rendered":"<p> \tTutti a teatro a Trieste dal <strong>9 giugno al 2 luglio <\/strong>con la seconda edizione di <em>LET\u2019S PLAY<\/em>, cartellone di sei spettacoli, per 12 repliche con le due produzioni del Teatro La Contrada, tre del Bonawentura \/Teatro Miela e una del Teatro Stabile Sloveno, allestiti negli spazi esterni del <strong>Museo Sartorio di Trieste<\/strong>, grazie alla collaborazione con il <strong>Comune di Trieste<\/strong> e a <strong>Civici Musei<\/strong>.<\/p>\n<p> \tLa rassegna, inserita in Trieste Estate, fa parte di LET\u2019S, Letteratura in citt\u00e0, progetto di valorizzazione della creativit\u00e0 letteraria in relazione alla candidatura al network delle Citt\u00e0 Creative dell\u2019Unesco nella Letteratura.<\/p>\n<p> \tAd aprire la rassegna, <strong>gioved\u00ec<\/strong> <strong>9<\/strong> <strong>e venerd\u00ec 10 giugno,<\/strong> alle 21 lo spettacolo firmato Contrada \u201c<strong>Terzetto Spezzato<\/strong>\u201d, di Italo Svevo, per la regia di Elke Burul, con Marzia Postogna, Francesco Godina e Valentino Pagliei.<\/p>\n<p> \t<strong>Sabato 11 e domenica 12 giugno<\/strong>, sempre alle 21, andr\u00e0 in scena la produzione Contrada \u201c<strong>Il Barbiere di Trieste<\/strong>\u201d da\u00a0<em>Il barbiere di Siviglia<\/em> di Beaumarchais, per la\u00a0traduzione, adattamento e regia di Giacomo Segulia,\u00a0in scena insieme a Davide Rossi, Veronica Dariol, Simone Debenedetti, Daniele Molino e con Alessio Venier al violino, Giacomi Cozzi al clarinetto e Mitja Tull alla fisarmonica.\u00a0<\/p>\n<p> \tP<strong>renotazioni per i due spettacoli alla <\/strong><a href=\"mailto:contrada@contrada.it\" target=\"_blank\" rel=\"noopener\"><strong>contrada@contrada.it<\/strong><\/a>, in caso di maltempo Teatro dei Fabbri.<\/p>\n<p> \t<strong>Da gioved\u00ec 23 a domenica 26 giugno<\/strong>, alle 21, quattro repliche invece per il Teatro Stabile Sloveno con<strong> &#8220;Goccia di sale&#8221;<\/strong>, un progetto d\u2019autore che si ispira alle poesie del poeta Edelman Jurin\u010di\u010d, con le musiche originali di Andrejka Mo\u017eina e con la voce di\u00a0Patrizia Jurin\u010di\u010d Fin\u017egar e la chitarra di Jano\u0161 Jurin\u010di\u010d.<\/p>\n<p> \t<strong>Prenotazioni: Teatro Stabile Sloveno con<\/strong> sovratitoli in italiano, in caso maltempo sala del Ridotto del TSS.<\/p>\n<p> \t<strong>Gioved\u00ec 30 giugno<\/strong> alle 21 sar\u00e0 la volta delle tre produzioni <strong>Bonawentura\/Teatro Miela<\/strong> con <strong>&#8220;La principessa azzurra&#8221;<\/strong>, per la regia di Filippo Capparella e Saskia Simonet, entrambi\u00a0in scena insieme a\u00a0Simon Th\u00f6ni.<\/p>\n<p> \t<strong>Venerd\u00ec 1 luglio<\/strong>, alle 21, sar\u00e0 la volta della Coproduzione Teatro Miela Bonawentura Soc. Coop e Artifragili:<strong> &#8220;Dalla Carne e dalle ossa&#8221;<\/strong>, per la regia e drammaturgia a cura di Omar Giorgio Makhloufi con Filippo Capparella, Veronica Dariol e Paolo Fagiolo.<\/p>\n<p> \tPrenotazioni dei due spettacoli: <a href=\"mailto:biglietteria@miela.it\" target=\"_blank\" rel=\"noopener\"><strong>biglietteria@miela.it<\/strong><\/a><strong> e <\/strong><u><a data-saferedirecturl=\"https:\/\/www.google.com\/url?q=http:\/\/www.vivaticket.com\/&#038;source=gmail&#038;ust=1654173830380000&#038;usg=AOvVaw2A0XV03n6nb4tAgbbuOOtG\" href=\"http:\/\/www.vivaticket.com\/\" target=\"_blank\" rel=\"noopener\"><span style=\"color:#0000cd;\"><strong>www.vivaticket.com<\/strong><\/span><\/a><\/u>, in caso di maltempo Teatro Miela<\/p>\n<p> \t<strong>Infine sabato 2 e domenica 3\u00a0luglio<\/strong>, alle 21 in scena &#8220;<strong>Pasolini On the road\u201d <\/strong>a cura di Massimo Navone, liberamente tratto da &#8220;La Lunga Strada Di Sabbia. Un diario di viaggio&#8221;, performance con musica dal vivo che rievoca il periodo in cui Pasolini si abbandona a momenti di vera e propria gioia, quello che tra il giugno e l&#39;agosto del 1959, al volante di una Fiat 1100, percorre la \u00ablunga strada di sabbia\u00bb, il periplo completo della nostra penisola.<\/p>\n<p> \tPrenotazioni: <a href=\"mailto:biglietteria@miela.it.oppure\" target=\"_blank\" rel=\"noopener\"><strong>biglietteria@miela.it.<\/strong><\/a> o <u><a data-saferedirecturl=\"https:\/\/www.google.com\/url?q=http:\/\/www.vivaticket.com\/&#038;source=gmail&#038;ust=1654173830381000&#038;usg=AOvVaw2MS0Ayy2LWJymgDnMQDxZp\" href=\"http:\/\/www.vivaticket.com\/\" target=\"_blank\" rel=\"noopener\"><span style=\"color:#0000cd;\"><strong>www.vivaticket.com<\/strong><\/span><\/a><\/u><strong>, <\/strong>in caso di maltempo Teatro dei Fabbri.<\/p>\n<p> \t\u00a0<\/p>\n","protected":false},"excerpt":{"rendered":"<p>Seconda edizione di LET\u2019S PLAY<\/p>\n","protected":false},"author":23,"featured_media":43853,"comment_status":"closed","ping_status":"closed","sticky":false,"template":"","format":"standard","meta":{"dwc-title":[],"dwc-content":[],"footnotes":""},"categories":[37],"tags":[],"class_list":["post-43852","post","type-post","status-publish","format-standard","has-post-thumbnail","hentry","category-cultura-e-spettacolo"],"rttpg_featured_image_url":{"full":["https:\/\/imagazine.it\/wp-content\/uploads\/2024\/01\/48061-1.webp",1000,721,false],"landscape":["https:\/\/imagazine.it\/wp-content\/uploads\/2024\/01\/48061-1.webp",1000,721,false],"portraits":["https:\/\/imagazine.it\/wp-content\/uploads\/2024\/01\/48061-1.webp",1000,721,false],"thumbnail":["https:\/\/imagazine.it\/wp-content\/uploads\/2024\/01\/48061-1-150x150.webp",150,150,true],"medium":["https:\/\/imagazine.it\/wp-content\/uploads\/2024\/01\/48061-1-300x216.webp",300,216,true],"large":["https:\/\/imagazine.it\/wp-content\/uploads\/2024\/01\/48061-1.webp",640,461,false],"thumblist":["https:\/\/imagazine.it\/wp-content\/uploads\/2024\/01\/48061-1.webp",300,216,false],"thumbrelated":["https:\/\/imagazine.it\/wp-content\/uploads\/2024\/01\/48061-1.webp",500,361,false],"meccarouselthumb":["https:\/\/imagazine.it\/wp-content\/uploads\/2024\/01\/48061-1.webp",449,324,false],"gridsquare":["https:\/\/imagazine.it\/wp-content\/uploads\/2024\/01\/48061-1.webp",361,260,false],"tileview":["https:\/\/imagazine.it\/wp-content\/uploads\/2024\/01\/48061-1.webp",300,216,false],"1536x1536":["https:\/\/imagazine.it\/wp-content\/uploads\/2024\/01\/48061-1.webp",1000,721,false],"2048x2048":["https:\/\/imagazine.it\/wp-content\/uploads\/2024\/01\/48061-1.webp",1000,721,false],"newsup-slider-full":["https:\/\/imagazine.it\/wp-content\/uploads\/2024\/01\/48061-1.webp",999,720,false],"newsup-featured":["https:\/\/imagazine.it\/wp-content\/uploads\/2024\/01\/48061-1.webp",1000,721,false],"newsup-medium":["https:\/\/imagazine.it\/wp-content\/uploads\/2024\/01\/48061-1-720x380.webp",720,380,true],"tptn_thumbnail":["https:\/\/imagazine.it\/wp-content\/uploads\/2024\/01\/48061-1.webp",250,180,false],"sow-carousel-default":["https:\/\/imagazine.it\/wp-content\/uploads\/2024\/01\/48061-1-272x182.webp",272,182,true]},"rttpg_author":{"display_name":"Margherita Reguitti","author_link":"https:\/\/imagazine.it\/home_desk\/author\/reguitti\/"},"rttpg_comment":0,"rttpg_category":"<a href=\"https:\/\/imagazine.it\/home_desk\/category\/cultura-e-spettacolo\/\" rel=\"category tag\">CULTURA&amp;SPETTACOLO<\/a>","rttpg_excerpt":"Seconda edizione di LET\u2019S PLAY","_links":{"self":[{"href":"https:\/\/imagazine.it\/home_desk\/wp-json\/wp\/v2\/posts\/43852","targetHints":{"allow":["GET"]}}],"collection":[{"href":"https:\/\/imagazine.it\/home_desk\/wp-json\/wp\/v2\/posts"}],"about":[{"href":"https:\/\/imagazine.it\/home_desk\/wp-json\/wp\/v2\/types\/post"}],"author":[{"embeddable":true,"href":"https:\/\/imagazine.it\/home_desk\/wp-json\/wp\/v2\/users\/23"}],"replies":[{"embeddable":true,"href":"https:\/\/imagazine.it\/home_desk\/wp-json\/wp\/v2\/comments?post=43852"}],"version-history":[{"count":0,"href":"https:\/\/imagazine.it\/home_desk\/wp-json\/wp\/v2\/posts\/43852\/revisions"}],"wp:featuredmedia":[{"embeddable":true,"href":"https:\/\/imagazine.it\/home_desk\/wp-json\/wp\/v2\/media\/43853"}],"wp:attachment":[{"href":"https:\/\/imagazine.it\/home_desk\/wp-json\/wp\/v2\/media?parent=43852"}],"wp:term":[{"taxonomy":"category","embeddable":true,"href":"https:\/\/imagazine.it\/home_desk\/wp-json\/wp\/v2\/categories?post=43852"},{"taxonomy":"post_tag","embeddable":true,"href":"https:\/\/imagazine.it\/home_desk\/wp-json\/wp\/v2\/tags?post=43852"}],"curies":[{"name":"wp","href":"https:\/\/api.w.org\/{rel}","templated":true}]}}