{"id":43794,"date":"2022-05-26T00:00:00","date_gmt":"2022-05-25T23:00:00","guid":{"rendered":"https:\/\/imagazine.it\/?p=43794"},"modified":"2022-05-26T00:00:00","modified_gmt":"2022-05-25T23:00:00","slug":"tecnologia-interlogica-approda-ufficialmente-in-fvg","status":"publish","type":"post","link":"https:\/\/imagazine.it\/home_desk\/tecnologia-interlogica-approda-ufficialmente-in-fvg\/","title":{"rendered":"Tecnologia, Interlogica approda ufficialmente in FVG"},"content":{"rendered":"<p> \t<strong>Interlogica<\/strong> approda ufficialmente in <strong>Friuli Venezia Giulia<\/strong>: l\u2019azienda IT con base a Venezia-Mestre, ha recentemente aperto un nuovo ufficio nell&#39;area industriale di <strong>Amaro<\/strong>, presso la sede di <strong>Eurotech<\/strong>.<\/p>\n<p> \tLa multinazionale friulana \u00e8 socia di Interlogica\u00a0e partecipa con una quota del 10%.\u00a0<\/p>\n<p> \t\u201cEurotech &#8211; ha sottolineato <strong>Alessandro Fossato<\/strong>, amministratore di Interlogica &#8211; crea prodotti di fascia alta per il mercato IoT, Interlogica industrializza processi, costruendo i componenti di IoT, Big Data, Business Intelligence. Il nostro lavoro si integra vicendevolmente. Abbiamo aperto un ufficio che ci consente un approccio di lavoro pi\u00f9 collaborativo tra le due realt\u00e0, e assunto un programmatore in zona. Questo \u00e8 uno di quei casi in cui la vicinanza dona un valore aggiunto e permette di costruire opportunit\u00e0 per entrambi, anche solo attraverso il classico scambio di idee\u201d.<\/p>\n<p> \tL\u2019arrivo in regione di Interlogica si \u00e8 tradotto anche nell\u2019ingresso nel network del Ditedi, cluster friulano che mette in rete le aziende operanti nel digitale.\u00a0<\/p>\n<p> \t\u201cSiamo assolutamente disponibili &#8211; ha rimarcato Fossato &#8211; a condividere approcci, contatti, competenze, conoscenze con il cluster. Riteniamo fondamentale diventare parte di una comunit\u00e0 d&#39;impresa. Non vogliamo che la nostra iscrizione sia un foglio di carta in un cassetto, ma una presenza che crea valore. Dall\u2019altra parte, ovviamente, ci piacerebbe anche trovare il modo di integrarci con le aziende locali nell\u2019ottica di sviluppo del nostro business\u201d.<\/p>\n<p> \t\u201cCreare collegamenti tra diverse realt\u00e0 \u00e8 uno dei nostri ruoli pi\u00f9 importanti &#8211; ha ricordato <strong>Francesco Contin<\/strong>, manager del Ditedi &#8211; e l\u2019ingresso di Interlogica nella nostra rete \u00e8 un grande arricchimento: l\u2019approccio di quest\u2019azienda pu\u00f2 essere una risorsa preziosa per trasferire buone pratiche a imprese che hanno bisogno di crescere\u201d.\u00a0<\/p>\n<p> \tAttualmente le aziende che fanno parte del cluster friulano sono oltre 90 per un totale di pi\u00f9 di 2.000 addetti impiegati.<\/p>\n<p> \t\u00a0<\/p>\n","protected":false},"excerpt":{"rendered":"<p>Nella sede di Eurotech ad Amaro<\/p>\n","protected":false},"author":28,"featured_media":43795,"comment_status":"closed","ping_status":"closed","sticky":false,"template":"","format":"standard","meta":{"dwc-title":[],"dwc-content":[],"footnotes":""},"categories":[6],"tags":[],"class_list":["post-43794","post","type-post","status-publish","format-standard","has-post-thumbnail","hentry","category-societa"],"rttpg_featured_image_url":{"full":["https:\/\/imagazine.it\/wp-content\/uploads\/2024\/01\/47917-1.webp",1000,832,false],"landscape":["https:\/\/imagazine.it\/wp-content\/uploads\/2024\/01\/47917-1.webp",1000,832,false],"portraits":["https:\/\/imagazine.it\/wp-content\/uploads\/2024\/01\/47917-1.webp",1000,832,false],"thumbnail":["https:\/\/imagazine.it\/wp-content\/uploads\/2024\/01\/47917-1-150x150.webp",150,150,true],"medium":["https:\/\/imagazine.it\/wp-content\/uploads\/2024\/01\/47917-1-300x250.webp",300,250,true],"large":["https:\/\/imagazine.it\/wp-content\/uploads\/2024\/01\/47917-1.webp",640,532,false],"thumblist":["https:\/\/imagazine.it\/wp-content\/uploads\/2024\/01\/47917-1.webp",300,250,false],"thumbrelated":["https:\/\/imagazine.it\/wp-content\/uploads\/2024\/01\/47917-1.webp",500,416,false],"meccarouselthumb":["https:\/\/imagazine.it\/wp-content\/uploads\/2024\/01\/47917-1.webp",389,324,false],"gridsquare":["https:\/\/imagazine.it\/wp-content\/uploads\/2024\/01\/47917-1.webp",313,260,false],"tileview":["https:\/\/imagazine.it\/wp-content\/uploads\/2024\/01\/47917-1.webp",300,250,false],"1536x1536":["https:\/\/imagazine.it\/wp-content\/uploads\/2024\/01\/47917-1.webp",1000,832,false],"2048x2048":["https:\/\/imagazine.it\/wp-content\/uploads\/2024\/01\/47917-1.webp",1000,832,false],"newsup-slider-full":["https:\/\/imagazine.it\/wp-content\/uploads\/2024\/01\/47917-1-1000x720.webp",1000,720,true],"newsup-featured":["https:\/\/imagazine.it\/wp-content\/uploads\/2024\/01\/47917-1.webp",1000,832,false],"newsup-medium":["https:\/\/imagazine.it\/wp-content\/uploads\/2024\/01\/47917-1-720x380.webp",720,380,true],"tptn_thumbnail":["https:\/\/imagazine.it\/wp-content\/uploads\/2024\/01\/47917-1.webp",250,208,false],"sow-carousel-default":["https:\/\/imagazine.it\/wp-content\/uploads\/2024\/01\/47917-1-272x182.webp",272,182,true]},"rttpg_author":{"display_name":"redazione","author_link":"https:\/\/imagazine.it\/home_desk\/author\/redazione\/"},"rttpg_comment":0,"rttpg_category":"<a href=\"https:\/\/imagazine.it\/home_desk\/category\/societa\/\" rel=\"category tag\">SOCIET\u00c0<\/a>","rttpg_excerpt":"Nella sede di Eurotech ad Amaro","_links":{"self":[{"href":"https:\/\/imagazine.it\/home_desk\/wp-json\/wp\/v2\/posts\/43794","targetHints":{"allow":["GET"]}}],"collection":[{"href":"https:\/\/imagazine.it\/home_desk\/wp-json\/wp\/v2\/posts"}],"about":[{"href":"https:\/\/imagazine.it\/home_desk\/wp-json\/wp\/v2\/types\/post"}],"author":[{"embeddable":true,"href":"https:\/\/imagazine.it\/home_desk\/wp-json\/wp\/v2\/users\/28"}],"replies":[{"embeddable":true,"href":"https:\/\/imagazine.it\/home_desk\/wp-json\/wp\/v2\/comments?post=43794"}],"version-history":[{"count":0,"href":"https:\/\/imagazine.it\/home_desk\/wp-json\/wp\/v2\/posts\/43794\/revisions"}],"wp:featuredmedia":[{"embeddable":true,"href":"https:\/\/imagazine.it\/home_desk\/wp-json\/wp\/v2\/media\/43795"}],"wp:attachment":[{"href":"https:\/\/imagazine.it\/home_desk\/wp-json\/wp\/v2\/media?parent=43794"}],"wp:term":[{"taxonomy":"category","embeddable":true,"href":"https:\/\/imagazine.it\/home_desk\/wp-json\/wp\/v2\/categories?post=43794"},{"taxonomy":"post_tag","embeddable":true,"href":"https:\/\/imagazine.it\/home_desk\/wp-json\/wp\/v2\/tags?post=43794"}],"curies":[{"name":"wp","href":"https:\/\/api.w.org\/{rel}","templated":true}]}}