{"id":43774,"date":"2022-05-25T00:00:00","date_gmt":"2022-05-24T23:00:00","guid":{"rendered":"https:\/\/imagazine.it\/?p=43774"},"modified":"2022-05-25T00:00:00","modified_gmt":"2022-05-24T23:00:00","slug":"la-plastica-torna-in-vita-progetto-a-palmanova","status":"publish","type":"post","link":"https:\/\/imagazine.it\/home_desk\/la-plastica-torna-in-vita-progetto-a-palmanova\/","title":{"rendered":"La plastica torna in vita, progetto a Palmanova"},"content":{"rendered":"<p> \tArriva a <strong>Palmanova<\/strong> il primo raccoglitore dedicato al riutilizzo dei tappi in plastica.<\/p>\n<p> \tIl progetto di eco-sostenibilit\u00e0 \u00e8 ideato e promosso <strong>dal Comune e dal Forum Giovani della citt\u00e0<\/strong>. Due punti di raccolta finalizzati al riciclo del <strong>materiale plastico per creare, attraverso la sua fusione, una panchina &#8220;amica dell&#39;ambiente&#8221;.<\/strong><\/p>\n<p> \tL\u2019Associazione Cas\u2019Aupa, attraverso il progetto Plastic Art, si occuper\u00e0, una volta raggiunta la quantit\u00e0 necessaria, di dare nuova vita ai tappi, <strong>realizzando una seduta artistica. <\/strong>Ogni cittadino potr\u00e0 recarsi autonomamente presso uno dei due punti di raccolta presenti, uno sotto <strong>la Loggia di Piazza Grande e uno nell\u2019atrio del Comune<\/strong>, e depositare i tappi nell&#39;apposito cestino ecologico.<\/p>\n<p> \t<em>&#8220;Il progetto nasce dalla volont\u00e0 di aiutare, nel nostro piccolo, l&#39;ambiente, promuovendo il riciclo tra i cittadini e rendendoli partecipi nell&#39;attivit\u00e0 di raccolta per costruire\u00a0insieme qualcosa di nuovo&#8221;, <\/em>afferma l&#39;assessore alle Politiche Giovanili di Palmanova, <strong>Thomas Trino<\/strong>.<\/p>\n<p> \t\u201c<em>Un&#39;iniziativa che pone l\u2019attenzione pubblica su temi attuali come il riciclo, la sostenibilit\u00e0 e l&#39;attenzione generale per l&#39;ambiente in cui si vive. Palmanova <strong>decide di partire da un piccolo gesto <\/strong>ma che racchiude un significato profondo, quello di garantire un futuro migliore per il pianeta\u201d, <\/em>aggiunge la coordinatrice del Forum Giovani di Palmanova.<\/p>\n<p> \t\u00a0<\/p>\n","protected":false},"excerpt":{"rendered":"<p>Coinvolti Comune, Forum Giovani e Cas&#8217;Aupa<\/p>\n","protected":false},"author":28,"featured_media":43775,"comment_status":"closed","ping_status":"closed","sticky":false,"template":"","format":"standard","meta":{"dwc-title":[],"dwc-content":[],"footnotes":""},"categories":[5],"tags":[],"class_list":["post-43774","post","type-post","status-publish","format-standard","has-post-thumbnail","hentry","category-attualita"],"rttpg_featured_image_url":{"full":["https:\/\/imagazine.it\/wp-content\/uploads\/2024\/01\/47884-1.webp",1920,1021,false],"landscape":["https:\/\/imagazine.it\/wp-content\/uploads\/2024\/01\/47884-1.webp",1920,1021,false],"portraits":["https:\/\/imagazine.it\/wp-content\/uploads\/2024\/01\/47884-1.webp",1920,1021,false],"thumbnail":["https:\/\/imagazine.it\/wp-content\/uploads\/2024\/01\/47884-1-150x150.webp",150,150,true],"medium":["https:\/\/imagazine.it\/wp-content\/uploads\/2024\/01\/47884-1-300x160.webp",300,160,true],"large":["https:\/\/imagazine.it\/wp-content\/uploads\/2024\/01\/47884-1-1024x545.webp",640,341,true],"thumblist":["https:\/\/imagazine.it\/wp-content\/uploads\/2024\/01\/47884-1.webp",300,160,false],"thumbrelated":["https:\/\/imagazine.it\/wp-content\/uploads\/2024\/01\/47884-1.webp",500,266,false],"meccarouselthumb":["https:\/\/imagazine.it\/wp-content\/uploads\/2024\/01\/47884-1.webp",474,252,false],"gridsquare":["https:\/\/imagazine.it\/wp-content\/uploads\/2024\/01\/47884-1.webp",391,208,false],"tileview":["https:\/\/imagazine.it\/wp-content\/uploads\/2024\/01\/47884-1.webp",300,160,false],"1536x1536":["https:\/\/imagazine.it\/wp-content\/uploads\/2024\/01\/47884-1-1536x817.webp",1536,817,true],"2048x2048":["https:\/\/imagazine.it\/wp-content\/uploads\/2024\/01\/47884-1.webp",1920,1021,false],"newsup-slider-full":["https:\/\/imagazine.it\/wp-content\/uploads\/2024\/01\/47884-1-1280x720.webp",1280,720,true],"newsup-featured":["https:\/\/imagazine.it\/wp-content\/uploads\/2024\/01\/47884-1-1024x545.webp",1024,545,true],"newsup-medium":["https:\/\/imagazine.it\/wp-content\/uploads\/2024\/01\/47884-1-720x380.webp",720,380,true],"tptn_thumbnail":["https:\/\/imagazine.it\/wp-content\/uploads\/2024\/01\/47884-1.webp",250,133,false],"sow-carousel-default":["https:\/\/imagazine.it\/wp-content\/uploads\/2024\/01\/47884-1-272x182.webp",272,182,true]},"rttpg_author":{"display_name":"redazione","author_link":"https:\/\/imagazine.it\/home_desk\/author\/redazione\/"},"rttpg_comment":0,"rttpg_category":"<a href=\"https:\/\/imagazine.it\/home_desk\/category\/attualita\/\" rel=\"category tag\">ATTUALIT\u00c0<\/a>","rttpg_excerpt":"Coinvolti Comune, Forum Giovani e Cas'Aupa","_links":{"self":[{"href":"https:\/\/imagazine.it\/home_desk\/wp-json\/wp\/v2\/posts\/43774","targetHints":{"allow":["GET"]}}],"collection":[{"href":"https:\/\/imagazine.it\/home_desk\/wp-json\/wp\/v2\/posts"}],"about":[{"href":"https:\/\/imagazine.it\/home_desk\/wp-json\/wp\/v2\/types\/post"}],"author":[{"embeddable":true,"href":"https:\/\/imagazine.it\/home_desk\/wp-json\/wp\/v2\/users\/28"}],"replies":[{"embeddable":true,"href":"https:\/\/imagazine.it\/home_desk\/wp-json\/wp\/v2\/comments?post=43774"}],"version-history":[{"count":0,"href":"https:\/\/imagazine.it\/home_desk\/wp-json\/wp\/v2\/posts\/43774\/revisions"}],"wp:featuredmedia":[{"embeddable":true,"href":"https:\/\/imagazine.it\/home_desk\/wp-json\/wp\/v2\/media\/43775"}],"wp:attachment":[{"href":"https:\/\/imagazine.it\/home_desk\/wp-json\/wp\/v2\/media?parent=43774"}],"wp:term":[{"taxonomy":"category","embeddable":true,"href":"https:\/\/imagazine.it\/home_desk\/wp-json\/wp\/v2\/categories?post=43774"},{"taxonomy":"post_tag","embeddable":true,"href":"https:\/\/imagazine.it\/home_desk\/wp-json\/wp\/v2\/tags?post=43774"}],"curies":[{"name":"wp","href":"https:\/\/api.w.org\/{rel}","templated":true}]}}