{"id":43744,"date":"2022-05-19T00:00:00","date_gmt":"2022-05-18T23:00:00","guid":{"rendered":"https:\/\/imagazine.it\/?p=43744"},"modified":"2022-05-19T00:00:00","modified_gmt":"2022-05-18T23:00:00","slug":"cervignano-solidarieta-per-le-famiglie-bisognose","status":"publish","type":"post","link":"https:\/\/imagazine.it\/home_desk\/cervignano-solidarieta-per-le-famiglie-bisognose\/","title":{"rendered":"Cervignano, solidariet\u00e0 per le famiglie bisognose"},"content":{"rendered":"<p> \tNuovo successo di solidariet\u00e0, dovuto soprattutto alla generosit\u00e0 dei cervignanesi, con la tradizionale raccolta alimentare a favore della <strong>Caritas di Cervignano<\/strong> per l\u2019emporio alimentare.<\/p>\n<p> \tOrganizzata dalla <strong>Coop Alleanza 3.0<\/strong>, non nuova a queste iniziative benefiche, con la collaborazione dell\u2019<strong>Associazione<\/strong> <strong>Carabinieri<\/strong> di Cervignano del Friuli, i soci volontari Coop, guidati da <strong>Francesco Gratton<\/strong>, e molti volontari della <strong>Caritas di Cervignano<\/strong>, sabato scorso hanno raccolto quello che i clienti della Coop di via della Ferrovia Vecchia hanno voluto lasciare all\u2019uscita del punto vendita.<\/p>\n<p> \tPer i volontari il lavoro si \u00e8 protratto dalle 8.30 fino alle 19: nelle oltre 10 ore di impegno sono stati raccolti <strong>825 chilogrammi di prodotti alimentari non deperibili<\/strong> che sono stati successivamente portati all\u2019emporio alimentare.<\/p>\n<p> \tGli scaffali del negozio ora sono stati riempiti e nell\u2019ultima distribuzione sono state accontentate le 52 famiglie che ne hanno diritto.<\/p>\n<p> \tL\u2019emporio \u00e8 aperto agli utenti il marted\u00ec e venerd\u00ec pomeriggio dalle 15.30 alle 18.30; oltre agli utenti di varie nazionalit\u00e0 presenti sul territorio (italiani, albanesi, kosovari, moldavi, africani) ultimamente si sono aggiunti anche gli sfollati dell\u2019Ucraina, in fuga dalla guerra.<\/p>\n<p> \t\u00a0<\/p>\n","protected":false},"excerpt":{"rendered":"<p>Raccolta alimentare organizzata da Coop Alleanza 3.0<\/p>\n","protected":false},"author":22,"featured_media":43745,"comment_status":"closed","ping_status":"closed","sticky":false,"template":"","format":"standard","meta":{"dwc-title":[],"dwc-content":[],"footnotes":""},"categories":[5],"tags":[],"class_list":["post-43744","post","type-post","status-publish","format-standard","has-post-thumbnail","hentry","category-attualita"],"rttpg_featured_image_url":{"full":["https:\/\/imagazine.it\/wp-content\/uploads\/2024\/01\/47830-1.webp",750,604,false],"landscape":["https:\/\/imagazine.it\/wp-content\/uploads\/2024\/01\/47830-1.webp",750,604,false],"portraits":["https:\/\/imagazine.it\/wp-content\/uploads\/2024\/01\/47830-1.webp",750,604,false],"thumbnail":["https:\/\/imagazine.it\/wp-content\/uploads\/2024\/01\/47830-1-150x150.webp",150,150,true],"medium":["https:\/\/imagazine.it\/wp-content\/uploads\/2024\/01\/47830-1-300x242.webp",300,242,true],"large":["https:\/\/imagazine.it\/wp-content\/uploads\/2024\/01\/47830-1.webp",640,515,false],"thumblist":["https:\/\/imagazine.it\/wp-content\/uploads\/2024\/01\/47830-1.webp",300,242,false],"thumbrelated":["https:\/\/imagazine.it\/wp-content\/uploads\/2024\/01\/47830-1.webp",500,403,false],"meccarouselthumb":["https:\/\/imagazine.it\/wp-content\/uploads\/2024\/01\/47830-1.webp",402,324,false],"gridsquare":["https:\/\/imagazine.it\/wp-content\/uploads\/2024\/01\/47830-1.webp",323,260,false],"tileview":["https:\/\/imagazine.it\/wp-content\/uploads\/2024\/01\/47830-1.webp",300,242,false],"1536x1536":["https:\/\/imagazine.it\/wp-content\/uploads\/2024\/01\/47830-1.webp",750,604,false],"2048x2048":["https:\/\/imagazine.it\/wp-content\/uploads\/2024\/01\/47830-1.webp",750,604,false],"newsup-slider-full":["https:\/\/imagazine.it\/wp-content\/uploads\/2024\/01\/47830-1.webp",750,604,false],"newsup-featured":["https:\/\/imagazine.it\/wp-content\/uploads\/2024\/01\/47830-1.webp",750,604,false],"newsup-medium":["https:\/\/imagazine.it\/wp-content\/uploads\/2024\/01\/47830-1-720x380.webp",720,380,true],"tptn_thumbnail":["https:\/\/imagazine.it\/wp-content\/uploads\/2024\/01\/47830-1.webp",250,201,false],"sow-carousel-default":["https:\/\/imagazine.it\/wp-content\/uploads\/2024\/01\/47830-1-272x182.webp",272,182,true]},"rttpg_author":{"display_name":"Livio Nonis","author_link":"https:\/\/imagazine.it\/home_desk\/author\/nonis\/"},"rttpg_comment":0,"rttpg_category":"<a href=\"https:\/\/imagazine.it\/home_desk\/category\/attualita\/\" rel=\"category tag\">ATTUALIT\u00c0<\/a>","rttpg_excerpt":"Raccolta alimentare organizzata da Coop Alleanza 3.0","_links":{"self":[{"href":"https:\/\/imagazine.it\/home_desk\/wp-json\/wp\/v2\/posts\/43744","targetHints":{"allow":["GET"]}}],"collection":[{"href":"https:\/\/imagazine.it\/home_desk\/wp-json\/wp\/v2\/posts"}],"about":[{"href":"https:\/\/imagazine.it\/home_desk\/wp-json\/wp\/v2\/types\/post"}],"author":[{"embeddable":true,"href":"https:\/\/imagazine.it\/home_desk\/wp-json\/wp\/v2\/users\/22"}],"replies":[{"embeddable":true,"href":"https:\/\/imagazine.it\/home_desk\/wp-json\/wp\/v2\/comments?post=43744"}],"version-history":[{"count":0,"href":"https:\/\/imagazine.it\/home_desk\/wp-json\/wp\/v2\/posts\/43744\/revisions"}],"wp:featuredmedia":[{"embeddable":true,"href":"https:\/\/imagazine.it\/home_desk\/wp-json\/wp\/v2\/media\/43745"}],"wp:attachment":[{"href":"https:\/\/imagazine.it\/home_desk\/wp-json\/wp\/v2\/media?parent=43744"}],"wp:term":[{"taxonomy":"category","embeddable":true,"href":"https:\/\/imagazine.it\/home_desk\/wp-json\/wp\/v2\/categories?post=43744"},{"taxonomy":"post_tag","embeddable":true,"href":"https:\/\/imagazine.it\/home_desk\/wp-json\/wp\/v2\/tags?post=43744"}],"curies":[{"name":"wp","href":"https:\/\/api.w.org\/{rel}","templated":true}]}}