{"id":43690,"date":"2022-05-13T00:00:00","date_gmt":"2022-05-12T23:00:00","guid":{"rendered":"https:\/\/imagazine.it\/?p=43690"},"modified":"2022-05-13T00:00:00","modified_gmt":"2022-05-12T23:00:00","slug":"il-mondo-del-giornalismo-in-arrivo-a-ronchi","status":"publish","type":"post","link":"https:\/\/imagazine.it\/home_desk\/il-mondo-del-giornalismo-in-arrivo-a-ronchi\/","title":{"rendered":"Il mondo del giornalismo in arrivo a Ronchi"},"content":{"rendered":"<p> \tL\u2019associazione culturale<strong> Leali delle Notizie <\/strong>ha presentato questa mattina l\u2019VIII edizione del<strong> Festival del Giornalismo <\/strong>nella Sala del Consiglio Comunale del Palazzo Municipale a<strong> Ronchi dei Legionari<\/strong>.<\/p>\n<p> \tLeali delle Notizie ha lavorato 9 mesi per portare ancora una volta sul territorio regionale una manifestazione culturale di qualit\u00e0 <strong>dal 3 al 18 giugno<\/strong>. <strong>Dodici giorni <\/strong>in cui si susseguiranno <strong>177 ospiti nazionali e internazionali, 29 panel di discussione<\/strong>,<strong> 21 presentazioni letterarie,<\/strong> <strong>3 mostre fotografiche<\/strong>,<strong> 2 premi giornalistici, 2 letture sceniche <\/strong>e <strong>1 seminario<\/strong>.<\/p>\n<p> \tNon mancher\u00e0 poi <strong>la quinta edizione del Premio Leali delle Notizie in Memoria di Daphne Caruana Galizia <\/strong>con cui l\u2019associazione vuole sostenere la famiglia della giornalista maltese uccisa in un attentato il 16 ottobre 2017 sia nella ricerca della verit\u00e0 sul tragico delitto, sia nella lotta per la libert\u00e0 di stampa nel mondo.<\/p>\n<p> \tAnche quest\u2019anno il <strong>Festival del Giornalismo<\/strong> ha ricevuto <strong>il Patrocinio del Ministero della Cultura<\/strong> ed \u00e8 stato rinnovato l\u2019<strong>Alto Patrocinio del Parlamento Europeo <\/strong>per il <strong>Premio Leali delle Notizie<\/strong> <strong>in memoria di Daphne Caruana Galizia<\/strong>.<\/p>\n<p> \tNell\u2019edizione di quest\u2019anno \u00e8 stato inoltre inserito il<strong> Premio Leali Young in memoria di Cristina Visintini. <\/strong>L\u2019iniziativa \u00e8 stata ideata dalla nostra associazione culturale <strong>per ricordare<\/strong> la giornalista ronchese nonch\u00e9 vicepresidente di Leali delle Notizie, scomparsa nell\u2019agosto dell\u2019anno scorso. Tra gennaio e aprile \u00e8 stato quindi indetto un <strong>concorso giornalistico per i ragazzi tra i 18 e i 30 anni<\/strong>, con l&#39;obiettivo di <strong>incentivare e<\/strong> <strong>promuovere l\u2019inserimento dei giovani nella professione giornalistica e nel mondo dell\u2019informazione<\/strong>.<\/p>\n<p> \t\u00ab<em>Siamo partiti otto anni fa mettendoci in gioco e realizzando un piccolo Festival del Giornalismo. Incominciare questa avventura per noi \u00e8 stata una grande scommessa<\/em> \u2013 spiega il presidente di Leali delle Notizie<strong> Luca Perrino<\/strong> \u2013. <em>Questo momento dell\u2019anno \u00e8 per noi davvero importante perch\u00e9 abbiamo visto la nostra manifestazione culturale crescere nel tempo e intendiamo ingrandirla ogni anno sempre di pi\u00f9. Ci riempie d\u2019orgoglio vedere che un piccolo centro del nord est italiano pu\u00f2 diventare il centro degli appuntamenti culturali dell\u2019intera regione<\/em>\u00bb.<\/p>\n<p> \tNegli ultimi due anni <strong>Leali delle Notizie<\/strong> ha avuto modo di <strong>allargare i propri orizzonti<\/strong> e di <strong>stringere nuovi legami con altre realt\u00e0 del Friuli Venezia Giulia e del Veneto<\/strong>. L\u2019associazione ronchese si \u00e8 infatti unita all\u2019<strong>Associazione Thesis del Dedica Festival di Pordenone<\/strong>, a <strong>Vicino\/Lontano di Udine<\/strong>, al <strong>Premio Giornalistico Papa Ernest Hemingway di Caorle<\/strong>, all\u2019associazione <strong>Heraldo Ets<\/strong>, organizzatrice del <strong>Festival del Giornalismo di Verona<\/strong>, e alla <strong>Vitale Onlus<\/strong> per regalare al pubblico un Festival ancora pi\u00f9 ricco di incontri.<\/p>\n<p> \t\u00ab<em>Il Festival del Giornalismo di <\/em><em>Leali delle Notizie \u00e8 un momento importante per capire qual \u00e8 l\u2019attualit\u00e0 attraverso non solo la storia<\/em> \u2013 afferma <strong>Tiziana Gibelli<\/strong>, assessore alla Cultura della Regione Friuli Venezia Giulia \u2013 <em>ma soprattutto attraverso il libero confronto che ci deve essere sempre. La pluralit\u00e0 di opinioni e di posizioni \u00e8 infatti essenziale per formarsi le proprie idee, soprattutto in questo periodo in cui siamo sommersi da notizie sbagliate e da fake news costruite per orientare l\u2019opinione pubblica<\/em>\u00bb.<\/p>\n<p> \t<strong>IL PROGRAMMA DEL FESTIVAL DEL GIORNALISMO<\/strong><\/p>\n<p> \tAnche quest\u2019anno gli appuntamenti itineranti di \u201c<strong>Aspettando il Festival\u2026\u201d<\/strong> si terranno in diversi luoghi dell\u2019Isontino e della Bassa Friulana. I Comuni di <strong>San Pier d\u2019Isonzo<\/strong>, <strong>Aquileia<\/strong>, <strong>Staranzano<\/strong>, <strong>Fogliano Redipuglia<\/strong>, <strong>San Canzian d\u2019Isonzo<\/strong>, <strong>Sagrado<\/strong> e <strong>Gorizia<\/strong> ospiteranno <strong>dal 3 al 9 giugno<\/strong> <strong>sette appuntamenti<\/strong>. Fra gli incontri di ambito culturale spiccano quelli su <strong>Nova Gorica e Gorizia Capitale Europea della Cultura<\/strong> e su <strong>Pier Paolo Pasolini<\/strong>. Rimane <strong>centrale il tema della legalit\u00e0 e della lotta alla criminalit\u00e0 organizzata<\/strong>. L\u2019ultima serata di \u201c<strong>Aspettando il Festival\u2026\u201d<\/strong> apre un ciclo di incontri, che proseguiranno anche durante alcune serate del Festival, che saranno dedicati all\u2019<strong>analisi del 1992<\/strong>, un anno che ha segnato la storia della nostra societ\u00e0 sotto molti aspetti.<\/p>\n<p> \tGli appuntamenti sopra citati sono per\u00f2 solo un piccolo assaggio dell\u2019<strong>VIII edizione del Festival del Giornalismo di Leali delle Notizie<\/strong>, che si svolge interamente a <strong>Ronchi dei Legionari<\/strong> <strong>dal 3 al 18 giugno<\/strong>. Diversi sono <strong>i luoghi<\/strong> della manifestazione: il <strong>palatenda in Piazzale Martiri delle Foibe<\/strong>, il <strong>Giardino di Piazzetta dell\u2019Emigrante<\/strong>, il <strong>Consorzio Culturale del Monfalconese di Villa Vicentini Miniussi<\/strong>, la <strong>Saletta Isa Ambiente<\/strong>, la <strong>sede di Leali delle Notizie<\/strong>, la <strong>Piazzetta Francesco Giuseppe I<\/strong> e l\u2019<strong>Auditorium<\/strong>.<\/p>\n<p> \tIl <strong>Festival del Giornalismo<\/strong> propone tematiche legate all\u2019<strong>attualit\u00e0 <\/strong>o agli <strong>anniversari<\/strong> di alcuni fenomeni rilevanti per il <strong>mondo del giornalismo<\/strong> e per l\u2019<strong>evoluzione della societ\u00e0<\/strong>, dell\u2019<strong>economia<\/strong> e della <strong>politica<\/strong>: dal <strong>giornalismo digitale<\/strong> al <strong>riciclo internazionale di opere d\u2019arte<\/strong>, dalla <strong>comunicazione dello sport<\/strong> al <strong>calcio e i diritti umani in occasione dei mondiali in Qatar del 2022<\/strong>, dalla <strong>disabilit\u00e0<\/strong> alla <strong>violenza di genere<\/strong>, dalla <strong>situazione in Afghanistan<\/strong> alla <strong>guerra in Ucraina<\/strong>, dalla <strong>disintermediazione della politica<\/strong> alla <strong>salute e ai diritti nelle carceri italiane<\/strong>, dal <strong>Coronavirus<\/strong> all\u2019<strong>emergenza ambiente e sostenibilit\u00e0<\/strong>. Ci sar\u00e0 poi anche un incontro di respiro internazionale in occasione dei <strong>100 anni dalla fondazione della BBC<\/strong> con il <strong>direttore della sezione europea <\/strong>della rete pubblica inglese.\u00a0<\/p>\n<p> \t<strong>I PREMI DI LEALI DELLE NOTIZIE<\/strong><\/p>\n<p> \tDopo l\u2019inaugurazione dell\u2019VIII edizione del Festival del Giornalismo il <strong>14 giugno<\/strong>, si terr\u00e0 la <strong>cerimonia<\/strong> di premiazione del vincitore o della vincitrice della <strong>I edizione del Premio Leali Young in memoria di Cristina Visintini<\/strong>. La persona, premiata da un apposito Comitato Scientifico, avr\u00e0 poi modo non solo di seguire il Festival da vicino e di comprendere come funzioni l\u2019organizzazione di questa manifestazione culturale, ma sar\u00e0 di <strong>supporto all\u2019ufficio stampa e comunicazione<\/strong> e inoltre sar\u00e0 inserita in un contesto stimolante in cui potr\u00e0 interfacciarsi con <strong>giornalisti di calibro nazionale ed internazionale<\/strong>.<\/p>\n<p> \tIl Premio \u00e8 stato finanziato dalla <strong>Regione Autonoma Friuli Venezia Giulia<\/strong> con risorse statali del <strong>Ministero del lavoro e delle Politiche sociali<\/strong> ai sensi degli artt. 72 e 73 del d.lgs. 117\/2017 \u2013 Codice del Terzo Settore.<\/p>\n<p> \tIl <strong>Festival del Giornalismo<\/strong> continua a focalizzare la sua attenzione sul fenomeno delle <strong>mafie<\/strong> e sulla <strong>libert\u00e0 di stampa nel mondo<\/strong>. <strong>L\u2019ultima serata<\/strong>, <strong>sabato 18 giugno<\/strong>, sar\u00e0 dedicata infatti alla <strong>cerimonia di consegna della V edizione del Premio Leali delle Notizie in Memoria di Daphne Caruana Galizia<\/strong>, premio indetto con il consenso della famiglia di Daphne e <strong>assegnato<\/strong> da un comitato scientifico <strong>a un operatore del mondo dell\u2019informazione<\/strong> che si sia <strong>distinto<\/strong>, in Italia come all\u2019estero, <strong>con le sue inchieste e le sue ricerche<\/strong>, anche mettendo in pericolo la sua vita e spesso pure quella della sua famiglia.<\/p>\n<p> \tIl <strong>Premio<\/strong> verr\u00e0 consegnato dalla <strong>sorella di Daphne<\/strong>,<strong> Corinne Vella<\/strong>, alla<strong> giornalista Marilena Natale<\/strong>,<strong> che lotta da anni contro la corruzione della politica camorrista<\/strong>. Il Premio \u00e8 stato realizzato questa volta dall\u2019<strong>artista locale Franco Dugo<\/strong>, con l\u2019intento di <strong>continuare a lottare per la libert\u00e0 di espressione anche attraverso le forme dell\u2019arte del nostro territorio<\/strong>.<\/p>\n<p> \t\u00a0<\/p>\n<p> \t<strong>LIBRI, MOSTRE E SEMINARI<\/strong><\/p>\n<p> \tNon manca il coinvolgimento del progetto \u201c<strong>BILL Biblioteca della Legalit\u00e0<\/strong>\u201d, promosso dalla <strong>Regione FVG<\/strong> e dalla <strong>cooperativa Damatr\u00e0<\/strong>. Ci sar\u00e0 poi un<strong> seminario sul giornalismo investigativo<\/strong> e proseguiranno le <strong>presentazioni di libri<\/strong>.<\/p>\n<p> \tTre saranno invece le mostre sempre a Ronchi dei Legionari: <strong><em>Nigeria; gigante dai piedi d\u2019argilla<\/em><\/strong> di <strong>Akintunde Akinleye<\/strong> nella <strong>sede di Leali delle Notizie<\/strong> in collaborazione con il <strong>Dedica Festival di Pordenone<\/strong>, la mostra <strong><em>Afghanistan e altre storie in Bianco e Nero <\/em><\/strong>di <strong>Romano Martinis <\/strong>in <strong>Villa Miniussi<\/strong> e la mostra fotografica <strong><em>Un po&#39; pi\u00f9 a sud. Racconti africani<\/em><\/strong> di <strong>Pietro del Re<\/strong> nell\u2019<strong>Auditorium Comunale<\/strong>.<\/p>\n<p> \tCi saranno ben <strong>30 volontari<\/strong> ad aiutare <strong>Leali delle Notizie<\/strong> nella gestione di tutti gli appuntamenti della manifestazione culturale, tra cui alcuni <strong>studenti dell\u2019alternanza scuola-lavoro<\/strong> dell\u2019<strong>I.S.I.S. D\u2019Annunzio Fabiani di Gorizia<\/strong>.<\/p>\n<p> \tGli appuntamenti di \u201c<strong>Aspettando il Festival\u2026\u201d<\/strong> e del <strong>Festival del Giornalismo<\/strong> seguono le <strong>indicazioni della Presidenza del Consiglio dei Ministri e la normativa vigente in materia di contenimento da COVID-19<\/strong>, pertanto gli accessi saranno consentiti tenendo in considerazione le disposizioni ministeriali. La partecipazione a tutti gli eventi \u00e8 libera e gratuita.<\/p>\n<p> \tLe <strong>pubblicazioni<\/strong> degli <strong>ospiti di Festival del Giornalismo<\/strong> saranno <strong>in vendita nell\u2019apposito Book Corner gestito da Libreria Linea D\u2019Ombra di Ronchi dei Legionari e situato all\u2019interno del Palatenda nel piazzale Martiri delle Foibe.<\/strong><\/p>\n<p> \tSul sito <u><a href=\"http:\/\/www.lealidellenotizie.it\" target=\"_blank\" rel=\"noopener\"><span style=\"color:#0000cd;\">www.lealidellenotizie.it<\/span><\/a><\/u> \u00e8 inoltre possibile trovare tutte le informazioni sul Festival del Giornalismo, sulle edizioni passate e su tutte le attivit\u00e0 che l\u2019associazione svolge sul territorio da ormai otto anni.<\/p>\n<p> \t\u00a0<\/p>\n","protected":false},"excerpt":{"rendered":"<p>Dal 3 al 18 giugno<\/p>\n","protected":false},"author":28,"featured_media":43691,"comment_status":"closed","ping_status":"closed","sticky":false,"template":"","format":"standard","meta":{"dwc-title":[],"dwc-content":[],"footnotes":""},"categories":[37],"tags":[],"class_list":["post-43690","post","type-post","status-publish","format-standard","has-post-thumbnail","hentry","category-cultura-e-spettacolo"],"rttpg_featured_image_url":{"full":["https:\/\/imagazine.it\/wp-content\/uploads\/2024\/01\/47693-1.webp",750,532,false],"landscape":["https:\/\/imagazine.it\/wp-content\/uploads\/2024\/01\/47693-1.webp",750,532,false],"portraits":["https:\/\/imagazine.it\/wp-content\/uploads\/2024\/01\/47693-1.webp",750,532,false],"thumbnail":["https:\/\/imagazine.it\/wp-content\/uploads\/2024\/01\/47693-1-150x150.webp",150,150,true],"medium":["https:\/\/imagazine.it\/wp-content\/uploads\/2024\/01\/47693-1-300x213.webp",300,213,true],"large":["https:\/\/imagazine.it\/wp-content\/uploads\/2024\/01\/47693-1.webp",640,454,false],"thumblist":["https:\/\/imagazine.it\/wp-content\/uploads\/2024\/01\/47693-1.webp",300,213,false],"thumbrelated":["https:\/\/imagazine.it\/wp-content\/uploads\/2024\/01\/47693-1.webp",500,355,false],"meccarouselthumb":["https:\/\/imagazine.it\/wp-content\/uploads\/2024\/01\/47693-1.webp",457,324,false],"gridsquare":["https:\/\/imagazine.it\/wp-content\/uploads\/2024\/01\/47693-1.webp",367,260,false],"tileview":["https:\/\/imagazine.it\/wp-content\/uploads\/2024\/01\/47693-1.webp",300,213,false],"1536x1536":["https:\/\/imagazine.it\/wp-content\/uploads\/2024\/01\/47693-1.webp",750,532,false],"2048x2048":["https:\/\/imagazine.it\/wp-content\/uploads\/2024\/01\/47693-1.webp",750,532,false],"newsup-slider-full":["https:\/\/imagazine.it\/wp-content\/uploads\/2024\/01\/47693-1.webp",750,532,false],"newsup-featured":["https:\/\/imagazine.it\/wp-content\/uploads\/2024\/01\/47693-1.webp",750,532,false],"newsup-medium":["https:\/\/imagazine.it\/wp-content\/uploads\/2024\/01\/47693-1-720x380.webp",720,380,true],"tptn_thumbnail":["https:\/\/imagazine.it\/wp-content\/uploads\/2024\/01\/47693-1.webp",250,177,false],"sow-carousel-default":["https:\/\/imagazine.it\/wp-content\/uploads\/2024\/01\/47693-1-272x182.webp",272,182,true]},"rttpg_author":{"display_name":"redazione","author_link":"https:\/\/imagazine.it\/home_desk\/author\/redazione\/"},"rttpg_comment":0,"rttpg_category":"<a href=\"https:\/\/imagazine.it\/home_desk\/category\/cultura-e-spettacolo\/\" rel=\"category tag\">CULTURA&amp;SPETTACOLO<\/a>","rttpg_excerpt":"Dal 3 al 18 giugno","_links":{"self":[{"href":"https:\/\/imagazine.it\/home_desk\/wp-json\/wp\/v2\/posts\/43690","targetHints":{"allow":["GET"]}}],"collection":[{"href":"https:\/\/imagazine.it\/home_desk\/wp-json\/wp\/v2\/posts"}],"about":[{"href":"https:\/\/imagazine.it\/home_desk\/wp-json\/wp\/v2\/types\/post"}],"author":[{"embeddable":true,"href":"https:\/\/imagazine.it\/home_desk\/wp-json\/wp\/v2\/users\/28"}],"replies":[{"embeddable":true,"href":"https:\/\/imagazine.it\/home_desk\/wp-json\/wp\/v2\/comments?post=43690"}],"version-history":[{"count":0,"href":"https:\/\/imagazine.it\/home_desk\/wp-json\/wp\/v2\/posts\/43690\/revisions"}],"wp:featuredmedia":[{"embeddable":true,"href":"https:\/\/imagazine.it\/home_desk\/wp-json\/wp\/v2\/media\/43691"}],"wp:attachment":[{"href":"https:\/\/imagazine.it\/home_desk\/wp-json\/wp\/v2\/media?parent=43690"}],"wp:term":[{"taxonomy":"category","embeddable":true,"href":"https:\/\/imagazine.it\/home_desk\/wp-json\/wp\/v2\/categories?post=43690"},{"taxonomy":"post_tag","embeddable":true,"href":"https:\/\/imagazine.it\/home_desk\/wp-json\/wp\/v2\/tags?post=43690"}],"curies":[{"name":"wp","href":"https:\/\/api.w.org\/{rel}","templated":true}]}}