{"id":43662,"date":"2022-05-10T00:00:00","date_gmt":"2022-05-09T23:00:00","guid":{"rendered":"https:\/\/imagazine.it\/?p=43662"},"modified":"2022-05-10T00:00:00","modified_gmt":"2022-05-09T23:00:00","slug":"san-daniele-e-il-suo-prosciutto-si-svelano-a-milano","status":"publish","type":"post","link":"https:\/\/imagazine.it\/home_desk\/san-daniele-e-il-suo-prosciutto-si-svelano-a-milano\/","title":{"rendered":"San Daniele e il suo Prosciutto si svelano a Milano"},"content":{"rendered":"<p> \tDalle suggestive rive del fiume Tagliamento, solcate dai venti delle Alpi Carniche friulane e dalle brezze in risalita dal mar Adriatico, al cuore del design internazionale: a <strong>giugno<\/strong> l\u2019anima di un prodotto e di un territorio ricco di storia e valori qual \u00e8 il <strong>San Daniele DOP<\/strong> si racconta alla <strong>Milano<\/strong> <strong>Design Week<\/strong>.<\/p>\n<p> \tL\u2019esperienza narra il forte legame tra il Prosciutto di San Daniele ed il luogo in cui viene prodotto: il fondamentale apporto del microclima unico e irripetibile alla stagionatura del San Daniele DOP sar\u00e0 al centro della presentazione che il Consorzio predisporr\u00e0 in via Tortona. Un viaggio immaginario lungo qualche centinaio di chilometri che porter\u00e0 per la prima volta il <strong>Prosciutto di San Daniele e il territorio del Friuli Venezia Giulia<\/strong> al centro della scena del <strong>Fuorisalone<\/strong>, evento che ogni anno attira nelle vie della citt\u00e0 meneghina centinaia di migliaia di appassionati non solo di forme, colori e arte, ma anche di gusti genuini e tradizionali.<\/p>\n<p> \tIl legame tra <strong>sapore e design<\/strong> viene raccontato attraverso l\u2019<strong>installazione immersiva \u201cVento<\/strong>\u201d, un <strong>viaggio multisensoriale<\/strong> che promette di portare i visitatori dal centro di Milano all\u2019universo di San Daniele del Friuli, in un viaggio simbolico fra vento e tempo. Un percorso sensoriale lungo il fiume Tagliamento alla scoperta del forte legame con il territorio di produzione dove gli elementi naturali conferiscono al San Daniele DOP caratteristiche uniche.<\/p>\n<p> \t\u201c<em>Il Prosciutto di San Daniele si racconta alla Milano Design Week con una formula innovativa riproducendo in loco il territorio all\u2019origine del San Daniele <\/em>\u2013 spiega <strong>Giuseppe Villani<\/strong>, presidente del Consorzio \u2013. <em>Parlare del Prosciutto di San Daniele significa anche e soprattutto raccontare un luogo unico, sospeso fra mari e monti, con una tradizione secolare fatta di donne e uomini e di grande rispetto per l\u2019ambiente. Questo progetto veicola in modo inedito i principali valori che da sempre contraddistinguono i produttori del San Daniele DOP<\/em>\u201d.<\/p>\n<p> \tIl visitatore potr\u00e0 dunque partecipare ad un\u2019esperienza unica di gusto e sapore da marted\u00ec 7 a domenica 12 giugno, dalle ore 10 alle 19, all\u2019interno di Opificio 31 a Milano, zona Tortona. Il viaggio emozionale che parte dal capoluogo lombardo per raggiungere idealmente il territorio del Friuli Venezia Giulia sar\u00e0 fruibile gratuitamente dai visitatori e predisposto anche per gli ospiti stranieri.<\/p>\n<p> \t\u00a0<\/p>\n","protected":false},"excerpt":{"rendered":"<p>Alla Design Week<\/p>\n","protected":false},"author":28,"featured_media":43663,"comment_status":"closed","ping_status":"closed","sticky":false,"template":"","format":"standard","meta":{"dwc-title":[],"dwc-content":[],"footnotes":""},"categories":[37],"tags":[],"class_list":["post-43662","post","type-post","status-publish","format-standard","has-post-thumbnail","hentry","category-cultura-e-spettacolo"],"rttpg_featured_image_url":{"full":["https:\/\/imagazine.it\/wp-content\/uploads\/2024\/01\/47654-1.webp",1000,563,false],"landscape":["https:\/\/imagazine.it\/wp-content\/uploads\/2024\/01\/47654-1.webp",1000,563,false],"portraits":["https:\/\/imagazine.it\/wp-content\/uploads\/2024\/01\/47654-1.webp",1000,563,false],"thumbnail":["https:\/\/imagazine.it\/wp-content\/uploads\/2024\/01\/47654-1-150x150.webp",150,150,true],"medium":["https:\/\/imagazine.it\/wp-content\/uploads\/2024\/01\/47654-1-300x169.webp",300,169,true],"large":["https:\/\/imagazine.it\/wp-content\/uploads\/2024\/01\/47654-1.webp",640,360,false],"thumblist":["https:\/\/imagazine.it\/wp-content\/uploads\/2024\/01\/47654-1.webp",300,169,false],"thumbrelated":["https:\/\/imagazine.it\/wp-content\/uploads\/2024\/01\/47654-1.webp",500,282,false],"meccarouselthumb":["https:\/\/imagazine.it\/wp-content\/uploads\/2024\/01\/47654-1.webp",474,267,false],"gridsquare":["https:\/\/imagazine.it\/wp-content\/uploads\/2024\/01\/47654-1.webp",391,220,false],"tileview":["https:\/\/imagazine.it\/wp-content\/uploads\/2024\/01\/47654-1.webp",300,169,false],"1536x1536":["https:\/\/imagazine.it\/wp-content\/uploads\/2024\/01\/47654-1.webp",1000,563,false],"2048x2048":["https:\/\/imagazine.it\/wp-content\/uploads\/2024\/01\/47654-1.webp",1000,563,false],"newsup-slider-full":["https:\/\/imagazine.it\/wp-content\/uploads\/2024\/01\/47654-1.webp",1000,563,false],"newsup-featured":["https:\/\/imagazine.it\/wp-content\/uploads\/2024\/01\/47654-1.webp",1000,563,false],"newsup-medium":["https:\/\/imagazine.it\/wp-content\/uploads\/2024\/01\/47654-1-720x380.webp",720,380,true],"tptn_thumbnail":["https:\/\/imagazine.it\/wp-content\/uploads\/2024\/01\/47654-1.webp",250,141,false],"sow-carousel-default":["https:\/\/imagazine.it\/wp-content\/uploads\/2024\/01\/47654-1-272x182.webp",272,182,true]},"rttpg_author":{"display_name":"redazione","author_link":"https:\/\/imagazine.it\/home_desk\/author\/redazione\/"},"rttpg_comment":0,"rttpg_category":"<a href=\"https:\/\/imagazine.it\/home_desk\/category\/cultura-e-spettacolo\/\" rel=\"category tag\">CULTURA&amp;SPETTACOLO<\/a>","rttpg_excerpt":"Alla Design Week","_links":{"self":[{"href":"https:\/\/imagazine.it\/home_desk\/wp-json\/wp\/v2\/posts\/43662","targetHints":{"allow":["GET"]}}],"collection":[{"href":"https:\/\/imagazine.it\/home_desk\/wp-json\/wp\/v2\/posts"}],"about":[{"href":"https:\/\/imagazine.it\/home_desk\/wp-json\/wp\/v2\/types\/post"}],"author":[{"embeddable":true,"href":"https:\/\/imagazine.it\/home_desk\/wp-json\/wp\/v2\/users\/28"}],"replies":[{"embeddable":true,"href":"https:\/\/imagazine.it\/home_desk\/wp-json\/wp\/v2\/comments?post=43662"}],"version-history":[{"count":0,"href":"https:\/\/imagazine.it\/home_desk\/wp-json\/wp\/v2\/posts\/43662\/revisions"}],"wp:featuredmedia":[{"embeddable":true,"href":"https:\/\/imagazine.it\/home_desk\/wp-json\/wp\/v2\/media\/43663"}],"wp:attachment":[{"href":"https:\/\/imagazine.it\/home_desk\/wp-json\/wp\/v2\/media?parent=43662"}],"wp:term":[{"taxonomy":"category","embeddable":true,"href":"https:\/\/imagazine.it\/home_desk\/wp-json\/wp\/v2\/categories?post=43662"},{"taxonomy":"post_tag","embeddable":true,"href":"https:\/\/imagazine.it\/home_desk\/wp-json\/wp\/v2\/tags?post=43662"}],"curies":[{"name":"wp","href":"https:\/\/api.w.org\/{rel}","templated":true}]}}