{"id":43660,"date":"2022-05-10T00:00:00","date_gmt":"2022-05-09T23:00:00","guid":{"rendered":"https:\/\/imagazine.it\/?p=43660"},"modified":"2022-05-10T00:00:00","modified_gmt":"2022-05-09T23:00:00","slug":"il-gran-ritorno-di-sapori-pro-loco","status":"publish","type":"post","link":"https:\/\/imagazine.it\/home_desk\/il-gran-ritorno-di-sapori-pro-loco\/","title":{"rendered":"Il gran ritorno di Sapori Pro Loco"},"content":{"rendered":"<p> \tDopo due edizioni annullate a causa dell&#39;emergenza sanitaria torna &#8220;<strong>Sapori Pro Loco tipicit\u00e0 gusto tradizione<\/strong>&#8220;, la grande manifestazione di primavera, giunta alla 19ma edizione, che permette di degustare le specialit\u00e0 enogastronomiche del Friuli Venezia Giulia a <strong>Villa Manin di Passariano di Codroipo<\/strong>.<\/p>\n<p> \tAppuntamento, con una disposizione rinnovata nello spazio tra le esedre del complesso dogale, il <strong>14-15 e il 20-21-22 maggio<\/strong>. In queste date proporranno le loro specialit\u00e0 tipiche <strong>22 Pro Loco del territorio regionale<\/strong> all&#39;interno di un programma di eventi collaterali per un totale di una trentina di appuntamenti (calendario completo su\u00a0<u><a href=\"http:\/\/www.saporiproloco.it\" target=\"_blank\" rel=\"noopener\"><span style=\"color:#0000cd;\">www.saporiproloco.it<\/span><\/a><\/u>). Inaugurazione con le autorit\u00e0 domenica 15 maggio alle 11.<\/p>\n<p> \t&#8220;Finalmente &#8211; dichiara <strong>Valter Pezzarini<\/strong>, presidente di Unpli FVG APS-Comitato Regionale Pro Loco che organizza la kermesse &#8211; torniamo a incontrarci dopo esserci salutati nel maggio di tre anni fa e aver affrontato le dure sfide del periodo di emergenza. Il mondo delle Pro Loco non si \u00e8 mai fermato, aiutando le proprie comunit\u00e0 durante la pandemia e ora si sta impegnando nella primavera della ripartenza che, dopo le prime sagre molto positive delle scorse settimane, vede in Sapori Pro Loco l&#39;evento clou. I nostri volontari sono pronti come anche i visitatori: c&#39;\u00e8 grande affetto nei confronti di Sapori Pro Loco e invece che farlo diminuire, i due anni di sosta lo hanno fatto crescere. Ripartiamo con il format di successo delle scorse edizioni e una disposizione rinnovata degli stand che valorizza ancora di pi\u00f9 Villa Manin, sito di pregio che ci ospita. E oltre a un ricco programma, c&#39;\u00e8 la grande novit\u00e0 di una apertura pi\u00f9 lunga visto che le cucine saranno attive gi\u00e0 dal mezzogiorno di sabato 14 maggio. Siamo pronti ad accogliere visitatori non solo dal Friuli Venezia Giulia ma anche dal Veneto e oltre, senza dimenticare gli amici austriaci e sloveni che nelle scorse edizioni non sono mai mancati.\u00a0Non mancheranno un momento dedicato alla solidariet\u00e0 per i bimbi d\u2019Ucraina, il 21 maggio, e la costante attenzione per l\u2019ambiente e la sostenibilit\u00e0 con la raccolta differenziata e l\u2019utilizzo di posate, piatti e bicchieri ecocompatibili, visto che Sapori Pro Loco gode del marchio di Ecofesta. Infine saranno valorizzati i prodotti agroalimentari della filiera regionale Io sono Friuli Venezia Giulia\u201d.<\/p>\n<p> \t&#8220;Dopo le prime sagre primaverili, finalmente ritorna in presenza anche Sapori Pro Loco &#8211; sottolinea l&#39;assessore regionale alle Attivit\u00e0 Produttive e Turismo <strong>Sergio Emidio Bini <\/strong>&#8211; una vetrina imprescindibile per le eccellenze enogastronomiche del Friuli Venezia Giulia, che sapr\u00e0 richiamare turisti anche da fuori regione. Per due weekend di maggio a Villa Manin si daranno appuntamento il meglio dell\u2019agroalimentare, della cultura e dell\u2019arte: tra gli stand si potr\u00e0 fare un tour in miniatura del Friuli Venezia Giulia. Grazie agli organizzatori di Unpli FVG e a tutte le Pro Loco che in questi due anni di pandemia, nonostante le restrizioni, si sono strette a fianco delle loro comunit\u00e0 di appartenenza e non hanno mai fatto mancare il loro sostegno\u201d.<\/p>\n<p> \tSono <strong>55 i piatti tipici proposti <\/strong>dalle Pro Loco di Passariano, Morsano al Tagliamento, Precenicco, Valle di Soffumbergo, Glemona Gemona del Friuli, Saletto, Teor, Villa Vicentina, Ragogna, Manzano, Pantianicco, San Daniele, Villeu\u00e0rbe Villorba, Castrum Carmonis Corm\u00f2ns, Pozzo, Pasian di Prato, Zompicchia, Rojale di Reana, Flaibano. Si va dai classici antipasti con formaggi e salumi locali agli gnocchi, ai famosi frico e prosciutto di San Daniele senza dimenticare piatti di carne, di pesce e i dolci del territorio come il tiramis\u00f9, solo per citare alcune delle proposte.\u00a0In pi\u00f9 le Pro Loco Buri Buttrio e Risorgive Medio Friuli Bertiolo cureranno l&#39;Enoteca con i vini del Friuli Venezia Giulia selezionati alla Mostra Concorso Vini Doc Berti\u00fbl tal Fri\u00fbl di Bertiolo e alla Fiera regionale dei Vini di Buttrio. La Pro Loco Rivolto invece curer\u00e0 il bar e birroteca regionale, con una selezione di birre artigianali del Friuli Venezia Giulia in collaborazione con l\u2019Associazione Artigiani Birrai del FVG.\u00a0Tutte proposte negli stand e banchi di mescita a prezzi contenuti.\u00a0<\/p>\n<p> \tIn pi\u00f9 nello Spazio Incontri, che quest&#39;anno si trova sotto le volte della barchessa di Ponente a fianco di Villa Manin, si svolgeranno \u201coriginali\u201d degustazioni guidate di birra artigianale (14 maggio) e vini del territorio (21 maggio) con PromoTurismoFVG, di spumanti con Filari di Bolle della Pro Loco Casarsa della Delizia (15 maggio), assaggi di formaggio con il Consorzio Montasio abbinati a vini autoctoni (22 maggio). Con la collaborazione della Pro Loco Aquileia inoltre per la prima volta ci sar\u00e0 una degustazione di cioccolata abbinata a prodotti tipici friulani (22 maggio).\u00a0<\/p>\n<p> \tIl maestro di cucina <strong>Germano Pontoni<\/strong> curer\u00e0 un laboratorio per far fare ai pi\u00f9 piccoli i biscotti insieme a Ciccio Pasticcio (22 maggio). Insieme a Maravee Animazione saranno proposti dei momenti per bambine e bambini che potranno imparare quanto riciclare sia divertente (14 maggio) e l\u2019arte del mosaico (15 maggio). Il centro astronomico di Talmassons celebrer\u00e0 i suoi 30 anni proponendo un&#39;osservazione del cielo (14 maggio).\u00a0<\/p>\n<p> \tSi svolger\u00e0 a Sapori Pro Loco la premiazione del concorso letterario internazionale <em>Jacum dai Zeis<\/em> con l&#39;editoriale Il Friuli, il quale sar\u00e0 l&#39;appuntamento conclusivo della Setemane de Culture Furlane (15 maggio). Sar\u00e0 visitabile Villa Manin con i suoi spazi espositivi, i quadri parlanti e il parco secolare, la mostra Il Verde Alfabeto-Giardini e Parchi storici del Friuli Venezia Giulia e la mostra Pole\u00e2rt dedicata agli Organi Zanin e curata dagli Operatori Volontari di Servizio Civile Universale. Inoltre eventi collaterali con visite guidate nel territorio del Medio Friuli dove saranno visitabili anche il Museo Civico delle Carrozze d&#39;Epoca di San Martino di Codroipo, il Mulino Zoratto, il biotopo delle Risorgive di Flambro e Virco, la chiesa di San Lorenzo e gli altri luoghi storici di Varmo. Saranno inoltre premiati i vincitori del concorso fotografico artistico sui Presepi del Friuli Venezia Giulia realizzato insieme al Messaggero Veneto (14 maggio). Ci sar\u00e0 inoltre la consegna degli attestati di donazione della sezione di Codroipo dell&#39;Associazione Friulana Donatori di Sangue (21 maggio).<\/p>\n<p> \tOltre alla finale in diretta del quiz televisivo Lo Sapevo dedicato alle Pro Loco su Telefriuli, ci sar\u00e0 anche la selezione regionale di Miss Italia-Miss Sapori Pro Loco (15 maggio) e i concerti di Crunchy Candies (20 maggio), Soul Orchestra (a scopo benefico, 21 maggio, insieme a Rotary Club di Codroipo e Comune di Codroipo per raccogliere fondi per i bimbi dell\u2019Ucraina con autismo) e Beat Factor (il 22 maggio a chiudere la manifestazione).<\/p>\n<p> \tPrevisti anche momenti di conoscenza della natura, con <strong>visite guidate al Parco di Villa Manin<\/strong> (accompagnati da una guida botanica, 14 e 21 maggio) e al Parco delle Risorgive (con il Corpo Forestale regionale, 15 e 22 maggio). Con <strong>Erpac FVG<\/strong> visite guidate alla mostra <strong>Il Verde Alfabeto<\/strong> (15 e 21 maggio).<\/p>\n<p> \tOgni sabato (14 e 21) sar\u00e0 proposto in piazza dei Dogi il mercatino dell&#39;artigianato e della creativit\u00e0 a cura di Omael Planner e in collaborazione con Confcommercio Codroipo. Inoltre le domeniche (15 e 22 maggio) torna l&#39;esposizione d&#39;arte En plein air in Villa a cura del Circolo Culturale Artistico Quadrivium di Codroipo.<\/p>\n<p> \tSabato 21 maggio Villa Manin ospiter\u00e0 l&#39;<strong>Assemblea<\/strong> <strong>regionale annuale delle Pro Loco del Friuli Venezia Giulia<\/strong>.<\/p>\n<p> \t\u00a0<\/p>\n","protected":false},"excerpt":{"rendered":"<p>Presentata la 19^ edizione<\/p>\n","protected":false},"author":28,"featured_media":43661,"comment_status":"closed","ping_status":"closed","sticky":false,"template":"","format":"standard","meta":{"dwc-title":[],"dwc-content":[],"footnotes":""},"categories":[8],"tags":[],"class_list":["post-43660","post","type-post","status-publish","format-standard","has-post-thumbnail","hentry","category-turismo"],"rttpg_featured_image_url":{"full":["https:\/\/imagazine.it\/wp-content\/uploads\/2024\/01\/47646-1.webp",1000,667,false],"landscape":["https:\/\/imagazine.it\/wp-content\/uploads\/2024\/01\/47646-1.webp",1000,667,false],"portraits":["https:\/\/imagazine.it\/wp-content\/uploads\/2024\/01\/47646-1.webp",1000,667,false],"thumbnail":["https:\/\/imagazine.it\/wp-content\/uploads\/2024\/01\/47646-1-150x150.webp",150,150,true],"medium":["https:\/\/imagazine.it\/wp-content\/uploads\/2024\/01\/47646-1-300x200.webp",300,200,true],"large":["https:\/\/imagazine.it\/wp-content\/uploads\/2024\/01\/47646-1.webp",640,427,false],"thumblist":["https:\/\/imagazine.it\/wp-content\/uploads\/2024\/01\/47646-1.webp",300,200,false],"thumbrelated":["https:\/\/imagazine.it\/wp-content\/uploads\/2024\/01\/47646-1.webp",500,334,false],"meccarouselthumb":["https:\/\/imagazine.it\/wp-content\/uploads\/2024\/01\/47646-1.webp",474,316,false],"gridsquare":["https:\/\/imagazine.it\/wp-content\/uploads\/2024\/01\/47646-1.webp",391,260,false],"tileview":["https:\/\/imagazine.it\/wp-content\/uploads\/2024\/01\/47646-1.webp",300,200,false],"1536x1536":["https:\/\/imagazine.it\/wp-content\/uploads\/2024\/01\/47646-1.webp",1000,667,false],"2048x2048":["https:\/\/imagazine.it\/wp-content\/uploads\/2024\/01\/47646-1.webp",1000,667,false],"newsup-slider-full":["https:\/\/imagazine.it\/wp-content\/uploads\/2024\/01\/47646-1.webp",1000,667,false],"newsup-featured":["https:\/\/imagazine.it\/wp-content\/uploads\/2024\/01\/47646-1.webp",1000,667,false],"newsup-medium":["https:\/\/imagazine.it\/wp-content\/uploads\/2024\/01\/47646-1-720x380.webp",720,380,true],"tptn_thumbnail":["https:\/\/imagazine.it\/wp-content\/uploads\/2024\/01\/47646-1.webp",250,167,false],"sow-carousel-default":["https:\/\/imagazine.it\/wp-content\/uploads\/2024\/01\/47646-1-272x182.webp",272,182,true]},"rttpg_author":{"display_name":"redazione","author_link":"https:\/\/imagazine.it\/home_desk\/author\/redazione\/"},"rttpg_comment":0,"rttpg_category":"<a href=\"https:\/\/imagazine.it\/home_desk\/category\/turismo\/\" rel=\"category tag\">TURISMO<\/a>","rttpg_excerpt":"Presentata la 19^ edizione","_links":{"self":[{"href":"https:\/\/imagazine.it\/home_desk\/wp-json\/wp\/v2\/posts\/43660","targetHints":{"allow":["GET"]}}],"collection":[{"href":"https:\/\/imagazine.it\/home_desk\/wp-json\/wp\/v2\/posts"}],"about":[{"href":"https:\/\/imagazine.it\/home_desk\/wp-json\/wp\/v2\/types\/post"}],"author":[{"embeddable":true,"href":"https:\/\/imagazine.it\/home_desk\/wp-json\/wp\/v2\/users\/28"}],"replies":[{"embeddable":true,"href":"https:\/\/imagazine.it\/home_desk\/wp-json\/wp\/v2\/comments?post=43660"}],"version-history":[{"count":0,"href":"https:\/\/imagazine.it\/home_desk\/wp-json\/wp\/v2\/posts\/43660\/revisions"}],"wp:featuredmedia":[{"embeddable":true,"href":"https:\/\/imagazine.it\/home_desk\/wp-json\/wp\/v2\/media\/43661"}],"wp:attachment":[{"href":"https:\/\/imagazine.it\/home_desk\/wp-json\/wp\/v2\/media?parent=43660"}],"wp:term":[{"taxonomy":"category","embeddable":true,"href":"https:\/\/imagazine.it\/home_desk\/wp-json\/wp\/v2\/categories?post=43660"},{"taxonomy":"post_tag","embeddable":true,"href":"https:\/\/imagazine.it\/home_desk\/wp-json\/wp\/v2\/tags?post=43660"}],"curies":[{"name":"wp","href":"https:\/\/api.w.org\/{rel}","templated":true}]}}