{"id":43658,"date":"2022-05-10T00:00:00","date_gmt":"2022-05-09T23:00:00","guid":{"rendered":"https:\/\/imagazine.it\/?p=43658"},"modified":"2022-05-10T00:00:00","modified_gmt":"2022-05-09T23:00:00","slug":"lignano-premia-margaret-mazzantini","status":"publish","type":"post","link":"https:\/\/imagazine.it\/home_desk\/lignano-premia-margaret-mazzantini\/","title":{"rendered":"Lignano premia Margaret Mazzantini"},"content":{"rendered":"<p> \tLa scrittrice <strong>Margaret Mazzantini <\/strong>per la<strong> Letteratura,<\/strong> l\u2019artista ed editore <strong>Mario Peliti <\/strong>per la<strong> Fotografia<\/strong>, la scienziata e senatrice <strong>Elena Cattaneo <\/strong>per<strong> l\u2019Avventura del pensiero<\/strong> e nella sezione<strong> Testimone del nostro tempo<\/strong> il regista, scrittore e interprete <strong>Pierfrancesco Diliberto &#8211; <\/strong>in arte, e per tutti <strong>Pif &#8211; \u00a0<\/strong>sono i <strong>vincitori del Premio Hemingway 2022<\/strong>, promosso dal <strong>Comune di Lignano Sabbiadoro<\/strong> con il sostegno degli A<strong>ssessorati alla Cultura e alle Attivit\u00e0 Produttive e Turismo della Regione Friuli Venezia Giulia<\/strong>, attraverso la consolidata collaborazione con la <strong>Fondazione Pordenonelegge<\/strong>. \u00a0<\/p>\n<p> \tAttraverso i suoi vincitori la <strong>38^ edizione<\/strong> del <strong>Premio<\/strong> dedicato a<strong> Ernest Hemingway <\/strong>celebra il grande autore statunitense e la sua capacit\u00e0 di guardare nel profondo dell\u2019animo umano: <strong>quattro categorie come un poliedrico sguardo dedicato alla personalit\u00e0 e all\u2019opera di Hemingway<\/strong>, nel ricordo della memorabile visita a Lignano, nell\u2019aprile \u201954, pochi mesi prima del conferimento del Premio Nobel per la Letteratura.<\/p>\n<p> \tI <strong>vincitori<\/strong> sono stati annunciati oggi, alla presenza dell\u2019assessore regionale alle Attivit\u00e0 Produttive <strong>Sergio Emidio Bini<\/strong>, dell\u2019assessore alla Cultura del Comune di Lignano <strong>Ada Iuri<\/strong> e del presidente di Giuria del Premio Hemingway, <strong>Alberto Garlini<\/strong>. Integrano la <strong>Giuria del Premio Hemingway<\/strong> lo scrittore e direttore artistico di pordenonelegge <strong>Gian Mario Villalta<\/strong>, lo storico della fotografia <strong>Italo Zannier<\/strong>, il sindaco del Comune di Lignano Sabbiadoro <strong>Luca Fanotto<\/strong> e il presidente della Regione Friuli Venezia Giulia <strong>Massimiliano Fedriga<\/strong>.<\/p>\n<p> \tUn video intervento \u00e8 stato portato questa mattina dall\u2019assessore regionale alla Cultura <strong>Tiziana Gibelli<\/strong>. \u00abRingrazio la Giuria per il prezioso lavoro svolto che, ancora una volta, consegna alla Citt\u00e0 di Lignano Sabbiadoro e a questa <strong>38^ edizione del Premio Hemingway personalit\u00e0 di grandissimo spessore culturale e prestigio per la nostra nazione,<\/strong> arricchendo cos\u00ec il patrimonio di eventi di questa stagione turistica \u2013 ha dichiarato il sindaco di Lignano, <strong>Luca Fanotto<\/strong>, in occasione della proclamazione \u2013. Ringrazio altres\u00ec il presidente della Fondazione Pordenonelegge Michelangelo Agrusti per la felice e proficua collaborazione con il nostro Comune\u00bb.\u00a0\u00a0\u00a0\u00a0<\/p>\n<p> \t\u00abAbbiamo da poco inaugurato la nuova stagione estiva e i numeri a nostra disposizione fanno ben sperare \u2013 ha sottolineato l\u2019assessore <strong>Bini<\/strong> \u2013. Grazie al Premio chi arriver\u00e0 a Lignano a giugno trover\u00e0 ospiti di grande prestigio, eccellenze della letteratura, della scienza, della fotografia e del cinema, che sapranno catturare turisti e appassionati nello stesso modo in cui Lignano cattur\u00f2 Hemingway nella sua storica visita dell\u2019aprile del \u201954\u00bb.<\/p>\n<p> \t\u00abIl Premio Hemingway \u2013 rileva l&#39;assessore <strong>Gibelli<\/strong> \u2013 \u00e8 senza dubbio una delle manifestazioni culturali pi\u00f9 importanti che il nostro territorio ha l\u2019onore di ospitare da ben trentotto edizioni. Un appuntamento con la cultura, l\u2019arte e la letteratura che ogni anno premia grandissime personalit\u00e0 di livello nazionale e internazionale che, con il loro lavoro, stimolano riflessioni e curiosit\u00e0 sull\u2019attualit\u00e0 e sul comportamento umano. Anche i vincitori dell\u2019edizione 2022 raffigurano uno spaccato poliedrico della nostra societ\u00e0 che si concentra sull\u2019aspetto emotivo, ma anche su quello scientifico e paesaggistico, fino ad arrivare alle storie dei nostri giorni. Una kermesse che rappresenta la punta di diamante dell\u2019offerta culturale di Lignano Sabbiadoro e che senza dubbio richiamer\u00e0 molti appassionati. \u00c9 importante che in un periodo come questo, caratterizzato ancora dalle recrudescenze della pandemia da Covid-19 e dalle grandi incertezze provocate dall\u2019instabilit\u00e0 geopolitica, ognuno di noi abbia modo di confrontarsi con le tante e diverse interpretazioni e riflessioni che solo i libri con le loro storie e metafore sono in grado di creare nel lettore: \u00e8 cos\u00ec che si garantisce ancora libert\u00e0 e democrazia nella nostra societ\u00e0\u00bb.<\/p>\n<p> \t\u00abIl Premio Hemingway \u00e8 evento di riferimento per la scena culturale nazionale \u2013 ha dichiarato il presidente di Fondazione Pordenonelegge.it,<strong> Michelangelo Agrusti<\/strong> \u2013. Siamo per questo felici di averne onorato la celebrazione in un biennio particolarmente complesso per la cultura in presenza, e di aver anzi <strong>rilanciato sulla centralit\u00e0 culturale di Lignano in occasione dell\u2019ultima edizione di pordenonelegge,<\/strong> facendone sede inaugurale del festival, insieme a Trieste e Pordenone. <strong>Congiungere cultura e turismo in un binomio vincente per il territorio <\/strong>resta una formula vincente che Fondazione Pordenonelegge.it rinnova convintamente a Lignano, polo estivo del Friuli Venezia Giulia\u00bb.<\/p>\n<p> \tLa 38^ edizione del Premio dedicato ad Ernest Hemingway torna dunque in presenza <strong>venerd\u00ec 17 e sabato 18 giugno<\/strong>, con un cartellone di incontri che si apre come sempre al pubblico e permetter\u00e0 di conoscere da vicino ciascun vincitore, attraverso vivaci conversazioni che precederanno il <strong>talk di premiazione<\/strong>, momento culminante del Premio, in programma <strong>sabato 18 giugno alle 20 al Cinemacity. <\/strong>Prenotazioni online sul sito <u><a href=\"http:\/\/www.premiohemingway.it\" target=\"_blank\" rel=\"noopener\"><span style=\"color:#0000cd;\">premiohemingway.it<\/span><\/a><\/u> La conferma della prenotazione sar\u00e0 inviata via email.<\/p>\n<p> \tValore aggiunto dell\u2019edizione 2022 del Premio Hemingway sar\u00e0, ancora una volta, lo <strong>streaming live degli incontri per spettatori di qualsiasi latitudine<\/strong> e quindi per una platea molto pi\u00f9 vasta di quella raggiungibile solo in presenza<strong>.<\/strong><\/p>\n<p> \t\u00abGrazie a un fruttuoso e stimolante lavoro \u2013 osserva il presidente di Giuria,<strong> Alberto Garlini<\/strong> \u2013\u00a0 di concerto con la Regione Friuli Venezia Giulia e il Comune di Lignano, anche quest&#39;anno il Premio Hemingway ha individuato quattro vincitori in grado di rappresentare la ricchezza contraddittoria, e a volte inquietante, del nostro tempo, attraverso sfaccettature e punti di vista diversi, ma tutti caratterizzati da una frequentazione stretta con la realt\u00e0, di analisi e di intelligenza emotiva, che segue la migliore lezione hemingwayana\u00bb.<\/p>\n<p> \t\u00a0<\/p>\n","protected":false},"excerpt":{"rendered":"<p>La cerimonia il 18 giugno<\/p>\n","protected":false},"author":28,"featured_media":43659,"comment_status":"closed","ping_status":"closed","sticky":false,"template":"","format":"standard","meta":{"dwc-title":[],"dwc-content":[],"footnotes":""},"categories":[37],"tags":[],"class_list":["post-43658","post","type-post","status-publish","format-standard","has-post-thumbnail","hentry","category-cultura-e-spettacolo"],"rttpg_featured_image_url":{"full":["https:\/\/imagazine.it\/wp-content\/uploads\/2024\/01\/47642-1.webp",1000,847,false],"landscape":["https:\/\/imagazine.it\/wp-content\/uploads\/2024\/01\/47642-1.webp",1000,847,false],"portraits":["https:\/\/imagazine.it\/wp-content\/uploads\/2024\/01\/47642-1.webp",1000,847,false],"thumbnail":["https:\/\/imagazine.it\/wp-content\/uploads\/2024\/01\/47642-1-150x150.webp",150,150,true],"medium":["https:\/\/imagazine.it\/wp-content\/uploads\/2024\/01\/47642-1-300x254.webp",300,254,true],"large":["https:\/\/imagazine.it\/wp-content\/uploads\/2024\/01\/47642-1.webp",640,542,false],"thumblist":["https:\/\/imagazine.it\/wp-content\/uploads\/2024\/01\/47642-1.webp",300,254,false],"thumbrelated":["https:\/\/imagazine.it\/wp-content\/uploads\/2024\/01\/47642-1.webp",500,424,false],"meccarouselthumb":["https:\/\/imagazine.it\/wp-content\/uploads\/2024\/01\/47642-1.webp",383,324,false],"gridsquare":["https:\/\/imagazine.it\/wp-content\/uploads\/2024\/01\/47642-1.webp",307,260,false],"tileview":["https:\/\/imagazine.it\/wp-content\/uploads\/2024\/01\/47642-1.webp",300,254,false],"1536x1536":["https:\/\/imagazine.it\/wp-content\/uploads\/2024\/01\/47642-1.webp",1000,847,false],"2048x2048":["https:\/\/imagazine.it\/wp-content\/uploads\/2024\/01\/47642-1.webp",1000,847,false],"newsup-slider-full":["https:\/\/imagazine.it\/wp-content\/uploads\/2024\/01\/47642-1-1000x720.webp",1000,720,true],"newsup-featured":["https:\/\/imagazine.it\/wp-content\/uploads\/2024\/01\/47642-1.webp",1000,847,false],"newsup-medium":["https:\/\/imagazine.it\/wp-content\/uploads\/2024\/01\/47642-1-720x380.webp",720,380,true],"tptn_thumbnail":["https:\/\/imagazine.it\/wp-content\/uploads\/2024\/01\/47642-1.webp",248,210,false],"sow-carousel-default":["https:\/\/imagazine.it\/wp-content\/uploads\/2024\/01\/47642-1-272x182.webp",272,182,true]},"rttpg_author":{"display_name":"redazione","author_link":"https:\/\/imagazine.it\/home_desk\/author\/redazione\/"},"rttpg_comment":0,"rttpg_category":"<a href=\"https:\/\/imagazine.it\/home_desk\/category\/cultura-e-spettacolo\/\" rel=\"category tag\">CULTURA&amp;SPETTACOLO<\/a>","rttpg_excerpt":"La cerimonia il 18 giugno","_links":{"self":[{"href":"https:\/\/imagazine.it\/home_desk\/wp-json\/wp\/v2\/posts\/43658","targetHints":{"allow":["GET"]}}],"collection":[{"href":"https:\/\/imagazine.it\/home_desk\/wp-json\/wp\/v2\/posts"}],"about":[{"href":"https:\/\/imagazine.it\/home_desk\/wp-json\/wp\/v2\/types\/post"}],"author":[{"embeddable":true,"href":"https:\/\/imagazine.it\/home_desk\/wp-json\/wp\/v2\/users\/28"}],"replies":[{"embeddable":true,"href":"https:\/\/imagazine.it\/home_desk\/wp-json\/wp\/v2\/comments?post=43658"}],"version-history":[{"count":0,"href":"https:\/\/imagazine.it\/home_desk\/wp-json\/wp\/v2\/posts\/43658\/revisions"}],"wp:featuredmedia":[{"embeddable":true,"href":"https:\/\/imagazine.it\/home_desk\/wp-json\/wp\/v2\/media\/43659"}],"wp:attachment":[{"href":"https:\/\/imagazine.it\/home_desk\/wp-json\/wp\/v2\/media?parent=43658"}],"wp:term":[{"taxonomy":"category","embeddable":true,"href":"https:\/\/imagazine.it\/home_desk\/wp-json\/wp\/v2\/categories?post=43658"},{"taxonomy":"post_tag","embeddable":true,"href":"https:\/\/imagazine.it\/home_desk\/wp-json\/wp\/v2\/tags?post=43658"}],"curies":[{"name":"wp","href":"https:\/\/api.w.org\/{rel}","templated":true}]}}