{"id":43636,"date":"2022-05-06T00:00:00","date_gmt":"2022-05-05T23:00:00","guid":{"rendered":"https:\/\/imagazine.it\/?p=43636"},"modified":"2022-05-06T00:00:00","modified_gmt":"2022-05-05T23:00:00","slug":"i-talenti-della-musica-in-arrivo-a-palmanova","status":"publish","type":"post","link":"https:\/\/imagazine.it\/home_desk\/i-talenti-della-musica-in-arrivo-a-palmanova\/","title":{"rendered":"I talenti della musica in arrivo a Palmanova"},"content":{"rendered":"<p> \t<strong>La citt\u00e0 di Palmanova <\/strong>ospiter\u00e0<strong>\u00a0dal 9 al 15 maggio <\/strong>il<strong>\u00a0Concorso Internazionale promosso dall\u2019Accademia Musicale cittadina\u00a0<\/strong>e realizzato<strong>\u00a0in sinergia con Comune,\u00a0<\/strong>con il patrocinio della\u00a0<strong>Regione Friuli Venezia Giulia\u00a0<\/strong>e dell\u2019<strong>Universit\u00e0 di Udine<\/strong>, oltre a quello dei\u00a0<strong>Comuni limitrofi di Aquileia, Bagnaria Arsa, Grado e Lignano Sabbiadoro<\/strong>, e in collaborazione con\u00a0<strong>PromoTurismoFVG.\u00a0<\/strong><\/p>\n<p> \t<strong>La manifestazione \u00e8 stata presentata nel Municipio di Palmanova<\/strong>, con la partecipazione del\u00a0<strong>sindaco Giuseppe Tellini<\/strong>\u00a0e dell\u2019<strong>assessore alla Cultura e grandi eventi Silvia Savi<\/strong>, che hanno accolto il\u00a0<strong>presidente dell\u2019Accademia musicale Nicola Fiorino<\/strong>\u00a0e il\u00a0<strong>direttore artistico del concorso Franco Calabretto.<\/strong>\u00a0In collegamento online\u00a0<strong>l\u2019assessore alla formazione, istruzione e universit\u00e0 della Regione Friuli Venezia Giulia Alessia Rosolen<\/strong>\u00a0e\u00a0<strong>Dina Bu\u0161i\u0107 in rappresentanza del Comune di Zara, da poco designato alla presidenza del sito Unesco\u00a0<\/strong>transnazionale di cui Palmanova fa parte, che unisce le citt\u00e0 con le Opere di difesa veneziane dei secc. XVI e XVII.<\/p>\n<p> \t<strong>Questa 10^ edizione <\/strong>lascia la massima\u00a0<strong>libert\u00e0 nella scelta degli strumenti<\/strong>\u00a0(pianoforte, archi, chitarra, arpa, mandolino, fiati, fisarmonica e percussioni)\u00a0<strong>e nelle formazioni<\/strong>, dai solisti ai gruppi da camera (dal duo all\u2019undecimino), alle orchestre e ai cori,\u00a0<strong>con l\u2019unico limite dei 26 anni d\u2019et\u00e0.\u00a0<\/strong><\/p>\n<p> \t<strong>Quasi 1.000 i musicisti in arrivo da tutto il mondo<\/strong>, in una lista di nomi e provenienze che registra\u00a0<strong>24 Paesi esteri, e per l\u2019Italia 35 province rappresentate<\/strong>.\u00a0<strong>Oltre 90 le ore di audizione previste<\/strong>, che saranno coordinate da\u00a0<strong>circa 40 volontari<\/strong>\u00a0in supporto all\u2019organizzazione nella gestione dei musicisti.<\/p>\n<p> \t<strong>Tre le sezioni dei Premi<\/strong>: quella nazionale riservata alle\u00a0<strong>Scuole<\/strong>\u00a0(secondarie inferiori o superiori ad indirizzo musicale oppure scuole territoriali) fino a 19 anni, con qualsiasi formazione (dai solisti alle orchestre, anche con coro associato); quella internazionale dei\u00a0<strong>Cori, giovanili e associativi<\/strong>, nel limite dei 24 anni; ed infine la pi\u00f9 ambita, ovvero quella che assegna\u00a0<strong>i Premi Unesco intitolati alla Citt\u00e0 di Palmanova, a solisti, orchestre o ensemble cameristici<\/strong>\u00a0fino a 26 anni.<\/p>\n<p> \tIn totale, oltre ai riconoscimenti ufficiali,\u00a0<strong>sono in palio circa 15 borse di studio per un totale di circa 16.000 euro.<\/strong><\/p>\n<p> \t<strong>\u201cUna risposta eccezionale anche in quest\u2019anno particolare<\/strong>\u00a0che, nonostante il perdurare di alcune restrizioni dettate della pandemia e la drammatica situazione della guerra in Ucraina, ci trova\u00a0<strong>pronti ad accogliere questi giovani musicisti<\/strong>, con famiglie e accompagnatori, nella splendida cornice della nostra citt\u00e0\u201d,\u00a0commenta il presidente dell\u2019Accademia,<strong> Nicola Fiorino<\/strong>, a margine di un\u2019edizione che, considerati i numeri delle iscrizioni, ha visto la decisione di\u00a0<strong>sdoppiare la Giuria internazionale in due Commissioni<\/strong>, che lavoreranno contemporaneamente\u00a0<strong>nelle sedi del Teatro Gustavo Modena e dell\u2019Oratorio San Marco<\/strong>\u00a0(sempre aperte al pubblico, con accesso regolato dall\u2019orario delle audizioni), sotto la\u00a0<strong>nuova direzione artistica di Franco Calabretto<\/strong>, pianista e docente del Conservatorio di Trieste, con una consolidata esperienza maturata in festival, enti culturali e manifestazioni musicali di alto profilo.\u00a0<\/p>\n<p> \tCalabretto ha riunito intorno a s\u00e9\u00a0<strong>un parterre di Giurati di assoluto spicco internazionale\u00a0<\/strong>e dalle pi\u00f9 versatili competenze musicali, pedagogiche e divulgative:\u00a0<strong>\u201cHo scelto musicisti, compositori, direttori di coro e orchestra, animatori culturali<\/strong>\u00a0con la pi\u00f9 ampia\u00a0<strong>visione di una<\/strong>\u00a0<strong>musica \u2018senza confini\u2019<\/strong>\u00a0artistici o geografici\u201d, ha spiegato Calabretto presentando i colleghi:\u00a0<strong>Andrej Grafenauer<\/strong>, gi\u00e0 direttore dell\u2019Accademia di Lubiana, oggi docente di chitarra e direttore del Dipartimento pedagogico;\u00a0<strong>Manuela Kriscak<\/strong>, cantante, pianista, docente del Conservatorio di Trieste;\u00a0<strong>Giorgio Marcossi<\/strong>, flautista, gi\u00e0 docente al Conservatorio di Udine;\u00a0<strong>Mariko Masuda<\/strong>, violinista, docente all\u2019Accademia Musicale Citt\u00e0 di Palmanova;\u00a0<strong>Mario Pagotto<\/strong>, compositore, direttore di coro e d\u2019orchestra, docente al Conservatorio di Udine, direttore della Scuola di Musica Santa Cecilia di Portogruaro;\u00a0<strong>Felix Resch<\/strong>, compositore, direttore di coro, gi\u00e0 direttore del Conservatorio di Bolzano, oggi Direttore Generale del sistema musicale della Provincia Autonoma di Bolzano;\u00a0<strong>Davide Pitis<\/strong>, compositore e direttore di coro, docente al Conservatorio di Trieste;\u00a0<strong>Helfried Fister<\/strong>, violinista, gi\u00e0 docente e Direttore del Dipartimento di strumenti ad arco al Conservatorio di Stato della Carinzia e al Conservatorio J.J. Fux di Graz;\u00a0<strong>Giorgio Lovato<\/strong>, pianista e didatta nei Conservatori del Veneto, in Accademie e Corsi di perfezionamento internazionale;\u00a0<strong>Davide Teodoro<\/strong>, clarinettista, docente del Conservatorio di Udine.\u00a0<\/p>\n<p> \t<strong>Nuova quest\u2019anno anche l\u2019agenda dei concerti che accompagnano il Concorso<\/strong>, focalizzando l\u2019attenzione su alcuni eventi che si coniugano anche con il delicato momento storico che vive l\u2019Europa in queste settimane.<\/p>\n<p> \tPrimo appuntamento,\u00a0<strong>domenica 8 maggio alle ore 20.30 nel Teatro G. Modena, il concerto di apertura<\/strong>\u00a0che avr\u00e0 un\u00a0<strong>particolare significato artistico e simbolico<\/strong>: protagonista della serata sar\u00e0 il\u00a0<strong>giovanissimo violinista ucraino Viktor Hryhoriev<\/strong>, nato a Kiev nel 2004 e oggi studente in Francia, ammesso, su invito del Maestro Alexandre Brussilovsky, al Conservatoire de Versailles Grand Parc.<\/p>\n<p> \t<strong>\u201c<\/strong>Sar\u00e0 una serata emozionante che unir\u00e0 musica e solidariet\u00e0\u00a0\u2013 ha spiegato l\u2019assessore <strong>Savi<\/strong> \u2013 offrendo un\u2019occasione importante per dare un\u00a0<strong>segnale di vicinanza alla popolazione ucraina<\/strong>, grazie alle\u00a0<strong>liberalit\u00e0 che saranno raccolte<\/strong>\u00a0in teatro per questa emergenza\u00a0<strong>a favore della Croce Rossa Italiana-Comitato di Palmanova ODV\u201d.<\/strong><\/p>\n<p> \tE l\u2019abbraccio di Palmanova all\u2019Ucraina non si esaurisce qui: infatti nella stessa giornata di domenica 8 maggio\u00a0l\u2019amministrazione comunale accoglier\u00e0 in citt\u00e0 alcuni dei giovani musicisti e musiciste dell\u2019Accademia di Musica di Kiev che il Conservatorio Tartini di Trieste ha ammesso\u00a0da qualche settimana\u00a0a proseguire gli studi\u00a0nei corsi di alta formazione, in virt\u00f9 delle relazioni internazionali e dei\u00a0<strong>progetti di scambio del programma europeo Erasmus+<\/strong>,\u00a0con il sostegno anche dell\u2019Assessorato alla Formazione, Istruzione e Universit\u00e0 della Regione Friuli Venezia Giulia.\u00a0Grazie alla disponibilit\u00e0 dei docenti e del direttore <strong>Sandro Torlontano<\/strong>, arriveranno in visita nella citt\u00e0 dogale, e saranno ospiti d\u2019onore al concerto,\u00a0<strong>Oleksandr Horovyi<\/strong>, 17 anni, tromba,<strong> David Kulikov<\/strong>, 18 anni, studente di direzione d\u2019orchestra,<strong> Iryna Lytvynenko<\/strong>, 21 anni, pianista, e<strong> Mariia Mykhailetska<\/strong>, 21 anni, arpista.<\/p>\n<p> \tGli\u00a0<strong>altri due appuntamenti del Concorso da segnare in agenda<\/strong>\u00a0sono relativi all\u2019esibizione dei\u00a0<strong>Cori nel duomo dogale sabato 14 maggio alle ore 14<\/strong>, grazie alla collaborazione della Parrocchia del SS. Redentore, e infine il\u00a0<strong>concerto dei vincitori con la consegna dei Premi Unesco domenica 15 maggio alle 16 nel Teatro Gustavo Modena<\/strong>, alla presenza delle\u00a0<strong>autorit\u00e0 locali e regionali<\/strong>\u00a0e con la partecipazione dei\u00a0<strong>delegati del sito transnazionale Unesco,\u00a0<\/strong>che riunisce le citt\u00e0 fortificate veneziane in Italia, Croazia e Montenegro.<\/p>\n<p> \tUn saluto e un incoraggiamento al concorso sono venuti anche da\u00a0<strong>Dina Bu\u0161i\u0107, rappresentante del Comune di Zara, alla presidenza internazionale del sito Unesco<\/strong>, che in collegamento ha espresso la sua soddisfazione, anche di musicista, per questo\u00a0<strong>evento che permette di condividere emozioni senza barriere\u00a0<\/strong>culturali o linguistiche.<\/p>\n<p> \t<strong>Tutte le audizioni sono aperte al pubblico<\/strong>\u00a0secondo l\u2019orario di esibizione dei concorrenti.<\/p>\n<p> \t<strong>L\u2019ingresso ai concerti \u00e8 libero, salvo il rispetto delle vigenti normative anti-Covid.<\/strong><\/p>\n<p> \t<strong>Una delle borse di studio del Concorso in palio per i concorrenti sar\u00e0 assegnata dalle preferenze il pubblico attraverso una votazione in sala via smartphone\u00a0<\/strong>durante l\u2019ultimo concerto. Anche per il pubblico votante ci saranno dei premi di partecipazione.<\/p>\n<p> \t\u00a0<\/p>\n","protected":false},"excerpt":{"rendered":"<p>Dal 9 al 15 maggio<\/p>\n","protected":false},"author":28,"featured_media":43637,"comment_status":"closed","ping_status":"closed","sticky":false,"template":"","format":"standard","meta":{"dwc-title":[],"dwc-content":[],"footnotes":""},"categories":[37],"tags":[],"class_list":["post-43636","post","type-post","status-publish","format-standard","has-post-thumbnail","hentry","category-cultura-e-spettacolo"],"rttpg_featured_image_url":{"full":["https:\/\/imagazine.it\/wp-content\/uploads\/2024\/01\/47576-1.webp",1000,804,false],"landscape":["https:\/\/imagazine.it\/wp-content\/uploads\/2024\/01\/47576-1.webp",1000,804,false],"portraits":["https:\/\/imagazine.it\/wp-content\/uploads\/2024\/01\/47576-1.webp",1000,804,false],"thumbnail":["https:\/\/imagazine.it\/wp-content\/uploads\/2024\/01\/47576-1-150x150.webp",150,150,true],"medium":["https:\/\/imagazine.it\/wp-content\/uploads\/2024\/01\/47576-1-300x241.webp",300,241,true],"large":["https:\/\/imagazine.it\/wp-content\/uploads\/2024\/01\/47576-1.webp",640,515,false],"thumblist":["https:\/\/imagazine.it\/wp-content\/uploads\/2024\/01\/47576-1.webp",300,241,false],"thumbrelated":["https:\/\/imagazine.it\/wp-content\/uploads\/2024\/01\/47576-1.webp",500,402,false],"meccarouselthumb":["https:\/\/imagazine.it\/wp-content\/uploads\/2024\/01\/47576-1.webp",403,324,false],"gridsquare":["https:\/\/imagazine.it\/wp-content\/uploads\/2024\/01\/47576-1.webp",323,260,false],"tileview":["https:\/\/imagazine.it\/wp-content\/uploads\/2024\/01\/47576-1.webp",300,241,false],"1536x1536":["https:\/\/imagazine.it\/wp-content\/uploads\/2024\/01\/47576-1.webp",1000,804,false],"2048x2048":["https:\/\/imagazine.it\/wp-content\/uploads\/2024\/01\/47576-1.webp",1000,804,false],"newsup-slider-full":["https:\/\/imagazine.it\/wp-content\/uploads\/2024\/01\/47576-1-1000x720.webp",1000,720,true],"newsup-featured":["https:\/\/imagazine.it\/wp-content\/uploads\/2024\/01\/47576-1.webp",1000,804,false],"newsup-medium":["https:\/\/imagazine.it\/wp-content\/uploads\/2024\/01\/47576-1-720x380.webp",720,380,true],"tptn_thumbnail":["https:\/\/imagazine.it\/wp-content\/uploads\/2024\/01\/47576-1.webp",250,201,false],"sow-carousel-default":["https:\/\/imagazine.it\/wp-content\/uploads\/2024\/01\/47576-1-272x182.webp",272,182,true]},"rttpg_author":{"display_name":"redazione","author_link":"https:\/\/imagazine.it\/home_desk\/author\/redazione\/"},"rttpg_comment":0,"rttpg_category":"<a href=\"https:\/\/imagazine.it\/home_desk\/category\/cultura-e-spettacolo\/\" rel=\"category tag\">CULTURA&amp;SPETTACOLO<\/a>","rttpg_excerpt":"Dal 9 al 15 maggio","_links":{"self":[{"href":"https:\/\/imagazine.it\/home_desk\/wp-json\/wp\/v2\/posts\/43636","targetHints":{"allow":["GET"]}}],"collection":[{"href":"https:\/\/imagazine.it\/home_desk\/wp-json\/wp\/v2\/posts"}],"about":[{"href":"https:\/\/imagazine.it\/home_desk\/wp-json\/wp\/v2\/types\/post"}],"author":[{"embeddable":true,"href":"https:\/\/imagazine.it\/home_desk\/wp-json\/wp\/v2\/users\/28"}],"replies":[{"embeddable":true,"href":"https:\/\/imagazine.it\/home_desk\/wp-json\/wp\/v2\/comments?post=43636"}],"version-history":[{"count":0,"href":"https:\/\/imagazine.it\/home_desk\/wp-json\/wp\/v2\/posts\/43636\/revisions"}],"wp:featuredmedia":[{"embeddable":true,"href":"https:\/\/imagazine.it\/home_desk\/wp-json\/wp\/v2\/media\/43637"}],"wp:attachment":[{"href":"https:\/\/imagazine.it\/home_desk\/wp-json\/wp\/v2\/media?parent=43636"}],"wp:term":[{"taxonomy":"category","embeddable":true,"href":"https:\/\/imagazine.it\/home_desk\/wp-json\/wp\/v2\/categories?post=43636"},{"taxonomy":"post_tag","embeddable":true,"href":"https:\/\/imagazine.it\/home_desk\/wp-json\/wp\/v2\/tags?post=43636"}],"curies":[{"name":"wp","href":"https:\/\/api.w.org\/{rel}","templated":true}]}}