{"id":43622,"date":"2022-05-05T00:00:00","date_gmt":"2022-05-04T23:00:00","guid":{"rendered":"https:\/\/imagazine.it\/?p=43622"},"modified":"2022-05-05T00:00:00","modified_gmt":"2022-05-04T23:00:00","slug":"gorizia-inaugurato-il-nuovo-centro-diurno-giovani-della-neuropsichiatria-infantile","status":"publish","type":"post","link":"https:\/\/imagazine.it\/home_desk\/gorizia-inaugurato-il-nuovo-centro-diurno-giovani-della-neuropsichiatria-infantile\/","title":{"rendered":"Gorizia, inaugurato il nuovo Centro Diurno Giovani della Neuropsichiatria infantile"},"content":{"rendered":"<p> \tInaugurato questa mattina in via IX agosto 6 in centro a <strong>Gorizia<\/strong> il nuovo <strong>Centro Diurno Giovani della neuropsichiatria infantile<\/strong>, dando cos\u00ec un luogo fisico al progetto \u201cThe Border\u201d che da tempo si occupa dei giovani \u201c<em>borderline<\/em>\u201d in carico ai Servizi Aziendali con sintomi di carattere psicologico\/psichiatrico che, se non curati in tempo, possono dare origine a patologie psichiatriche maggiori e\/o alla dipendenza.<\/p>\n<p> \tIl nuovo spazio dell\u2019Azienda Sanitaria Universitaria Giuliano Isontina (ASUGI) \u00e8 un appartamento sito in una palazzina in centro citt\u00e0 (privo di alcuna connotazione sanitaria), dove gli operatori, i giovani e le loro famiglie possono dar vita a una progettualit\u00e0 che metta al centro i <strong>bisogni della singola persona in una dimensione di gruppo<\/strong>.<\/p>\n<p> \tLo spazio sar\u00e0 gestito da personale aziendale che si occupa di adolescenza (<strong>psicologo e neuropsichiatra infantile<\/strong>) e da figure educative del Terzo settore che lo coadiuver\u00e0 nella gestione della quotidianit\u00e0 delle attivit\u00e0 previste, in stretta collaborazione e in integrazione con l\u2019Ambito Alto Isontino.<\/p>\n<p> \tLo spazio, che aspira a diventare simbolo della cultura dell\u2019intervento a favore dei giovani in difficolt\u00e0, sar\u00e0 <strong>anche uno spazio di studio, d\u2019incontro e di riflessione tra le diverse \u00e9quipe di lavoro<\/strong>, che concorderanno progettualit\u00e0 individuali, verificheranno i progressi delle persone, e potranno confrontarsi sulla condizione giovanile promuovendo azioni terapeutiche innovative. Il centro sar\u00e0 aperto dalle 8 alle 18\/19 circa.<\/p>\n<p> \tNel dettaglio il Centro Diurno si occuper\u00e0 di: abilitazione e riabilitazione estensiva o intensiva (individuale e di gruppo); interventi psicoeducativi e di supporto alle autonomie e alle attivit\u00e0 della vita quotidiana; interventi terapeutico-riabilitativi e socio-educativi volti a favorire il recupero dell&#39;autonomia personale, sociale e lavorativa; gruppi di sostegno per i familiari; interventi sulla rete sociale, formale e informale; consulenza specialistica.<\/p>\n<p> \tIl Centro Diurno Giovani della Neuropsichiatria infantile si configura inoltre come servizio trasversale tra i Servizi di NPI e i Servizi di Salute Mentale per l\u2019Et\u00e0 adulta, Consultori e i SerT, garantendo le seguenti attivit\u00e0: collaborazione e integrazione con i servizi per le dipendenze patologiche o consultoriali con particolare riferimento ai minori con comorbidit\u00e0; progettazione coordinata e condivisa con i servizi per la tutela della salute mentale in un percorso di continuit\u00e0 assistenziale dei minori in vista anche dell\u2019eventuale passaggio all&#39;et\u00e0 adulta.<\/p>\n<p> \tIn favore del nuovo Centro Diurno, i <strong>Pediatri di Libera Scelta<\/strong> &#8211; in memoria della dottoressa Scornavacca &#8211; hanno donato circa 1.600 euro per l\u2019acquisto di un videoproiettore, di una cassa acustica e di una macchina fotografica. <strong>IKEA<\/strong> ha donato una cucina attrezzata e una zona relax con divani, tavolini e librerie (circa 1.000 euro), mentre <strong>ASUGI <\/strong>ha ristrutturato completamente l\u2019appartamento (circa 50.000 euro) e arredato con tavoli, postazioni pc, sedie e stoviglie per la cucina (circa 1.700 euro) e pc (circa 8.600 euro).<\/p>\n<p> \t\u00a0<\/p>\n","protected":false},"excerpt":{"rendered":"<p>In una palazzina in centro<\/p>\n","protected":false},"author":28,"featured_media":43623,"comment_status":"closed","ping_status":"closed","sticky":false,"template":"","format":"standard","meta":{"dwc-title":[],"dwc-content":[],"footnotes":""},"categories":[5],"tags":[],"class_list":["post-43622","post","type-post","status-publish","format-standard","has-post-thumbnail","hentry","category-attualita"],"rttpg_featured_image_url":{"full":["https:\/\/imagazine.it\/wp-content\/uploads\/2024\/01\/47556-1.webp",2048,1221,false],"landscape":["https:\/\/imagazine.it\/wp-content\/uploads\/2024\/01\/47556-1.webp",2048,1221,false],"portraits":["https:\/\/imagazine.it\/wp-content\/uploads\/2024\/01\/47556-1.webp",2048,1221,false],"thumbnail":["https:\/\/imagazine.it\/wp-content\/uploads\/2024\/01\/47556-1-150x150.webp",150,150,true],"medium":["https:\/\/imagazine.it\/wp-content\/uploads\/2024\/01\/47556-1-300x179.webp",300,179,true],"large":["https:\/\/imagazine.it\/wp-content\/uploads\/2024\/01\/47556-1-1024x611.webp",640,382,true],"thumblist":["https:\/\/imagazine.it\/wp-content\/uploads\/2024\/01\/47556-1.webp",300,179,false],"thumbrelated":["https:\/\/imagazine.it\/wp-content\/uploads\/2024\/01\/47556-1.webp",500,298,false],"meccarouselthumb":["https:\/\/imagazine.it\/wp-content\/uploads\/2024\/01\/47556-1.webp",474,283,false],"gridsquare":["https:\/\/imagazine.it\/wp-content\/uploads\/2024\/01\/47556-1.webp",391,233,false],"tileview":["https:\/\/imagazine.it\/wp-content\/uploads\/2024\/01\/47556-1.webp",300,179,false],"1536x1536":["https:\/\/imagazine.it\/wp-content\/uploads\/2024\/01\/47556-1-1536x916.webp",1536,916,true],"2048x2048":["https:\/\/imagazine.it\/wp-content\/uploads\/2024\/01\/47556-1.webp",2048,1221,false],"newsup-slider-full":["https:\/\/imagazine.it\/wp-content\/uploads\/2024\/01\/47556-1-1280x720.webp",1280,720,true],"newsup-featured":["https:\/\/imagazine.it\/wp-content\/uploads\/2024\/01\/47556-1-1024x611.webp",1024,611,true],"newsup-medium":["https:\/\/imagazine.it\/wp-content\/uploads\/2024\/01\/47556-1-720x380.webp",720,380,true],"tptn_thumbnail":["https:\/\/imagazine.it\/wp-content\/uploads\/2024\/01\/47556-1.webp",250,149,false],"sow-carousel-default":["https:\/\/imagazine.it\/wp-content\/uploads\/2024\/01\/47556-1-272x182.webp",272,182,true]},"rttpg_author":{"display_name":"redazione","author_link":"https:\/\/imagazine.it\/home_desk\/author\/redazione\/"},"rttpg_comment":0,"rttpg_category":"<a href=\"https:\/\/imagazine.it\/home_desk\/category\/attualita\/\" rel=\"category tag\">ATTUALIT\u00c0<\/a>","rttpg_excerpt":"In una palazzina in centro","_links":{"self":[{"href":"https:\/\/imagazine.it\/home_desk\/wp-json\/wp\/v2\/posts\/43622","targetHints":{"allow":["GET"]}}],"collection":[{"href":"https:\/\/imagazine.it\/home_desk\/wp-json\/wp\/v2\/posts"}],"about":[{"href":"https:\/\/imagazine.it\/home_desk\/wp-json\/wp\/v2\/types\/post"}],"author":[{"embeddable":true,"href":"https:\/\/imagazine.it\/home_desk\/wp-json\/wp\/v2\/users\/28"}],"replies":[{"embeddable":true,"href":"https:\/\/imagazine.it\/home_desk\/wp-json\/wp\/v2\/comments?post=43622"}],"version-history":[{"count":0,"href":"https:\/\/imagazine.it\/home_desk\/wp-json\/wp\/v2\/posts\/43622\/revisions"}],"wp:featuredmedia":[{"embeddable":true,"href":"https:\/\/imagazine.it\/home_desk\/wp-json\/wp\/v2\/media\/43623"}],"wp:attachment":[{"href":"https:\/\/imagazine.it\/home_desk\/wp-json\/wp\/v2\/media?parent=43622"}],"wp:term":[{"taxonomy":"category","embeddable":true,"href":"https:\/\/imagazine.it\/home_desk\/wp-json\/wp\/v2\/categories?post=43622"},{"taxonomy":"post_tag","embeddable":true,"href":"https:\/\/imagazine.it\/home_desk\/wp-json\/wp\/v2\/tags?post=43622"}],"curies":[{"name":"wp","href":"https:\/\/api.w.org\/{rel}","templated":true}]}}