{"id":43602,"date":"2022-05-03T00:00:00","date_gmt":"2022-05-02T23:00:00","guid":{"rendered":"https:\/\/imagazine.it\/?p=43602"},"modified":"2022-05-03T00:00:00","modified_gmt":"2022-05-02T23:00:00","slug":"parte-da-gorizia-il-grande-omaggio-a-pasolini","status":"publish","type":"post","link":"https:\/\/imagazine.it\/home_desk\/parte-da-gorizia-il-grande-omaggio-a-pasolini\/","title":{"rendered":"Parte da Gorizia il grande omaggio a Pasolini"},"content":{"rendered":"<p> \tCon una nutrita serie di appuntamenti il <strong>Collettivo Terzo Teatro di Gorizia<\/strong> offre il suo omaggio al <strong>centenario di Pier Paolo Pasolini <\/strong>nel progetto<strong> Pasolini100<\/strong>, che dal 4 maggio fino alla fine del 2022 offrir\u00e0 uno spaccato dell\u2019attivit\u00e0 artistica dell\u2019intellettuale friulano, toccando diverse localit\u00e0 del Friuli Venezia Giulia (come Gorizia, Grado, Casarsa, San Canzian d\u2019Isonzo, Sedegliano, Udine e Pordenone).<\/p>\n<p> \tSar\u00e0 ricordato il Pasolini autore di teatro, con nuove messinscene tratte dai suoi testi, ma l\u2019intento \u00e8 quello di presentare la complessit\u00e0 del suo lavoro di regista, scrittore, poeta, giornalista e financo pittore.<\/p>\n<p> \tIl programma del progetto firmato dal <strong>Collettivo Terzo Teatro di Gorizia<\/strong> riunisce numerosi partner artistici regionali (Kulturni Dom-Gorizia, TsF-<strong>Teatri Stabil Furlan<\/strong>, Teatro Verdi di Pordenone, Centro Studi Pier Paolo Pasolini-Casarsa, Associazione Leali delle Notizie, Premio Sergio Amidei Gorizia, Coro Polifonico di Ruda, Universit\u00e0 degli Studi di Udine, Scuola di Danza Ceron \u2013 Udine, ASD Ballet School \u2013 Pordenone) e prevede anche incursioni in ambito sportivo per ricordare la passione di Pasolini per il calcio.<\/p>\n<p> \tOltre al supporto del Comune di Pordenone, del Teatro Verdi di Pordenone, nonch\u00e9 del Comune di Casarsa della Delizia, indissolubilmente legati alla figura del grande intellettuale friulano, il progetto ha voluto allargare le sue partnership a realt\u00e0 attive in molteplici ambiti artistici, proprio per raccontare la figura di Pasolini a 360 gradi. Sar\u00e0, quindi l\u2019<strong>Associazione<\/strong> <strong>\u201cSergio Amidei\u201d di Gorizia<\/strong> a fornire una collaborazione sul Pasolini cineasta, mentre il Pasolini giornalista, autore degli interventi pubblicati sul Corriere della Sera, fustigatore del costume degli anni \u201960 e \u201970, sar\u00e0 ricordato con la collaborazione dell\u2019<strong>Associazione<\/strong> <strong>Leali delle Notizie di Ronchi dei Legionari<\/strong>, nell\u2019ambito del suo Festival del Giornalismo.<\/p>\n<p> \tUna consulenza scientifica e una supervisione del progetto, permettendo cos\u00ec di raccontare il Pasolini uomo e artista, viene fornita dall\u2019<strong>Universit\u00e0<\/strong> <strong>degli Studi di Udine<\/strong>. Si \u00e8 voluta poi la collaborazione del <strong>Kulturni Dom<\/strong> per sviluppare la conoscenza dell\u2019intellettuale in area slovena e anche nell\u2019ottica del percorso di avvicinamento di Nova Gorica \u2013 Gorizia a Capitale Europea della Cultura 2025.<\/p>\n<p> \tItinerari originali verranno tracciati anche in ambito coreutico, in collaborazione con la <strong>Scuola di Danza Ceron di Udine<\/strong> e con l\u2019<strong>ASD<\/strong> <strong>Ballet School di Pordenone<\/strong>: a loro il compito di realizzare laboratori con artisti e atleti che prenderanno parte a spettacoli di estremo dinamismo, basati su celebri romanzi quali \u201cRagazzi di vita\u201d e \u201cUna vita violenta\u201d. Spicca, inoltre, l\u2019immancabile collaborazione con PPP Centro Studi Pier Paolo Pasolini di Casarsa e con il locale Comune.<\/p>\n<p> \tIl <strong>primo appuntamento in cartellone<\/strong> \u00e8 fissato per la serata di <strong>gioved\u00ec 4 maggio<\/strong>, al <strong>Kulturni Dom di Gorizia<\/strong> che ospita, con inizio alle 20.45, lo spettacolo \u201cI <strong>turcs tal Fri\u00fbl\u201d allestito<\/strong> da TsF-<strong>Teatri Stabil Furlan<\/strong>: un evento realizzato grazie a Cassa Rurale FVG-Credito cooperativo.<\/p>\n<p> \tQuest\u2019opera in un atto, prima in lingua friulana di <strong>Pier Paolo Pasolini<\/strong>, \u00e8 tra i testi teatrali in <em>marilenghe<\/em> pi\u00f9 significativi del Novecento, quello che ha avuto la maggiore eco fuori dai confini regionali. In scena i curatori del progetto, il direttore artistico del Tsf <strong>Massimo Somaglino<\/strong> e <strong>Fabiano Fantini<\/strong>, insieme a <strong>Luca Altavilla, Daniele Fior, Renato Rinaldi<\/strong>, autore anche delle musiche a commento, <strong>Paolo Mutti, Caterina Comingio, Caterina Bernardi e Aida Talliente<\/strong>, con le proiezioni video realizzate da <strong>Carlo Della Vedova<\/strong>. De \u201cI turcs tal Fri\u00fbl\u201d si possono ricordare due celeberrime edizioni: dal debutto del 1976 (appena scomparso il poeta, e appena distrutto il Friuli dal terremoto) firmato da <strong>Rodolfo Castiglione<\/strong>, con le musiche di Luigi Nono e le scenografie di Luciano Ceschia, alla tourn\u00e9e nazionale della magnifica edizione del 1996 di <strong>Elio De Capitani<\/strong> con le musiche di Giovanna Marini, con protagonista Lucilla Morlacchi.<\/p>\n<p> \t<strong>Sabato 7 maggio a Sedegliano<\/strong> (Teatro Plinio Clabassi), in programma \u201c<strong>Susp\u00eer di me mari ta \u2018na rosa<\/strong>\u201d, di Fabiano Fantini e Aida Talliente, tratto da \u201cLa meglio giovent\u00f9\u201d di Pasolini e da \u201cIl film dei miei ricordi\u201d di Susanna Colussi, madre di Pasolini. Un percorso narrativo intimo e affettivo, fatto di piccole cose; di ricordi, di preghiere, di vicende avventurose realmente accadute, e parole di commovente bellezza. Le musiche originali saranno a cura di David Cej e Mirko Cisilino.<\/p>\n<p> \tIl prossimo <strong>7 giugno<\/strong> in programma \u201c<strong>Gli scritti corsari<\/strong>\u201d, talk show con il giornalista <strong>Flavio Vidoni<\/strong> e l&#39;attore <strong>Giorgio Amodeo<\/strong> proposto a San Canzian d&#39;Isonzo nell\u2019ambito del Festival del Giornalismo organizzato dall\u2019Associazione Leali delle Notizie. Parteciper\u00e0 all\u2019evento l\u2019arpista <strong>Ester Pavlic<\/strong>.<\/p>\n<p> \tIl <strong>primo e il 2 luglio<\/strong> \u00e8 in programma \u201c<strong>Pasolini100\/Creazione<\/strong>\u201d, tratto da \u201cRagazzi di vita\u201d e \u201cUna vita violenta\u201d. <strong>Elisabetta Ceron<\/strong> firma la direzione artistica di un appuntamento con le coreografie di Nastia Breme\u010d, Michal Rynia e Salvatore Gagliardi. La regia sar\u00e0 curata da Massimo Somaglino. Lo spettacolo andr\u00e0 in scena al Cortile di Palazzo Morpurgo a Udine per essere poi replicato a Pordenone.<\/p>\n<p> \tNell\u2019ambito del <strong>Premio Sergio Amidei<\/strong> di Gorizia, invece, si potranno seguire le proiezioni di \u201c<em>Decameron<\/em>\u201d, \u201c<em>I racconti di Canterbury<\/em>\u201d e \u201c<em>Il Fiore delle mille e una notte<\/em>\u201d: ovvero la \u201c<em>Trilogia della vita<\/em>\u201d secondo Pasolini.<\/p>\n<p> \tIn corso di definizione le date di una serie di eventi estivi che si svolgeranno a <strong>Grado<\/strong>, a partire dal reading \u201c<strong><em>L\u2019amore impossibile tra Maria Callas e PP Pasolini<\/em><\/strong>\u201d di e con l\u2019attore <strong>Giorgio Amodeo<\/strong> e con <strong>Cinzia Borsatti<\/strong> affiancati da <strong>Manuel Figeli<\/strong> al pianoforte (che sar\u00e0 poi proposto anche il 22 settembre al Ridotto del Teatro Verdi di Pordenone).<\/p>\n<p> \t<strong>Tullio Svettini<\/strong> con Grado Teatro e l\u2019arpa celtica di <strong>Ester Pavlic<\/strong> proporranno invece \u201c<strong>El critoleo del corpo fracassao<\/strong>\u201d di Biagio Marin.<\/p>\n<p> \tAtteso, ancora, a Casarsa (in data da definirsi) \u201c<strong>Ennio Morricone. La musica per Pasolini<\/strong>\u201d, concerto con la tromba solista di <strong>Mauro Maur<\/strong> e il suo quintetto e Fran\u00e7oise de Clossey al pianoforte.<\/p>\n<p> \tNei mesi di settembre e ottobre in programma i due eventi conclusivi, a partire dallo spettacolo di Sonia Dorigo e Piera Rossi in programma a Udine \u201c<strong>Pulsioni inconfessabili. Da Orgia ad Affabulazione<\/strong>\u201d. Un nuovo allestimento per il teatro di \u201c<strong>Uccellacci e uccellini<\/strong>\u201d \u00e8, invece, la <strong>proposta produttiva<\/strong> itinerante del <strong>Terzo Teatro<\/strong>, firmata dalla regia di <strong>Mauro Fontanini<\/strong>, che attraverser\u00e0 con pi\u00f9 repliche diverse localit\u00e0 e teatri della nostra regione. Un\u2019intensa trasposizione per il teatro del celeberrimo film con Tot\u00f2 e Ninetto Davoli del 1966: una drammaturgia ancora attualissima, qui arricchita da musica live, videoproiezioni e interventi coreutici.<\/p>\n<p> \tNon mancheranno alcuni eventi dedicati allo sport, soprattutto nel segno della pasoliniana passione per il calcio.<\/p>\n<p> \t\u00a0<\/p>\n","protected":false},"excerpt":{"rendered":"<p>In occasione dei 100 anni dalla nascita<\/p>\n","protected":false},"author":28,"featured_media":43603,"comment_status":"closed","ping_status":"closed","sticky":false,"template":"","format":"standard","meta":{"dwc-title":[],"dwc-content":[],"footnotes":""},"categories":[37],"tags":[],"class_list":["post-43602","post","type-post","status-publish","format-standard","has-post-thumbnail","hentry","category-cultura-e-spettacolo"],"rttpg_featured_image_url":{"full":["https:\/\/imagazine.it\/wp-content\/uploads\/2024\/01\/47513-1.webp",1000,750,false],"landscape":["https:\/\/imagazine.it\/wp-content\/uploads\/2024\/01\/47513-1.webp",1000,750,false],"portraits":["https:\/\/imagazine.it\/wp-content\/uploads\/2024\/01\/47513-1.webp",1000,750,false],"thumbnail":["https:\/\/imagazine.it\/wp-content\/uploads\/2024\/01\/47513-1-150x150.webp",150,150,true],"medium":["https:\/\/imagazine.it\/wp-content\/uploads\/2024\/01\/47513-1-300x225.webp",300,225,true],"large":["https:\/\/imagazine.it\/wp-content\/uploads\/2024\/01\/47513-1.webp",640,480,false],"thumblist":["https:\/\/imagazine.it\/wp-content\/uploads\/2024\/01\/47513-1.webp",300,225,false],"thumbrelated":["https:\/\/imagazine.it\/wp-content\/uploads\/2024\/01\/47513-1.webp",500,375,false],"meccarouselthumb":["https:\/\/imagazine.it\/wp-content\/uploads\/2024\/01\/47513-1.webp",432,324,false],"gridsquare":["https:\/\/imagazine.it\/wp-content\/uploads\/2024\/01\/47513-1.webp",347,260,false],"tileview":["https:\/\/imagazine.it\/wp-content\/uploads\/2024\/01\/47513-1.webp",300,225,false],"1536x1536":["https:\/\/imagazine.it\/wp-content\/uploads\/2024\/01\/47513-1.webp",1000,750,false],"2048x2048":["https:\/\/imagazine.it\/wp-content\/uploads\/2024\/01\/47513-1.webp",1000,750,false],"newsup-slider-full":["https:\/\/imagazine.it\/wp-content\/uploads\/2024\/01\/47513-1-1000x720.webp",1000,720,true],"newsup-featured":["https:\/\/imagazine.it\/wp-content\/uploads\/2024\/01\/47513-1.webp",1000,750,false],"newsup-medium":["https:\/\/imagazine.it\/wp-content\/uploads\/2024\/01\/47513-1-720x380.webp",720,380,true],"tptn_thumbnail":["https:\/\/imagazine.it\/wp-content\/uploads\/2024\/01\/47513-1.webp",250,188,false],"sow-carousel-default":["https:\/\/imagazine.it\/wp-content\/uploads\/2024\/01\/47513-1-272x182.webp",272,182,true]},"rttpg_author":{"display_name":"redazione","author_link":"https:\/\/imagazine.it\/home_desk\/author\/redazione\/"},"rttpg_comment":0,"rttpg_category":"<a href=\"https:\/\/imagazine.it\/home_desk\/category\/cultura-e-spettacolo\/\" rel=\"category tag\">CULTURA&amp;SPETTACOLO<\/a>","rttpg_excerpt":"In occasione dei 100 anni dalla nascita","_links":{"self":[{"href":"https:\/\/imagazine.it\/home_desk\/wp-json\/wp\/v2\/posts\/43602","targetHints":{"allow":["GET"]}}],"collection":[{"href":"https:\/\/imagazine.it\/home_desk\/wp-json\/wp\/v2\/posts"}],"about":[{"href":"https:\/\/imagazine.it\/home_desk\/wp-json\/wp\/v2\/types\/post"}],"author":[{"embeddable":true,"href":"https:\/\/imagazine.it\/home_desk\/wp-json\/wp\/v2\/users\/28"}],"replies":[{"embeddable":true,"href":"https:\/\/imagazine.it\/home_desk\/wp-json\/wp\/v2\/comments?post=43602"}],"version-history":[{"count":0,"href":"https:\/\/imagazine.it\/home_desk\/wp-json\/wp\/v2\/posts\/43602\/revisions"}],"wp:featuredmedia":[{"embeddable":true,"href":"https:\/\/imagazine.it\/home_desk\/wp-json\/wp\/v2\/media\/43603"}],"wp:attachment":[{"href":"https:\/\/imagazine.it\/home_desk\/wp-json\/wp\/v2\/media?parent=43602"}],"wp:term":[{"taxonomy":"category","embeddable":true,"href":"https:\/\/imagazine.it\/home_desk\/wp-json\/wp\/v2\/categories?post=43602"},{"taxonomy":"post_tag","embeddable":true,"href":"https:\/\/imagazine.it\/home_desk\/wp-json\/wp\/v2\/tags?post=43602"}],"curies":[{"name":"wp","href":"https:\/\/api.w.org\/{rel}","templated":true}]}}