{"id":43591,"date":"2022-05-02T00:00:00","date_gmt":"2022-05-01T23:00:00","guid":{"rendered":"https:\/\/imagazine.it\/?p=43591"},"modified":"2022-05-02T00:00:00","modified_gmt":"2022-05-01T23:00:00","slug":"il-fvg-ai-david-di-donatello-mai-cosi-tante-nomination","status":"publish","type":"post","link":"https:\/\/imagazine.it\/home_desk\/il-fvg-ai-david-di-donatello-mai-cosi-tante-nomination\/","title":{"rendered":"Il FVG ai David di Donatello, mai cos\u00ec tante nomination"},"content":{"rendered":"<p> \tScatta il conto alla rovescia per la <strong>67a edizione dei David di Donatello<\/strong>, il pi\u00f9 importante riconoscimento cinematografico italiano assegnato dall\u2019Accademia del Cinema italiano, a cui domani sera <strong>il Friuli Venezia Giulia sar\u00e0 presente con due lungometraggi<\/strong> e una terza nomination a <strong>Francesco Fonda<\/strong> per la <strong>miglior scenografia<\/strong>.<\/p>\n<p> \tI vincitori delle singole categorie saranno svelati in prima serata su RaiUno, nella cerimonia che andr\u00e0 in onda a partire dalle 21.25 dagli studi di Cinecitt\u00e0.<\/p>\n<p> \t<strong>I film e le nomination<\/strong><\/p>\n<p> \tOtto le nomination per \u201c<strong><em>Diabolik<\/em><\/strong>\u201d, fra cui la miglior sceneggiatura non originale. Film ispirato al fumetto delle Giussani, \u00e8 ambientato negli anni \u201970 e ha come protagonista assoluta, assieme all\u2019immancabile Diabolik, Eva Kant. Le location prescelte dai registi sono Milano, Bologna e <strong>Trieste<\/strong>, con &#8211; in particolare &#8211; il centro citt\u00e0 e piazza Unit\u00e0 d\u2019Italia, la strada napoleonica e Portopiccolo. Durante il sequel, girato nell\u2019estate 2021, il produttore ha voluto valorizzare ulteriori scorci regionali fra i quali piazza della Borsa, sempre a Trieste, e il ponte romano di Premariacco.<\/p>\n<p> \tLe costruzioni scenografiche per \u201c<em>Diabolik<\/em>\u201d sono state realizzate da <strong>Carlo Furlan<\/strong>, costruttore e pittore triestino che ha ricevuto proprio in questi giorni la nomination come miglior \u201ccapo costruttore\u201d al premio \u201cLa Pellicola d\u2019Oro\u201d per il film diretto dai Manetti Bros. Il premio, riservato ai mestieri artigiani del cinema italiano, intende valorizzare tutte le professioni della filiera e in particolar modo quei mestieri e gli artigiani che lavorano dietro le quinte di un\u2019opera filmica che spesso vengono dimenticati nei titoli di coda.<\/p>\n<p> \t\u201c<strong><em>Piccolo Corpo<\/em><\/strong>\u201d si contende il premio per il miglior <strong>esordio alla regia per Laura Samani<\/strong>, alla sua opera prima con la friulana Nefertiti Film e Rai Cinema. La giovane regista ha voluto raccontare una storia struggente, raccolta dalle memorie antiche del Friuli Venezia Giulia. Un racconto locale, dunque, che conquista gli scenari internazionali proprio per la sua autenticit\u00e0 e veridicit\u00e0 tanto da essere gi\u00e0 stato inserito nella rassegna di Cannes 2021. Il viaggio di Agata, (Celeste Cescutti) la protagonista del film, \u00e8 quasi interamente girato in regione, ambientato nel 1900 e ha come co-protagonista Lince, un ragazzo solitario che decide di aiutare la giovane. La missione di Agata \u00e8 salvare l\u2019anima di sua figlia, neonata costretta al limbo \u2013 secondo la concezione cristiana \u2013 che deceduta durante il parto senza aver ricevuto il battesimo, non riesce ad accedere al Paradiso.<\/p>\n<p> \tIl film vede la co-produzione di Nadia Trevisan, Alberto Fasulo per Nefertiti Film, Thomas Lambert per Tomsa Film e Danijel Ho\u010devar per Vertigo, con il contributo di FVG Film Commission e Fondo Regionale per l\u2019Audiovisivo.<\/p>\n<p> \t<strong>Francesco Fonda<\/strong>, triestino di origine e romano di adozione, si conquista la nomination alla <strong>miglior scenografia<\/strong> per il film <strong><em>Qui rido io<\/em><\/strong>.\u00a0 Sotto la regia di Mario Martone hanno recitato Toni Servillo, Maria Nazionale, Cristiana Dell\u2019Anna, Antonia Truppo ed Eduardo Scarpetta. La nomination conferma la qualit\u00e0 dei tecnici e delle maestranze del Friuli Venezia Giulia, sempre pi\u00f9 apprezzata dalle produzioni che scelgono la regione non solo per le splendide location, ma anche per l\u2019elevato grado di preparazione dei suoi professionisti.<\/p>\n<p> \tIl territorio regionale si dimostra sempre di pi\u00f9 meta ambita da registi grazie anche al lavoro di supporto di FVG Film Commission, che assiste le produzioni nella fase di location scouting, ma \u00e8 anche rappresentato in questa kermesse da professionalit\u00e0 affermate nel panorama cinematografico internazionale.<\/p>\n<p> \t\u00a0<\/p>\n","protected":false},"excerpt":{"rendered":"<p>Domani la cerimonia<\/p>\n","protected":false},"author":28,"featured_media":43592,"comment_status":"closed","ping_status":"closed","sticky":false,"template":"","format":"standard","meta":{"dwc-title":[],"dwc-content":[],"footnotes":""},"categories":[37],"tags":[],"class_list":["post-43591","post","type-post","status-publish","format-standard","has-post-thumbnail","hentry","category-cultura-e-spettacolo"],"rttpg_featured_image_url":{"full":["https:\/\/imagazine.it\/wp-content\/uploads\/2024\/01\/47488-1.webp",1968,1312,false],"landscape":["https:\/\/imagazine.it\/wp-content\/uploads\/2024\/01\/47488-1.webp",1968,1312,false],"portraits":["https:\/\/imagazine.it\/wp-content\/uploads\/2024\/01\/47488-1.webp",1968,1312,false],"thumbnail":["https:\/\/imagazine.it\/wp-content\/uploads\/2024\/01\/47488-1-150x150.webp",150,150,true],"medium":["https:\/\/imagazine.it\/wp-content\/uploads\/2024\/01\/47488-1-300x200.webp",300,200,true],"large":["https:\/\/imagazine.it\/wp-content\/uploads\/2024\/01\/47488-1-1024x683.webp",640,427,true],"thumblist":["https:\/\/imagazine.it\/wp-content\/uploads\/2024\/01\/47488-1.webp",300,200,false],"thumbrelated":["https:\/\/imagazine.it\/wp-content\/uploads\/2024\/01\/47488-1.webp",500,333,false],"meccarouselthumb":["https:\/\/imagazine.it\/wp-content\/uploads\/2024\/01\/47488-1.webp",474,316,false],"gridsquare":["https:\/\/imagazine.it\/wp-content\/uploads\/2024\/01\/47488-1.webp",391,260,false],"tileview":["https:\/\/imagazine.it\/wp-content\/uploads\/2024\/01\/47488-1.webp",300,200,false],"1536x1536":["https:\/\/imagazine.it\/wp-content\/uploads\/2024\/01\/47488-1-1536x1024.webp",1536,1024,true],"2048x2048":["https:\/\/imagazine.it\/wp-content\/uploads\/2024\/01\/47488-1.webp",1968,1312,false],"newsup-slider-full":["https:\/\/imagazine.it\/wp-content\/uploads\/2024\/01\/47488-1-1280x720.webp",1280,720,true],"newsup-featured":["https:\/\/imagazine.it\/wp-content\/uploads\/2024\/01\/47488-1-1024x683.webp",1024,683,true],"newsup-medium":["https:\/\/imagazine.it\/wp-content\/uploads\/2024\/01\/47488-1-720x380.webp",720,380,true],"tptn_thumbnail":["https:\/\/imagazine.it\/wp-content\/uploads\/2024\/01\/47488-1.webp",250,167,false],"sow-carousel-default":["https:\/\/imagazine.it\/wp-content\/uploads\/2024\/01\/47488-1-272x182.webp",272,182,true]},"rttpg_author":{"display_name":"redazione","author_link":"https:\/\/imagazine.it\/home_desk\/author\/redazione\/"},"rttpg_comment":0,"rttpg_category":"<a href=\"https:\/\/imagazine.it\/home_desk\/category\/cultura-e-spettacolo\/\" rel=\"category tag\">CULTURA&amp;SPETTACOLO<\/a>","rttpg_excerpt":"Domani la cerimonia","_links":{"self":[{"href":"https:\/\/imagazine.it\/home_desk\/wp-json\/wp\/v2\/posts\/43591","targetHints":{"allow":["GET"]}}],"collection":[{"href":"https:\/\/imagazine.it\/home_desk\/wp-json\/wp\/v2\/posts"}],"about":[{"href":"https:\/\/imagazine.it\/home_desk\/wp-json\/wp\/v2\/types\/post"}],"author":[{"embeddable":true,"href":"https:\/\/imagazine.it\/home_desk\/wp-json\/wp\/v2\/users\/28"}],"replies":[{"embeddable":true,"href":"https:\/\/imagazine.it\/home_desk\/wp-json\/wp\/v2\/comments?post=43591"}],"version-history":[{"count":0,"href":"https:\/\/imagazine.it\/home_desk\/wp-json\/wp\/v2\/posts\/43591\/revisions"}],"wp:featuredmedia":[{"embeddable":true,"href":"https:\/\/imagazine.it\/home_desk\/wp-json\/wp\/v2\/media\/43592"}],"wp:attachment":[{"href":"https:\/\/imagazine.it\/home_desk\/wp-json\/wp\/v2\/media?parent=43591"}],"wp:term":[{"taxonomy":"category","embeddable":true,"href":"https:\/\/imagazine.it\/home_desk\/wp-json\/wp\/v2\/categories?post=43591"},{"taxonomy":"post_tag","embeddable":true,"href":"https:\/\/imagazine.it\/home_desk\/wp-json\/wp\/v2\/tags?post=43591"}],"curies":[{"name":"wp","href":"https:\/\/api.w.org\/{rel}","templated":true}]}}