{"id":43573,"date":"2022-04-29T00:00:00","date_gmt":"2022-04-28T23:00:00","guid":{"rendered":"https:\/\/imagazine.it\/?p=43573"},"modified":"2022-04-29T00:00:00","modified_gmt":"2022-04-28T23:00:00","slug":"violenza-assistita-dal-burlo-uno-studio-internazionale","status":"publish","type":"post","link":"https:\/\/imagazine.it\/home_desk\/violenza-assistita-dal-burlo-uno-studio-internazionale\/","title":{"rendered":"Violenza assistita, dal Burlo uno studio internazionale"},"content":{"rendered":"<p> \tIl numero di casi di violenza sulle donne ai quali hanno assistito i figli minori misurato durante la pandemia \u00e8 stato molto alto, con un profondo impatto sulla salute psico-fisico-emotiva di madri e figli. Lo ha dimostrato uno <strong>studio condotto dal Pronto Soccorso Pediatrico dell\u2019Irccs Materno Infantile \u201cBurlo Garofolo\u201d<\/strong> di <strong>Trieste<\/strong> diretto dal dottor <strong>Alessandro Amaddeo<\/strong> e dalla psicologa <strong>Federica Anastasia<\/strong>.<\/p>\n<p> \tTerzo lavoro sulla <em>Witnessed Violence<\/em> (violenza assistita) al mondo, con due precedenti piuttosto datati (1999 e 2005), lo studio del Burlo ha esaminato un fenomeno ancora poco esplorato, ma che ha impatti molto significativi. La violenza assistita intra familiare (cio\u00e8 l&#39;esperire da parte del bambino\/a e\/o dell\u2019adolescente di qualsiasi forma di maltrattamento su figure di riferimento o su altre figure affettivamente significative adulte o minori, compiuta attraverso atti di violenza fisica, verbale, psicologica, sessuale ed economica, nonch\u00e9 atti persecutori) infatti, \u00e8 una forma di abuso sui minori con effetti molto negativi sul benessere e lo sviluppo dei bambini e bambine, sia sulla perpetuazione della spirale di violenza quando divengono adulti e la cui riconoscibilit\u00e0 \u00e8 collegata alla capacit\u00e0 di rilevare l\u2019esposizione delle madri a fenomeni di violenza intima da parte dei partner (<em>intimate partner violence<\/em> o Ipv) non sempre facili da riconoscere. In questo campo, l\u2019opera dei Pronto Soccorso Pediatrici pu\u00f2 rivelarsi fondamentale sia per la rilevazione del fenomeno, sia per la prevenzione.<\/p>\n<p> \t\u00abIl gruppo di studio promosso dal dottor Claudio Germani per la realizzazione di questa ricerca \u2013 spiega la dottoressa Anastasia \u2013 \u00e8 stato condotto da febbraio 2020 a gennaio 2021, ha rispettato le linee guida dell\u2019Oms e ha utilizzato una metodologia di lavoro che includeva il <em>Woman Abuse Screening Tool (Wast)<\/em> validato a livello internazionale e su 212 coppie madre-bambino\/a nessuna ha rifiutato di partecipare. Il questionario ha dato un impressionate risultato con ben il 44% delle partecipanti che riferivano casi di violenza domestica assistita dai minori. Nei due soli lavori precedenti in letteratura le percentuali riportate erano rispettivamente del 10 e 50%. Dallo studio \u00e8, poi, emerso che le madri che subiscono violenza hanno una qualit\u00e0 di vita molto peggiore e una salute peggiore con stress particolare, disturbi del sonno, incubi, stanchezza e affaticamento al risveglio, ansia, allucinazioni uditive e che i bambini che hanno assistito alla violenza, testati in cieco dai medici in Pronto Soccorso, si mostrano molto pi\u00f9 agitati, ansiosi, aggressivi e con disturbi del sonno. Inoltre \u2013 prosegue la psicologa \u2013, dallo studio \u00e8 chiaramente emerso come l\u2019alto numero di figli, il basso livello di scolarit\u00e0 della madre, la disoccupazione o i problemi lavorativi e la mancanza presenza di una rete di sostegno familiare siano condizioni nelle quali pi\u00f9 facilmente si verificano episodi di violenza sulle donne compiuta dai partner e di violenza assistita dai minori. Non sembrano, invece, influire particolarmente \u2013 conclude la dottoressa Anastasia \u2013 l\u2019et\u00e0 delle donne o il loro stato civile\u00bb.<\/p>\n<p> \tDallo studio \u00e8 emersa, inoltre, un&#39;elevata richiesta di welfare. In questo contesto vi \u00e8 di fatto un ben noto incremento del rischio di trasmissione transgenerazionale della violenza quale modello relazionale\/affettivo e la necessit\u00e0 di una formazione specifica per i professionisti coinvolti.<\/p>\n<p> \tL\u2019importanza dello studio del Burlo, oltre che dalla pubblicazione da parte della rivista dell\u2019Associazione Pediatrica Europea, \u00e8 confermata dal fatto che l\u2019Organizzazione Mondiale della Sanit\u00e0 considera la violenza contro i minori come uno dei maggiori problemi di sanit\u00e0 pubblica: nei Paesi ad alto tenore economico, il maltrattamento \u00e8, infatti, una delle principali cause di mortalit\u00e0 nella prima infanzia. \u00c8, inoltre, difficile fornire stime reali della diffusione del maltrattamento nell\u2019infanzia, in quanto solo una minoranza di casi sono identificati (10%) rispetto alla totalit\u00e0 di quelli che restano sommersi.<\/p>\n<p> \t\u00abLe conseguenze da maltrattamento sulla salute del minore \u2013 chiarisce il dottor Amaddeo \u2013 possono essere dirette (lesioni fisiche di variabile gravit\u00e0, fino alla morte) o indirette (esiti a distanza come patologie organiche e disturbi psico-relazionali). La violenza assistita, poi, \u00e8 una delle forme nelle quali si manifesta la violenza su minori ed \u00e8 una forma di maltrattamento la cui rilevazione necessita del preliminare riconoscimento della violenza intra familiare diretta. Secondo un\u2019indagine della <em>Fundamental Rights Agency<\/em> \u2013 prosegue \u2013, infatti, in Italia, il 19% delle donne dichiara di aver subito nel corso della vita violenze fisiche o sessuali da un partner o ex-partner; il 38% ripetuti e multipli abusi psicologici; il 9% \u201cstalking\u201d. Aver subito una forma di violenza, diretta o assistita, durante l\u2019infanzia o adolescenza \u2013 ribadisce il dottor Amaddeo \u2013 si associa a un aumentato rischio di sviluppare problemi psicologici, sociali, comportamentali e organici; studi scientifici sottolineano, poi, come l\u2019esposizione a tale violenza in et\u00e0 pediatrica possa aumentare la probabilit\u00e0 di ricadere in comportamenti malsani e avere problemi di salute in et\u00e0 adulta.\u00a0 Per questo indagare attivamente la presenza di esposizione alla violenza durante l\u2019infanzia \u00e8 quindi di primaria importanza per cercare di prevenire gli effetti negativi.\u00a0In tal senso \u2013 conclude \u2013 il Pronto Soccorso Pediatrico pu\u00f2 rappresentare un osservatorio privilegiato per intercettare situazioni di violenza, ma anche una possibile sede per avviare eventuali interventi\u00bb.<\/p>\n<p> \t\u00a0<\/p>\n","protected":false},"excerpt":{"rendered":"<p>Pubblicato sull\u2019European Journal of Pediatrics<\/p>\n","protected":false},"author":28,"featured_media":43574,"comment_status":"closed","ping_status":"closed","sticky":false,"template":"","format":"standard","meta":{"dwc-title":[],"dwc-content":[],"footnotes":""},"categories":[6],"tags":[],"class_list":["post-43573","post","type-post","status-publish","format-standard","has-post-thumbnail","hentry","category-societa"],"rttpg_featured_image_url":{"full":["https:\/\/imagazine.it\/wp-content\/uploads\/2024\/01\/47429-1.webp",1000,667,false],"landscape":["https:\/\/imagazine.it\/wp-content\/uploads\/2024\/01\/47429-1.webp",1000,667,false],"portraits":["https:\/\/imagazine.it\/wp-content\/uploads\/2024\/01\/47429-1.webp",1000,667,false],"thumbnail":["https:\/\/imagazine.it\/wp-content\/uploads\/2024\/01\/47429-1-150x150.webp",150,150,true],"medium":["https:\/\/imagazine.it\/wp-content\/uploads\/2024\/01\/47429-1-300x200.webp",300,200,true],"large":["https:\/\/imagazine.it\/wp-content\/uploads\/2024\/01\/47429-1.webp",640,427,false],"thumblist":["https:\/\/imagazine.it\/wp-content\/uploads\/2024\/01\/47429-1.webp",300,200,false],"thumbrelated":["https:\/\/imagazine.it\/wp-content\/uploads\/2024\/01\/47429-1.webp",500,334,false],"meccarouselthumb":["https:\/\/imagazine.it\/wp-content\/uploads\/2024\/01\/47429-1.webp",474,316,false],"gridsquare":["https:\/\/imagazine.it\/wp-content\/uploads\/2024\/01\/47429-1.webp",391,260,false],"tileview":["https:\/\/imagazine.it\/wp-content\/uploads\/2024\/01\/47429-1.webp",300,200,false],"1536x1536":["https:\/\/imagazine.it\/wp-content\/uploads\/2024\/01\/47429-1.webp",1000,667,false],"2048x2048":["https:\/\/imagazine.it\/wp-content\/uploads\/2024\/01\/47429-1.webp",1000,667,false],"newsup-slider-full":["https:\/\/imagazine.it\/wp-content\/uploads\/2024\/01\/47429-1.webp",1000,667,false],"newsup-featured":["https:\/\/imagazine.it\/wp-content\/uploads\/2024\/01\/47429-1.webp",1000,667,false],"newsup-medium":["https:\/\/imagazine.it\/wp-content\/uploads\/2024\/01\/47429-1-720x380.webp",720,380,true],"tptn_thumbnail":["https:\/\/imagazine.it\/wp-content\/uploads\/2024\/01\/47429-1.webp",250,167,false],"sow-carousel-default":["https:\/\/imagazine.it\/wp-content\/uploads\/2024\/01\/47429-1-272x182.webp",272,182,true]},"rttpg_author":{"display_name":"redazione","author_link":"https:\/\/imagazine.it\/home_desk\/author\/redazione\/"},"rttpg_comment":0,"rttpg_category":"<a href=\"https:\/\/imagazine.it\/home_desk\/category\/societa\/\" rel=\"category tag\">SOCIET\u00c0<\/a>","rttpg_excerpt":"Pubblicato sull\u2019European Journal of Pediatrics","_links":{"self":[{"href":"https:\/\/imagazine.it\/home_desk\/wp-json\/wp\/v2\/posts\/43573","targetHints":{"allow":["GET"]}}],"collection":[{"href":"https:\/\/imagazine.it\/home_desk\/wp-json\/wp\/v2\/posts"}],"about":[{"href":"https:\/\/imagazine.it\/home_desk\/wp-json\/wp\/v2\/types\/post"}],"author":[{"embeddable":true,"href":"https:\/\/imagazine.it\/home_desk\/wp-json\/wp\/v2\/users\/28"}],"replies":[{"embeddable":true,"href":"https:\/\/imagazine.it\/home_desk\/wp-json\/wp\/v2\/comments?post=43573"}],"version-history":[{"count":0,"href":"https:\/\/imagazine.it\/home_desk\/wp-json\/wp\/v2\/posts\/43573\/revisions"}],"wp:featuredmedia":[{"embeddable":true,"href":"https:\/\/imagazine.it\/home_desk\/wp-json\/wp\/v2\/media\/43574"}],"wp:attachment":[{"href":"https:\/\/imagazine.it\/home_desk\/wp-json\/wp\/v2\/media?parent=43573"}],"wp:term":[{"taxonomy":"category","embeddable":true,"href":"https:\/\/imagazine.it\/home_desk\/wp-json\/wp\/v2\/categories?post=43573"},{"taxonomy":"post_tag","embeddable":true,"href":"https:\/\/imagazine.it\/home_desk\/wp-json\/wp\/v2\/tags?post=43573"}],"curies":[{"name":"wp","href":"https:\/\/api.w.org\/{rel}","templated":true}]}}