{"id":43553,"date":"2022-04-25T00:00:00","date_gmt":"2022-04-24T23:00:00","guid":{"rendered":"https:\/\/imagazine.it\/?p=43553"},"modified":"2022-04-25T00:00:00","modified_gmt":"2022-04-24T23:00:00","slug":"turriaco-lenergia-del-gruppo-costumi-tradizionali-bisiachi","status":"publish","type":"post","link":"https:\/\/imagazine.it\/home_desk\/turriaco-lenergia-del-gruppo-costumi-tradizionali-bisiachi\/","title":{"rendered":"Turriaco, l&#8217;energia del Gruppo Costumi Tradizionali Bisiachi"},"content":{"rendered":"<p> \tL&#39;attivit\u00e0 del <strong>Gruppo Costumi Tradizionali Bisiachi<\/strong> di <strong>Turriaco<\/strong> continua su pi\u00f9 fronti senza sosta.<\/p>\n<p> \tIn primo piano l&#39;impegno rivolto agli anziani ospiti delle case di riposo del FVG. Come noto il <strong>progetto VariEt\u00e0<\/strong> vede i volontari del <strong>Coro degli adulti <\/strong>del Gruppo Costumi impegnati quasi settimanalmente, sin dal 2004, nell&#39;intrattenimento musicale degli ospiti di una ventina di strutture protette della regione, anche durante la pandemia gli incontri sono continuati, online o dall&#39;esterno.<\/p>\n<p> \t&#8220;Ultimamente siamo stati chiamati a Sequals, Spilimbergo, Cavazzo, ci\u00f2 ci onora e conferma l&#39;utilit\u00e0 del nostro progetto, ci preoccupa solo l&#39;eventualit\u00e0 di non poter far fronte alle tante richieste che ci pervengono, ma per fortuna l&#39;entusiasmo non manca &#8211; spiega la presidente <strong>Caterina Chittaro<\/strong> &#8211; il progetto VariEt\u00e0 \u00e8 riconosciuto come di Particolare Rilevanza dalla Regione FVG e dalla Fondazione CARIGO\u201d.<\/p>\n<p> \tProsegue nel frattempo anche l&#39;attivit\u00e0 dei <strong>Cori dei giovanissimi del Gruppo<\/strong>, la propedeutica <strong>MINI DIMAN<\/strong> (4-7 anni) e <strong>DIMAN<\/strong>, (8 anni e oltre) preparati dalla maestra <strong>Caterina Biasiol<\/strong>.<\/p>\n<p> \tIl Coro degli adulti invece attualmente lavora ad un progetto di Educazione Vocale e Scenica con il tenore <strong>Andrea Binetti<\/strong> e la pianista <strong>Antonella Costantini<\/strong>, che preparano i coristi ai numerosi concerti gi\u00e0 in calendario, tra i quali, in giugno, l&#39;importante appuntamento per il 100\u00b0 genetliaco della Corale di Mossa e l&#39;esecuzione della Messa di Bruckner presso la Chiesa di San Francesco della Vigna a Venezia. Sabato 14 maggio alle ore 11 sar\u00e0 inaugurata invece a Staranzano, presso la Sede della Pro Loco, la mostra curata dal Gruppo, &#8220;<em>Tra Mostri e Cavalieri: la vita nascosta degli oggetti<\/em>&#8220;, esposizione delle fantastiche creazioni di <strong>Giuliano Cecone<\/strong>.<\/p>\n<p> \tTra i vari impegni spicca l&#39;ultra ventennale appuntamento di agosto a Villaco, dove il Gruppo, dopo la forzata pausa del 2020 e 2021, rappresenter\u00e0 la Bisiacaria e il Friuli Venezia Giulia per la 24<sup>a<\/sup> volta alla sfilata di costumi internazionali del <em>Villacher Kirchtag<\/em>.<\/p>\n<p> \tNel frattempo proseguono i corsi di lingua inglese, merletto a tombolo, manifattura borsette e ballo di gruppo.<\/p>\n<p> \tUltimi ritocchi al video-libro &#8220;Sguardi oltre il tempo&#8221; di <strong>Gabriella Brumat Dellasorte<\/strong> che sar\u00e0 donato alle strutture protette affinch\u00e9 la video-registrazione dell&#39;antologia possa essere non solo ascoltata dagli ospiti, ma anche guardata.<\/p>\n<p> \tAlla socializzazione sono invece dedicate le uscite culturali organizzate dal Gruppo, la prossima in giugno avr\u00e0 per meta Rocchetta Mattei, il Santuario di San Luca e la citt\u00e0 di Bologna. Per informazioni sulle attivit\u00e0 telefonare al 3474612447, scrivereuna mail a <a href=\"mailto:costumibisiachi@libero.it\" target=\"_blank\" rel=\"noopener\">costumibisiachi@libero.it<\/a> o seguire su FB @GruppoCostumiTradizionaliBisiachi.<\/p>\n<p> \t\u00a0<\/p>\n","protected":false},"excerpt":{"rendered":"<p>Attivit\u00e0 in fermento<\/p>\n","protected":false},"author":22,"featured_media":43554,"comment_status":"closed","ping_status":"closed","sticky":false,"template":"","format":"standard","meta":{"dwc-title":[],"dwc-content":[],"footnotes":""},"categories":[5],"tags":[],"class_list":["post-43553","post","type-post","status-publish","format-standard","has-post-thumbnail","hentry","category-attualita"],"rttpg_featured_image_url":{"full":["https:\/\/imagazine.it\/wp-content\/uploads\/2024\/01\/47390-1.webp",1440,1078,false],"landscape":["https:\/\/imagazine.it\/wp-content\/uploads\/2024\/01\/47390-1.webp",1440,1078,false],"portraits":["https:\/\/imagazine.it\/wp-content\/uploads\/2024\/01\/47390-1.webp",1440,1078,false],"thumbnail":["https:\/\/imagazine.it\/wp-content\/uploads\/2024\/01\/47390-1-150x150.webp",150,150,true],"medium":["https:\/\/imagazine.it\/wp-content\/uploads\/2024\/01\/47390-1-300x225.webp",300,225,true],"large":["https:\/\/imagazine.it\/wp-content\/uploads\/2024\/01\/47390-1-1024x767.webp",640,479,true],"thumblist":["https:\/\/imagazine.it\/wp-content\/uploads\/2024\/01\/47390-1.webp",300,225,false],"thumbrelated":["https:\/\/imagazine.it\/wp-content\/uploads\/2024\/01\/47390-1.webp",500,374,false],"meccarouselthumb":["https:\/\/imagazine.it\/wp-content\/uploads\/2024\/01\/47390-1.webp",433,324,false],"gridsquare":["https:\/\/imagazine.it\/wp-content\/uploads\/2024\/01\/47390-1.webp",347,260,false],"tileview":["https:\/\/imagazine.it\/wp-content\/uploads\/2024\/01\/47390-1.webp",300,225,false],"1536x1536":["https:\/\/imagazine.it\/wp-content\/uploads\/2024\/01\/47390-1.webp",1440,1078,false],"2048x2048":["https:\/\/imagazine.it\/wp-content\/uploads\/2024\/01\/47390-1.webp",1440,1078,false],"newsup-slider-full":["https:\/\/imagazine.it\/wp-content\/uploads\/2024\/01\/47390-1-1280x720.webp",1280,720,true],"newsup-featured":["https:\/\/imagazine.it\/wp-content\/uploads\/2024\/01\/47390-1-1024x767.webp",1024,767,true],"newsup-medium":["https:\/\/imagazine.it\/wp-content\/uploads\/2024\/01\/47390-1-720x380.webp",720,380,true],"tptn_thumbnail":["https:\/\/imagazine.it\/wp-content\/uploads\/2024\/01\/47390-1.webp",250,187,false],"sow-carousel-default":["https:\/\/imagazine.it\/wp-content\/uploads\/2024\/01\/47390-1-272x182.webp",272,182,true]},"rttpg_author":{"display_name":"Livio Nonis","author_link":"https:\/\/imagazine.it\/home_desk\/author\/nonis\/"},"rttpg_comment":0,"rttpg_category":"<a href=\"https:\/\/imagazine.it\/home_desk\/category\/attualita\/\" rel=\"category tag\">ATTUALIT\u00c0<\/a>","rttpg_excerpt":"Attivit\u00e0 in fermento","_links":{"self":[{"href":"https:\/\/imagazine.it\/home_desk\/wp-json\/wp\/v2\/posts\/43553","targetHints":{"allow":["GET"]}}],"collection":[{"href":"https:\/\/imagazine.it\/home_desk\/wp-json\/wp\/v2\/posts"}],"about":[{"href":"https:\/\/imagazine.it\/home_desk\/wp-json\/wp\/v2\/types\/post"}],"author":[{"embeddable":true,"href":"https:\/\/imagazine.it\/home_desk\/wp-json\/wp\/v2\/users\/22"}],"replies":[{"embeddable":true,"href":"https:\/\/imagazine.it\/home_desk\/wp-json\/wp\/v2\/comments?post=43553"}],"version-history":[{"count":0,"href":"https:\/\/imagazine.it\/home_desk\/wp-json\/wp\/v2\/posts\/43553\/revisions"}],"wp:featuredmedia":[{"embeddable":true,"href":"https:\/\/imagazine.it\/home_desk\/wp-json\/wp\/v2\/media\/43554"}],"wp:attachment":[{"href":"https:\/\/imagazine.it\/home_desk\/wp-json\/wp\/v2\/media?parent=43553"}],"wp:term":[{"taxonomy":"category","embeddable":true,"href":"https:\/\/imagazine.it\/home_desk\/wp-json\/wp\/v2\/categories?post=43553"},{"taxonomy":"post_tag","embeddable":true,"href":"https:\/\/imagazine.it\/home_desk\/wp-json\/wp\/v2\/tags?post=43553"}],"curies":[{"name":"wp","href":"https:\/\/api.w.org\/{rel}","templated":true}]}}