{"id":43549,"date":"2022-04-27T00:00:00","date_gmt":"2022-04-26T23:00:00","guid":{"rendered":"https:\/\/imagazine.it\/?p=43549"},"modified":"2022-04-27T00:00:00","modified_gmt":"2022-04-26T23:00:00","slug":"confcooperative-lavoro-e-servizi-fvg-maurizio-era-nuovo-presidente","status":"publish","type":"post","link":"https:\/\/imagazine.it\/home_desk\/confcooperative-lavoro-e-servizi-fvg-maurizio-era-nuovo-presidente\/","title":{"rendered":"Confcooperative Lavoro e Servizi FVG: Maurizio Era nuovo presidente"},"content":{"rendered":"<p> \t\u00c8 <strong>Maurizio Era<\/strong>, di <strong>Trieste<\/strong>, il nuovo presidente di <strong>Confcooperative \u2013 Lavoro e Servizi Fvg<\/strong>. Lo ha eletto all\u2019unanimit\u00e0 l\u2019Assemblea delle cooperative associate alla Federazione di settore, riunitasi a <strong>Udine<\/strong>, che rappresenta le cooperative del Fvg, associate alla centrale Confcooperative, e operanti in settori quali la logistica, i trasporti, il facility management, i servizi alle imprese, impiantistica, edilizia nonch\u00e9 cooperative industriali e artigiane.<\/p>\n<p> \tUn comparto rappresentato da 112 imprese che producono un fatturato complessivo di oltre 133 milioni di euro, con 3.221 soci e 3.320 addetti. Costante, nel quadriennio, la crescita del fatturato (+14% dal 2017) e degli addetti.<\/p>\n<p> \tEra, 59 anni, \u00e8 il presidente di Intermodale Trieste, cooperativa che opera all\u2019interno dell\u2019area portuale del capoluogo regionale. \u00c8, inoltre, vicepresidente di Sia, societ\u00e0 di servizi del movimento cooperativo di Trieste, Gorizia, Udine. Per il prossimo triennio, dunque, coordiner\u00e0 i lavori della Federazione regionale.<\/p>\n<p> \t\u00abIl comparto delle cooperative di lavoro e servizi rappresenta uno dei principali pilastri del movimento cooperativo del Fvg. La crescita dei fenomeni dell\u2019outsourcing, la sempre maggiore rilevanza della logistica e dei trasporti, contribuisce a evidenziare la posizione strategica che il nostro comparto assume nell\u2019economia regionale. La sfida per i prossimi anni \u00e8 sviluppare una strategia di rete e di collaborazione fra le imprese cooperative di questi settori dove, oggi, nell\u2019ambito di portualit\u00e0 e logistica operano prevalentemente grandi gruppi internazionali. \u00c8 questa la strada per tutelare professionalit\u00e0 e capacit\u00e0 delle imprese cooperative regionali e la loro competitivit\u00e0 in tale scenario\u00bb, ha affermato il neo presidente, in occasione della sua elezione.<\/p>\n<p> \tEra succede a <strong>Patrizia Fantin<\/strong> che ha guidato la Federazione per tre mandati, dal 2010, alla quale \u00e8 andato il ringraziamento dell\u2019Assemblea. \u00abLa cooperazione di lavoro e servizi sta dimostrando, in questi anni, di avere un ruolo fondamentale e di fornire un apporto significativo all\u2019occupazione, sia non delocalizzando, sia contribuendo a includere nel mondo del lavoro ogni fascia sociale, una capacit\u00e0 che rivendichiamo e che rappresenta il valore del movimento cooperativo\u00bb, ha sottolineato Fantin nella sua relazione di fine mandato.<\/p>\n<p> \t\u00abDopo aver superato la crisi del Covid, con livelli di ripresa economica in Fvg fino al primo trimestre di quest&#39;anno da primato in Italia, la Regione si trova adesso davanti alle pesanti incertezze legate alla guerra in Ucraina e per la quale serve un&#39;azione diplomatica che fermi le armi\u00bb, \u00e8 stata la riflessione dell&#39;assessore regionale alle Attivit\u00e0 produttive, <strong>Sergio Emidio Bini<\/strong>, intervenuto all\u2019Assemblea. \u00abCosto delle materie prime e inflazione rappresentano delle criticit\u00e0 che la guerra rischia di aggravare e, per questo, c&#39;\u00e8 bisogno di un&#39;azione politica capace di sospendere il conflitto riaprendo il tavolo della diplomazia\u00bb, ha concluso Bini.<\/p>\n<p> \tAi lavori assembleari erano presenti anche il presidente nazionale della Federazione Confcooperative \u2013 Lavoro e Sevizi, <strong>Massimo Stronati<\/strong>, e il presidente di Confcooperative Fvg, <strong>Daniele Castagnaviz<\/strong>.<\/p>\n<p> \t\u00a0<\/p>\n","protected":false},"excerpt":{"rendered":"<p>Eletto all\u2019unanimit\u00e0 a Udine<\/p>\n","protected":false},"author":28,"featured_media":43550,"comment_status":"closed","ping_status":"closed","sticky":false,"template":"","format":"standard","meta":{"dwc-title":[],"dwc-content":[],"footnotes":""},"categories":[5],"tags":[],"class_list":["post-43549","post","type-post","status-publish","format-standard","has-post-thumbnail","hentry","category-attualita"],"rttpg_featured_image_url":{"full":["https:\/\/imagazine.it\/wp-content\/uploads\/2024\/01\/47383-1.webp",1000,775,false],"landscape":["https:\/\/imagazine.it\/wp-content\/uploads\/2024\/01\/47383-1.webp",1000,775,false],"portraits":["https:\/\/imagazine.it\/wp-content\/uploads\/2024\/01\/47383-1.webp",1000,775,false],"thumbnail":["https:\/\/imagazine.it\/wp-content\/uploads\/2024\/01\/47383-1-150x150.webp",150,150,true],"medium":["https:\/\/imagazine.it\/wp-content\/uploads\/2024\/01\/47383-1-300x233.webp",300,233,true],"large":["https:\/\/imagazine.it\/wp-content\/uploads\/2024\/01\/47383-1.webp",640,496,false],"thumblist":["https:\/\/imagazine.it\/wp-content\/uploads\/2024\/01\/47383-1.webp",300,233,false],"thumbrelated":["https:\/\/imagazine.it\/wp-content\/uploads\/2024\/01\/47383-1.webp",500,388,false],"meccarouselthumb":["https:\/\/imagazine.it\/wp-content\/uploads\/2024\/01\/47383-1.webp",418,324,false],"gridsquare":["https:\/\/imagazine.it\/wp-content\/uploads\/2024\/01\/47383-1.webp",335,260,false],"tileview":["https:\/\/imagazine.it\/wp-content\/uploads\/2024\/01\/47383-1.webp",300,233,false],"1536x1536":["https:\/\/imagazine.it\/wp-content\/uploads\/2024\/01\/47383-1.webp",1000,775,false],"2048x2048":["https:\/\/imagazine.it\/wp-content\/uploads\/2024\/01\/47383-1.webp",1000,775,false],"newsup-slider-full":["https:\/\/imagazine.it\/wp-content\/uploads\/2024\/01\/47383-1-1000x720.webp",1000,720,true],"newsup-featured":["https:\/\/imagazine.it\/wp-content\/uploads\/2024\/01\/47383-1.webp",1000,775,false],"newsup-medium":["https:\/\/imagazine.it\/wp-content\/uploads\/2024\/01\/47383-1-720x380.webp",720,380,true],"tptn_thumbnail":["https:\/\/imagazine.it\/wp-content\/uploads\/2024\/01\/47383-1.webp",250,194,false],"sow-carousel-default":["https:\/\/imagazine.it\/wp-content\/uploads\/2024\/01\/47383-1-272x182.webp",272,182,true]},"rttpg_author":{"display_name":"redazione","author_link":"https:\/\/imagazine.it\/home_desk\/author\/redazione\/"},"rttpg_comment":0,"rttpg_category":"<a href=\"https:\/\/imagazine.it\/home_desk\/category\/attualita\/\" rel=\"category tag\">ATTUALIT\u00c0<\/a>","rttpg_excerpt":"Eletto all\u2019unanimit\u00e0 a Udine","_links":{"self":[{"href":"https:\/\/imagazine.it\/home_desk\/wp-json\/wp\/v2\/posts\/43549","targetHints":{"allow":["GET"]}}],"collection":[{"href":"https:\/\/imagazine.it\/home_desk\/wp-json\/wp\/v2\/posts"}],"about":[{"href":"https:\/\/imagazine.it\/home_desk\/wp-json\/wp\/v2\/types\/post"}],"author":[{"embeddable":true,"href":"https:\/\/imagazine.it\/home_desk\/wp-json\/wp\/v2\/users\/28"}],"replies":[{"embeddable":true,"href":"https:\/\/imagazine.it\/home_desk\/wp-json\/wp\/v2\/comments?post=43549"}],"version-history":[{"count":0,"href":"https:\/\/imagazine.it\/home_desk\/wp-json\/wp\/v2\/posts\/43549\/revisions"}],"wp:featuredmedia":[{"embeddable":true,"href":"https:\/\/imagazine.it\/home_desk\/wp-json\/wp\/v2\/media\/43550"}],"wp:attachment":[{"href":"https:\/\/imagazine.it\/home_desk\/wp-json\/wp\/v2\/media?parent=43549"}],"wp:term":[{"taxonomy":"category","embeddable":true,"href":"https:\/\/imagazine.it\/home_desk\/wp-json\/wp\/v2\/categories?post=43549"},{"taxonomy":"post_tag","embeddable":true,"href":"https:\/\/imagazine.it\/home_desk\/wp-json\/wp\/v2\/tags?post=43549"}],"curies":[{"name":"wp","href":"https:\/\/api.w.org\/{rel}","templated":true}]}}