{"id":43535,"date":"2022-04-26T00:00:00","date_gmt":"2022-04-25T23:00:00","guid":{"rendered":"https:\/\/imagazine.it\/?p=43535"},"modified":"2022-04-26T00:00:00","modified_gmt":"2022-04-25T23:00:00","slug":"povoletto-saluta-il-vigneto-piu-australe-del-mondo","status":"publish","type":"post","link":"https:\/\/imagazine.it\/home_desk\/povoletto-saluta-il-vigneto-piu-australe-del-mondo\/","title":{"rendered":"Povoletto saluta il vigneto pi\u00f9 australe del mondo"},"content":{"rendered":"<p> \tNella regione del Chubut, in <strong>Argentina<\/strong>, precisamente nella <strong>municipalit\u00e0 di Trevelin<\/strong> si trova il vigneto pi\u00f9 australe del mondo e i suoi proprietari sono di origine friulana.<\/p>\n<p> \tPer il tramite del <strong>Fogolar Furlan di Esquel<\/strong> e del <strong>console onorario, Carla Rossi<\/strong>, \u00e8 nata l\u2019idea di stringere un gemellaggio tra il paese d\u2019origine, <strong>Povoletto<\/strong>, e Trevelin per festeggiare le vendemmie di quest\u2019anno.<\/p>\n<p> \tI rapporti sono stati gestiti dall\u2019<strong>assessore alla comunicazione, Lisa Rossi<\/strong>, che, grazie all\u2019aiuto di <strong>Renato Bonin<\/strong>, <u><a href=\"https:\/\/fb.watch\/cDw8o8R1x2\/\" target=\"_blank\" rel=\"noopener\"><span style=\"color:#0000cd;\">ha realizzato un video che valorizzasse le produzioni e i vignaioli del territorio<\/span><\/a><\/u>, raccogliendo anche il saluto del <strong>sindaco Giuliano Castenetto<\/strong>, del presidente di Ente Friuli nel Mondo,<strong> Loris Basso<\/strong> e del coordinatore regionale di Citt\u00e0 del Vino,<strong> Tiziano Venturini<\/strong>.<\/p>\n<p> \tCome spiega l\u2019assessore Rossi \u201cquesto progetto \u00e8 la <strong>prima attivit\u00e0 divulgativa extra europea in cui viene utilizzato il marchio \u201cio sono FVG\u201d<\/strong>. Il marchio ha l\u2019obiettivo di valorizzare le nostre aziende e le nostre produzioni e di renderle note fuori dai confini regionali. In questo caso quale miglior veicolo di tradizioni e valori se non i corregionali che hanno avuto fortuna all\u2019estero\u201d.<\/p>\n<p> \tSono giunti anche i saluti da <strong>Sergio Antonio Rodr\u00edguez<\/strong>, proprietario del vigneto: \u201c\u00c8 un grande piacere sentire che, nonostante l&#39;inevitabile passare del tempo e delle generazioni, il nostro legame con il popolo e la cultura italiana \u00e8 ancora cos\u00ec vivo e stretto. Dopotutto, \u00e8 stata la nostra eredit\u00e0 familiare a portarci ad intraprendere questa sfida e raggiungere i traguardi che abbiamo ottenuto con il frutto della nostra passione e del nostro impegno\u201d.<\/p>\n<p> \tIl progetto \u00e8 stato patrocinato da <strong>PromoTurismoFVG<\/strong>, dal <strong>Consorzio Tutela Vini Friuli Colli Orientali e Ramandolo.<\/strong><\/p>\n<p> \t\u00a0<\/p>\n","protected":false},"excerpt":{"rendered":"<p>Gemellaggio con la municipalit\u00e0 di Trevelin<\/p>\n","protected":false},"author":28,"featured_media":43536,"comment_status":"closed","ping_status":"closed","sticky":false,"template":"","format":"standard","meta":{"dwc-title":[],"dwc-content":[],"footnotes":""},"categories":[6],"tags":[],"class_list":["post-43535","post","type-post","status-publish","format-standard","has-post-thumbnail","hentry","category-societa"],"rttpg_featured_image_url":{"full":["https:\/\/imagazine.it\/wp-content\/uploads\/2024\/01\/47352-1.webp",750,592,false],"landscape":["https:\/\/imagazine.it\/wp-content\/uploads\/2024\/01\/47352-1.webp",750,592,false],"portraits":["https:\/\/imagazine.it\/wp-content\/uploads\/2024\/01\/47352-1.webp",750,592,false],"thumbnail":["https:\/\/imagazine.it\/wp-content\/uploads\/2024\/01\/47352-1-150x150.webp",150,150,true],"medium":["https:\/\/imagazine.it\/wp-content\/uploads\/2024\/01\/47352-1-300x237.webp",300,237,true],"large":["https:\/\/imagazine.it\/wp-content\/uploads\/2024\/01\/47352-1.webp",640,505,false],"thumblist":["https:\/\/imagazine.it\/wp-content\/uploads\/2024\/01\/47352-1.webp",300,237,false],"thumbrelated":["https:\/\/imagazine.it\/wp-content\/uploads\/2024\/01\/47352-1.webp",500,395,false],"meccarouselthumb":["https:\/\/imagazine.it\/wp-content\/uploads\/2024\/01\/47352-1.webp",410,324,false],"gridsquare":["https:\/\/imagazine.it\/wp-content\/uploads\/2024\/01\/47352-1.webp",329,260,false],"tileview":["https:\/\/imagazine.it\/wp-content\/uploads\/2024\/01\/47352-1.webp",300,237,false],"1536x1536":["https:\/\/imagazine.it\/wp-content\/uploads\/2024\/01\/47352-1.webp",750,592,false],"2048x2048":["https:\/\/imagazine.it\/wp-content\/uploads\/2024\/01\/47352-1.webp",750,592,false],"newsup-slider-full":["https:\/\/imagazine.it\/wp-content\/uploads\/2024\/01\/47352-1.webp",750,592,false],"newsup-featured":["https:\/\/imagazine.it\/wp-content\/uploads\/2024\/01\/47352-1.webp",750,592,false],"newsup-medium":["https:\/\/imagazine.it\/wp-content\/uploads\/2024\/01\/47352-1-720x380.webp",720,380,true],"tptn_thumbnail":["https:\/\/imagazine.it\/wp-content\/uploads\/2024\/01\/47352-1.webp",250,197,false],"sow-carousel-default":["https:\/\/imagazine.it\/wp-content\/uploads\/2024\/01\/47352-1-272x182.webp",272,182,true]},"rttpg_author":{"display_name":"redazione","author_link":"https:\/\/imagazine.it\/home_desk\/author\/redazione\/"},"rttpg_comment":0,"rttpg_category":"<a href=\"https:\/\/imagazine.it\/home_desk\/category\/societa\/\" rel=\"category tag\">SOCIET\u00c0<\/a>","rttpg_excerpt":"Gemellaggio con la municipalit\u00e0 di Trevelin","_links":{"self":[{"href":"https:\/\/imagazine.it\/home_desk\/wp-json\/wp\/v2\/posts\/43535","targetHints":{"allow":["GET"]}}],"collection":[{"href":"https:\/\/imagazine.it\/home_desk\/wp-json\/wp\/v2\/posts"}],"about":[{"href":"https:\/\/imagazine.it\/home_desk\/wp-json\/wp\/v2\/types\/post"}],"author":[{"embeddable":true,"href":"https:\/\/imagazine.it\/home_desk\/wp-json\/wp\/v2\/users\/28"}],"replies":[{"embeddable":true,"href":"https:\/\/imagazine.it\/home_desk\/wp-json\/wp\/v2\/comments?post=43535"}],"version-history":[{"count":0,"href":"https:\/\/imagazine.it\/home_desk\/wp-json\/wp\/v2\/posts\/43535\/revisions"}],"wp:featuredmedia":[{"embeddable":true,"href":"https:\/\/imagazine.it\/home_desk\/wp-json\/wp\/v2\/media\/43536"}],"wp:attachment":[{"href":"https:\/\/imagazine.it\/home_desk\/wp-json\/wp\/v2\/media?parent=43535"}],"wp:term":[{"taxonomy":"category","embeddable":true,"href":"https:\/\/imagazine.it\/home_desk\/wp-json\/wp\/v2\/categories?post=43535"},{"taxonomy":"post_tag","embeddable":true,"href":"https:\/\/imagazine.it\/home_desk\/wp-json\/wp\/v2\/tags?post=43535"}],"curies":[{"name":"wp","href":"https:\/\/api.w.org\/{rel}","templated":true}]}}