{"id":43525,"date":"2022-04-19T00:00:00","date_gmt":"2022-04-18T23:00:00","guid":{"rendered":"https:\/\/imagazine.it\/?p=43525"},"modified":"2022-04-19T00:00:00","modified_gmt":"2022-04-18T23:00:00","slug":"da-cervignano-a-roma-per-papa-francesco","status":"publish","type":"post","link":"https:\/\/imagazine.it\/home_desk\/da-cervignano-a-roma-per-papa-francesco\/","title":{"rendered":"Da Cervignano a Roma per Papa Francesco"},"content":{"rendered":"<p> \tRester\u00e0 indelebile nella memoria dei 23 adolescenti e dei loro accompagnatori appartenenti alle parrocchie dell\u2019<strong>Unit\u00e0 Pastorale della Bassa Friulana<\/strong>, l\u2019incontro avuto il luned\u00ec dell\u2019Angelo con <strong>Papa Francesco a Roma<\/strong>.<\/p>\n<p> \tIl Santo Padre ha voluto incontrare e parlare con gli adolescenti; le comunit\u00e0 di <strong>Cervignano<\/strong>, <strong>Muscoli<\/strong>, <strong>Scodovacca<\/strong>, <strong>Strassoldo<\/strong> e <strong>Terzo d\u2019Aquileia<\/strong> hanno aderito con entusiasmo a questa iniziativa.<\/p>\n<p> \tSono partiti prestissimo il luned\u00ec di Pasqua alla volta di Roma. C\u2019erano i giovani del post cresima e un bel gruppo di scout, accompagnati da <strong>suor Petronilla<\/strong>, dal seminarista <strong>Matteo Marega<\/strong>, dal presidente del Ricreatorio San Michele <strong>Christian Franetovich<\/strong>, da <strong>Elia Ran\u00f9<\/strong> e <strong>Andrea Michelutti<\/strong>.<\/p>\n<p> \tIl viaggio \u00e8 stato lungo e pieno di emozione, tra canti e sorrisi si \u00e8 giunti a Roma. Per qualcuno esserci \u00e8 stata una scelta fatta con il cuore, \u201cpersa\u201d una festa tra amici, ma era troppo importante essere l\u00ec, tra gli 80.000 adolescenti nella Piazza della cristianit\u00e0 a sentire il messaggio di pace e fratellanza.<\/p>\n<p> \tUn\u2019amicizia \u00e8 sbocciata fra i vari gruppi partecipanti provenienti da tutta Italia, che senza conoscersi, al loro primo incontro, hanno trovato quell\u2019unit\u00e0 d\u2019intenti che ha unito in un solo abbraccio tutti i convenuti.<\/p>\n<p> \tUn incontro che ha colpito molto i ragazzi, sorpresi anche di vedere il \u201cdivo\u201d della canzone Blanko cantare per il Santo Padre.<\/p>\n<p> \tIl ritorno verso la bassa friulana \u00e8 stato carico di adrenalina ed emozione, che difficilmente far\u00e0 dimenticare questa giornata e questo incontro speciale. La volont\u00e0 del Santo Padre \u00e8 quella di dare una guida corretta, sensata e ottimistica alle nuove generazioni che fra non molto saranno chiamate a guidare il mondo.\u00a0\u00a0\u00a0\u00a0\u00a0\u00a0\u00a0\u00a0\u00a0\u00a0\u00a0<\/p>\n<p> \t\u00a0<\/p>\n","protected":false},"excerpt":{"rendered":"<p>All&#8217;incontro con i giovani<\/p>\n","protected":false},"author":22,"featured_media":43526,"comment_status":"closed","ping_status":"closed","sticky":false,"template":"","format":"standard","meta":{"dwc-title":[],"dwc-content":[],"footnotes":""},"categories":[5],"tags":[],"class_list":["post-43525","post","type-post","status-publish","format-standard","has-post-thumbnail","hentry","category-attualita"],"rttpg_featured_image_url":{"full":["https:\/\/imagazine.it\/wp-content\/uploads\/2024\/01\/47310-1.webp",1000,750,false],"landscape":["https:\/\/imagazine.it\/wp-content\/uploads\/2024\/01\/47310-1.webp",1000,750,false],"portraits":["https:\/\/imagazine.it\/wp-content\/uploads\/2024\/01\/47310-1.webp",1000,750,false],"thumbnail":["https:\/\/imagazine.it\/wp-content\/uploads\/2024\/01\/47310-1-150x150.webp",150,150,true],"medium":["https:\/\/imagazine.it\/wp-content\/uploads\/2024\/01\/47310-1-300x225.webp",300,225,true],"large":["https:\/\/imagazine.it\/wp-content\/uploads\/2024\/01\/47310-1.webp",640,480,false],"thumblist":["https:\/\/imagazine.it\/wp-content\/uploads\/2024\/01\/47310-1.webp",300,225,false],"thumbrelated":["https:\/\/imagazine.it\/wp-content\/uploads\/2024\/01\/47310-1.webp",500,375,false],"meccarouselthumb":["https:\/\/imagazine.it\/wp-content\/uploads\/2024\/01\/47310-1.webp",432,324,false],"gridsquare":["https:\/\/imagazine.it\/wp-content\/uploads\/2024\/01\/47310-1.webp",347,260,false],"tileview":["https:\/\/imagazine.it\/wp-content\/uploads\/2024\/01\/47310-1.webp",300,225,false],"1536x1536":["https:\/\/imagazine.it\/wp-content\/uploads\/2024\/01\/47310-1.webp",1000,750,false],"2048x2048":["https:\/\/imagazine.it\/wp-content\/uploads\/2024\/01\/47310-1.webp",1000,750,false],"newsup-slider-full":["https:\/\/imagazine.it\/wp-content\/uploads\/2024\/01\/47310-1-1000x720.webp",1000,720,true],"newsup-featured":["https:\/\/imagazine.it\/wp-content\/uploads\/2024\/01\/47310-1.webp",1000,750,false],"newsup-medium":["https:\/\/imagazine.it\/wp-content\/uploads\/2024\/01\/47310-1-720x380.webp",720,380,true],"tptn_thumbnail":["https:\/\/imagazine.it\/wp-content\/uploads\/2024\/01\/47310-1.webp",250,188,false],"sow-carousel-default":["https:\/\/imagazine.it\/wp-content\/uploads\/2024\/01\/47310-1-272x182.webp",272,182,true]},"rttpg_author":{"display_name":"Livio Nonis","author_link":"https:\/\/imagazine.it\/home_desk\/author\/nonis\/"},"rttpg_comment":0,"rttpg_category":"<a href=\"https:\/\/imagazine.it\/home_desk\/category\/attualita\/\" rel=\"category tag\">ATTUALIT\u00c0<\/a>","rttpg_excerpt":"All'incontro con i giovani","_links":{"self":[{"href":"https:\/\/imagazine.it\/home_desk\/wp-json\/wp\/v2\/posts\/43525","targetHints":{"allow":["GET"]}}],"collection":[{"href":"https:\/\/imagazine.it\/home_desk\/wp-json\/wp\/v2\/posts"}],"about":[{"href":"https:\/\/imagazine.it\/home_desk\/wp-json\/wp\/v2\/types\/post"}],"author":[{"embeddable":true,"href":"https:\/\/imagazine.it\/home_desk\/wp-json\/wp\/v2\/users\/22"}],"replies":[{"embeddable":true,"href":"https:\/\/imagazine.it\/home_desk\/wp-json\/wp\/v2\/comments?post=43525"}],"version-history":[{"count":0,"href":"https:\/\/imagazine.it\/home_desk\/wp-json\/wp\/v2\/posts\/43525\/revisions"}],"wp:featuredmedia":[{"embeddable":true,"href":"https:\/\/imagazine.it\/home_desk\/wp-json\/wp\/v2\/media\/43526"}],"wp:attachment":[{"href":"https:\/\/imagazine.it\/home_desk\/wp-json\/wp\/v2\/media?parent=43525"}],"wp:term":[{"taxonomy":"category","embeddable":true,"href":"https:\/\/imagazine.it\/home_desk\/wp-json\/wp\/v2\/categories?post=43525"},{"taxonomy":"post_tag","embeddable":true,"href":"https:\/\/imagazine.it\/home_desk\/wp-json\/wp\/v2\/tags?post=43525"}],"curies":[{"name":"wp","href":"https:\/\/api.w.org\/{rel}","templated":true}]}}