{"id":43519,"date":"2022-04-23T00:00:00","date_gmt":"2022-04-22T23:00:00","guid":{"rendered":"https:\/\/imagazine.it\/?p=43519"},"modified":"2022-04-23T00:00:00","modified_gmt":"2022-04-22T23:00:00","slug":"aquileia-i-cittadini-curano-il-territorio","status":"publish","type":"post","link":"https:\/\/imagazine.it\/home_desk\/aquileia-i-cittadini-curano-il-territorio\/","title":{"rendered":"Aquileia, i cittadini curano il territorio"},"content":{"rendered":"<p> \tStamattina nelle localit\u00e0 di <strong>San Marco<\/strong> e a <strong>Belvedere<\/strong>, in comune di <strong>Aquileia<\/strong>, nuova tappa del progetto di comunit\u00e0 \u201cCuratores\u201d, che coinvolge numerosi volontari impegnati in opere di pulizia e valorizzazione del territorio.<\/p>\n<p> \t\u201cLa bellezza di vedere tante giovani cittadine e tanti giovani cittadini prendersi cura del bene comune e della nostra eredit\u00e0 culturale \u00e8 indescrivibile\u201d, ha dichiarato il sindaco di Aquileia, <strong>Emanuele Zorino<\/strong>.<\/p>\n<p> \tAll\u2019iniziativa hanno partecipato attivamente anche le neo concittadine ucraine, ospitate da diversi giorni a Belvedere dalla Parrocchia e dalla comunit\u00e0 locale, che si sono unite alle attivit\u00e0 dei curatores dedicate alla preparazione degli eventi che si svolgeranno luned\u00ec 25 aprile in occasione della festa di San Marco evangelista. Dopo due anni di pandemia, infatti, la comunit\u00e0 di Belvedere potr\u00e0 riunirsi presso la chiesetta dedicata al santo.<\/p>\n<p> \t\u201cDesidero ringraziare &#8211; ha concluso il sindaco Zorino &#8211; i volontari, le associazioni, la Parrocchia e tutti i cittadini che hanno sposato il mondo curatores che cresce sempre di pi\u00f9 e sempre con nuovi e importanti iniziative. Un grazie a <strong>Isaac Zampieri<\/strong> e a <strong>Wally Bernadette<\/strong> che coordinano sapientemente e con passione il progetto supportati dalla sempre presente <strong>Paola Boccalon<\/strong>, e a <strong>Eleonora Franzin<\/strong> e <strong>Marco Zorz<\/strong> per l\u2019amore che dimostrano sempre per Belvedere e non solo. Il pensiero va naturalmente all\u2019amico professor <strong>Edi Sandrigo<\/strong>, oggi purtroppo lontano per motivi di salute dalla sua Belvedere, che sarebbe felicissimo di vedere quante persone vogliono bene a quel piccolo pezzo di paradiso che lui ha sempre tenuto con tanta cura\u201d.<\/p>\n<p> \t\u00a0<\/p>\n","protected":false},"excerpt":{"rendered":"<p>Nuova iniziativa dei \u201cCuratores\u201d<\/p>\n","protected":false},"author":28,"featured_media":43520,"comment_status":"closed","ping_status":"closed","sticky":false,"template":"","format":"standard","meta":{"dwc-title":[],"dwc-content":[],"footnotes":""},"categories":[5],"tags":[],"class_list":["post-43519","post","type-post","status-publish","format-standard","has-post-thumbnail","hentry","category-attualita"],"rttpg_featured_image_url":{"full":["https:\/\/imagazine.it\/wp-content\/uploads\/2024\/01\/47258-1.webp",1000,638,false],"landscape":["https:\/\/imagazine.it\/wp-content\/uploads\/2024\/01\/47258-1.webp",1000,638,false],"portraits":["https:\/\/imagazine.it\/wp-content\/uploads\/2024\/01\/47258-1.webp",1000,638,false],"thumbnail":["https:\/\/imagazine.it\/wp-content\/uploads\/2024\/01\/47258-1-150x150.webp",150,150,true],"medium":["https:\/\/imagazine.it\/wp-content\/uploads\/2024\/01\/47258-1-300x191.webp",300,191,true],"large":["https:\/\/imagazine.it\/wp-content\/uploads\/2024\/01\/47258-1.webp",640,408,false],"thumblist":["https:\/\/imagazine.it\/wp-content\/uploads\/2024\/01\/47258-1.webp",300,191,false],"thumbrelated":["https:\/\/imagazine.it\/wp-content\/uploads\/2024\/01\/47258-1.webp",500,319,false],"meccarouselthumb":["https:\/\/imagazine.it\/wp-content\/uploads\/2024\/01\/47258-1.webp",474,302,false],"gridsquare":["https:\/\/imagazine.it\/wp-content\/uploads\/2024\/01\/47258-1.webp",391,249,false],"tileview":["https:\/\/imagazine.it\/wp-content\/uploads\/2024\/01\/47258-1.webp",300,191,false],"1536x1536":["https:\/\/imagazine.it\/wp-content\/uploads\/2024\/01\/47258-1.webp",1000,638,false],"2048x2048":["https:\/\/imagazine.it\/wp-content\/uploads\/2024\/01\/47258-1.webp",1000,638,false],"newsup-slider-full":["https:\/\/imagazine.it\/wp-content\/uploads\/2024\/01\/47258-1.webp",1000,638,false],"newsup-featured":["https:\/\/imagazine.it\/wp-content\/uploads\/2024\/01\/47258-1.webp",1000,638,false],"newsup-medium":["https:\/\/imagazine.it\/wp-content\/uploads\/2024\/01\/47258-1-720x380.webp",720,380,true],"tptn_thumbnail":["https:\/\/imagazine.it\/wp-content\/uploads\/2024\/01\/47258-1.webp",250,160,false],"sow-carousel-default":["https:\/\/imagazine.it\/wp-content\/uploads\/2024\/01\/47258-1-272x182.webp",272,182,true]},"rttpg_author":{"display_name":"redazione","author_link":"https:\/\/imagazine.it\/home_desk\/author\/redazione\/"},"rttpg_comment":0,"rttpg_category":"<a href=\"https:\/\/imagazine.it\/home_desk\/category\/attualita\/\" rel=\"category tag\">ATTUALIT\u00c0<\/a>","rttpg_excerpt":"Nuova iniziativa dei \u201cCuratores\u201d","_links":{"self":[{"href":"https:\/\/imagazine.it\/home_desk\/wp-json\/wp\/v2\/posts\/43519","targetHints":{"allow":["GET"]}}],"collection":[{"href":"https:\/\/imagazine.it\/home_desk\/wp-json\/wp\/v2\/posts"}],"about":[{"href":"https:\/\/imagazine.it\/home_desk\/wp-json\/wp\/v2\/types\/post"}],"author":[{"embeddable":true,"href":"https:\/\/imagazine.it\/home_desk\/wp-json\/wp\/v2\/users\/28"}],"replies":[{"embeddable":true,"href":"https:\/\/imagazine.it\/home_desk\/wp-json\/wp\/v2\/comments?post=43519"}],"version-history":[{"count":0,"href":"https:\/\/imagazine.it\/home_desk\/wp-json\/wp\/v2\/posts\/43519\/revisions"}],"wp:featuredmedia":[{"embeddable":true,"href":"https:\/\/imagazine.it\/home_desk\/wp-json\/wp\/v2\/media\/43520"}],"wp:attachment":[{"href":"https:\/\/imagazine.it\/home_desk\/wp-json\/wp\/v2\/media?parent=43519"}],"wp:term":[{"taxonomy":"category","embeddable":true,"href":"https:\/\/imagazine.it\/home_desk\/wp-json\/wp\/v2\/categories?post=43519"},{"taxonomy":"post_tag","embeddable":true,"href":"https:\/\/imagazine.it\/home_desk\/wp-json\/wp\/v2\/tags?post=43519"}],"curies":[{"name":"wp","href":"https:\/\/api.w.org\/{rel}","templated":true}]}}