{"id":43517,"date":"2022-04-22T00:00:00","date_gmt":"2022-04-21T23:00:00","guid":{"rendered":"https:\/\/imagazine.it\/?p=43517"},"modified":"2022-04-22T00:00:00","modified_gmt":"2022-04-21T23:00:00","slug":"una-vita-a-fumetti","status":"publish","type":"post","link":"https:\/\/imagazine.it\/home_desk\/una-vita-a-fumetti\/","title":{"rendered":"Una vita a fumetti"},"content":{"rendered":"<p> \tDa una parte l\u2019impegno nell\u2019azienda di famiglia. Dall\u2019altra la passione per il cinema, in particolare per la regia. Fino alla \u201cfuga\u201d a Roma per sostenere l\u2019esame attitudinale alla Libera Universit\u00e0 del Cinema, risultando il pi\u00f9 idoneo. Ma problemi familiari e lavorativi obbligano a una scelta. E <strong>Paolo Mizzan <\/strong>sceglie di mettere da parte i sogni e tornare a casa, a <strong>Trieste<\/strong>.<\/p>\n<p> \tMa i talenti artistici non si possono reprimere. Anzi, creano nuove idee e progettualit\u00e0. Scoprendo che per fare il regista non servono necessariamente attori o produttori. Perch\u00e9 le proprie storie visive possono arrivare al grande pubblico anche in altri modi.<\/p>\n<p> \t<strong>Paolo Mizzan come si \u00e8 avvicinato al mondo dei <em>Graphic Novel<\/em>?<\/strong><\/p>\n<p> \t\u00abAl di fuori degli \u2018albi\u2019 a fumetti che tutti leggevamo da piccoli, esiste una grande letteratura di romanzi rappresentati a fumetti, volumi autoconclusivi, detti <em>Graphic Novel. <\/em>Mi sono avvicinato a questo modo di racontare poich\u00e9, essendo un po\u2019 improbabile realizzare una mia aspirazione giovanile, ovvero creare sceneggiature per il cinema, ho realizzato che scrivere e disegnare un <em>Graphic Novel <\/em>\u00e8 come girare un film, in cui crei tu il soggetto, la sceneggiatura, scegli i volti dei personaggi, le \u2018location\u2019 che illustri, i testi e i dialoghi. E tutto questo nella tua stanza, come un regista che non ha bisogno di produttori\u00bb.<\/p>\n<p> \t<strong>Da dove trae ispirazione?<\/strong><\/p>\n<p> \t\u00abMi ispiro a soggetti che mi passano per la mente e provo a trasformarli in romanzi a fumetti, sebbene li \u2018penso\u2019 sempre rubando alcuni meccanismi al cinema: la voce fuori campo, molte vignette larghe come in \u2018cinemascope\u2019, aperture o chiusure in dissolvenza\u2026 Sono aspetti che non sempre si trovano nei fumetti, ma da cinefilo cerco di adattarli\u00bb.<\/p>\n<p> \t<strong>Da dove nasce la sua abilit\u00e0 nel disegno?<\/strong><\/p>\n<p> \t\u00abScherzando cito sempre le origini fiamminghe di mia madre, ma temo di non avere niente in comune con i pittori di quella scuola. Per\u00f2 quando da ignorante del campo ho provato a disegnare e soprattutto a colorare (sono pure daltonico) mi \u00e8 venuto naturale non usare un tratto \u2018pulito\u2019 o colorazioni curate, elementi maggioritari nei fumetti, bens\u00ec far prevalere un tratto cosiddetto \u2018sporco\u2019 e delle colorazioni prevalentemente ad acquarello, a volte fatte di getto, altre volte pi\u00f9 curate, ma che danno un risultato che nel settore chiamano \u2018pittorico\u2019. Pur non conoscendo il mondo dei fumetti, ho visto alcuni bellissimi <em>Graphic Novel <\/em>dell\u2019italiano Gipi:<\/p>\n<p> \tanche lui lavora in questo modo ed \u00e8 anni luce pi\u00f9 avanti. Ma \u00e8 sempre utile trovare dei riferimenti per potersi migliorare\u00bb.<\/p>\n<p> \t<strong>Nei suoi lavori c\u2019\u00e8 uno stretto legame con il territorio. Come mai?<\/strong><\/p>\n<p> \t\u00abA proposito di luoghi, una delle mie aspirazioni \u00e8 quella di rappresentare Trieste in modo sempre pi\u00f9 suggestivo: se prima il mio legame con la citt\u00e0 era un amore di tipo \u2018filiale\u2019, volevo cio\u00e8 bene a Trieste come si pu\u00f2 volerne a una madre, dopo le riqualificazioni il sentimento \u00e8 mutato in innamoramento totale. Ora Trieste \u00e8 diventata un set per molti registi, e anche alcuni fumettisti nazionali l\u2019hanno scelta per le loro storie. Essere di Trieste ti permette di conoscere ogni angolo, ogni scorcio, \u2018storie e pietre lasciate da imperi passati\u2019 e caratteristiche, anche culturali, che chi \u00e8 di fuori non potrebbe facilmente conoscere\u00bb.<\/p>\n<p> \t<strong>Quando disegna a cosa pensa?<\/strong><\/p>\n<p> \t\u00abIl vantaggio di realizzare fumetti, rispetto a chi deve scrivere un libro, \u00e8 che mentre disegni puoi pensare a tutt\u2019altro. Disegnare \u00e8 un modo di \u2018entrare\u2019 in una dimensione semi-astratta. Dicono che quando si disegna, si stimolano le ghiandole surrenali, di certo si prova una sensazione quasi terapeutica, a volte si ascolta della musica, che a sua volta stimola quella condizione di distacco, e pu\u00f2 ispirare il modo stesso in cui si disegna\u00bb.<\/p>\n<p> \t<strong>Nella sua biografia si evince che \u00e8 sempre stato attratto da ogni forma d\u2019arte\u2026<\/strong><\/p>\n<p> \t\u00abCi sono persone che hanno una predisposizione e un grande talento per una specifica arte e in quella si concentrano e ottengono i meritati traguardi, altre che, come nel mio caso, non hanno un talento specifico, ma sono attratte da tutti i campi creativi, il che non \u00e8 sempre un bene. Da adolescente mi attirava la musica complessa dei gruppi prog, cos\u00ec da autodidatta tiravo gi\u00f9 parti di chitarra complicate, da l\u00ec sono passato al piano a muro e per un periodo \u00e8 stata la mia passione. Ma quello che mi ha sempre attirato di pi\u00f9 \u00e8 stata la \u201cSettima arte\u201d. Forse perch\u00e9 il cinema \u00e8 il luogo in cui tutte le arti creative si incontrano: letteratura, musica, immagine, messaggio\u00bb.<\/p>\n<p> \t<strong>Perch\u00e9 nonostante il talento non ha fatto del disegno il suo lavoro?<\/strong><\/p>\n<p> \t\u00abPotrei scrivere un saggio su i pro e i contro di una famiglia patriarcale. Purtroppo, se ho nostalgia della iniziale bellezza di lavorare per mio padre, e gli aspetti a volte avventurosi di affrontare in famiglia le difficolt\u00e0 del lavoro e della vita, alla fine quasi tutti noi figli ci siamo trovati ad aver messo da parte le nostre ambizioni e predisposizioni. Va anche detto per\u00f2 che in Italia non esiste la ricerca del talento, bens\u00ec \u00e8 il povero \u2018ta lento\u2019 che deve cercare, con grande fatica, chi lo prenda in considerazione. Ci scherzo su, ma per definizione chi ha sensibilit\u00e0 creativa, raramente ha una personalit\u00e0 pragmatica e quindi la capacit\u00e0 di essere manager di se stesso. Ora in famiglia abbiamo deciso di riorganizzare gli orari e la nostra vita, cos\u00ec dalla scorsa estate ho iniziato a dedicarmi alle mie cose. E con i primi risultati\u00bb.<\/p>\n<p> \t<strong>Interessante il suo coinvolgimento con Lucia Krasovec nella mostra all\u2019interno del Mercato Coperto a Trieste: in cosa \u00e8 consistita questa esperienza?<\/strong><\/p>\n<p> \t\u00abLucia Krasovec \u00e8 un\u2019architettrice molto attiva. Ha avuto tra l\u2019altro incarico di progettare idee di rilancio del nostro Mercato Coperto: aveva gi\u00e0 realizzato una mostra al piano superiore, e avendo visto alcune mie vignette mi ha proposto di farne un\u2019esposizione, che si \u00e8 tenuta da luglio ad agosto 2021. Sono stato quasi imbarazzato del buon risultato, sia di visite che di commenti. Mi hanno anche proposto un manifesto pubblicitario per il teatro <strong><em>L<\/em><\/strong><em>\u2019Armonia<\/em>, per una reg\u00eca di Alessandra Privileggi; non avevo idea di come si facesse, per\u00f2 un giorno ho visto quel manifesto sui muri della citt\u00e0 ed \u00e8 stata anche questa una cosa bella e incoraggiante\u00bb.<\/p>\n<p> \t<strong>Quali sono le aspettative per il futuro?<\/strong><\/p>\n<p> \t\u00abDopo la mostra ho cercato di finire una delle due storie che sto disegnando. Sono due perch\u00e9 la prima, pi\u00f9 lunga e pi\u00f9 suggestiva, \u00e8 ancora eterogenea nello stile, poich\u00e9 di fatto imparavo a disegnare man mano che andavo avanti. La seconda \u00e8 pi\u00f9 breve e pi\u00f9 \u2018locale\u2019, adatta a chi conosce gi\u00e0 Trieste. Sto anche preparando delle sinossi di una decina di storie, da mandare in giro, parallelamente ad altre iniziative legate ai disegni\u00bb.<\/p>\n<p> \t\u00a0<\/p>\n<p> \tPotrete osservare i disegni di <strong>Paolo Mizzan<\/strong> nell\u2019esposizione <u><a href=\"http:\/\/www.imagazine.it\/eventi\/40280\" target=\"_blank\" rel=\"noopener\"><span style=\"color:#0000cd;\">\u201c<em>Trieste, altrove<\/em>\u201d, che sar\u00e0 allestita alla Galleria Stone a <strong>Cervignano del Friuli<\/strong><\/span><\/a><\/u>.<\/p>\n<p> \t\u00a0<\/p>\n","protected":false},"excerpt":{"rendered":"<p>Paolo Mizzan<\/p>\n","protected":false},"author":12,"featured_media":43518,"comment_status":"closed","ping_status":"closed","sticky":false,"template":"","format":"standard","meta":{"dwc-title":[],"dwc-content":[],"footnotes":""},"categories":[37],"tags":[],"class_list":["post-43517","post","type-post","status-publish","format-standard","has-post-thumbnail","hentry","category-cultura-e-spettacolo"],"rttpg_featured_image_url":{"full":["https:\/\/imagazine.it\/wp-content\/uploads\/2024\/01\/47252-1.webp",1000,696,false],"landscape":["https:\/\/imagazine.it\/wp-content\/uploads\/2024\/01\/47252-1.webp",1000,696,false],"portraits":["https:\/\/imagazine.it\/wp-content\/uploads\/2024\/01\/47252-1.webp",1000,696,false],"thumbnail":["https:\/\/imagazine.it\/wp-content\/uploads\/2024\/01\/47252-1-150x150.webp",150,150,true],"medium":["https:\/\/imagazine.it\/wp-content\/uploads\/2024\/01\/47252-1-300x209.webp",300,209,true],"large":["https:\/\/imagazine.it\/wp-content\/uploads\/2024\/01\/47252-1.webp",640,445,false],"thumblist":["https:\/\/imagazine.it\/wp-content\/uploads\/2024\/01\/47252-1.webp",300,209,false],"thumbrelated":["https:\/\/imagazine.it\/wp-content\/uploads\/2024\/01\/47252-1.webp",500,348,false],"meccarouselthumb":["https:\/\/imagazine.it\/wp-content\/uploads\/2024\/01\/47252-1.webp",466,324,false],"gridsquare":["https:\/\/imagazine.it\/wp-content\/uploads\/2024\/01\/47252-1.webp",374,260,false],"tileview":["https:\/\/imagazine.it\/wp-content\/uploads\/2024\/01\/47252-1.webp",300,209,false],"1536x1536":["https:\/\/imagazine.it\/wp-content\/uploads\/2024\/01\/47252-1.webp",1000,696,false],"2048x2048":["https:\/\/imagazine.it\/wp-content\/uploads\/2024\/01\/47252-1.webp",1000,696,false],"newsup-slider-full":["https:\/\/imagazine.it\/wp-content\/uploads\/2024\/01\/47252-1.webp",1000,696,false],"newsup-featured":["https:\/\/imagazine.it\/wp-content\/uploads\/2024\/01\/47252-1.webp",1000,696,false],"newsup-medium":["https:\/\/imagazine.it\/wp-content\/uploads\/2024\/01\/47252-1-720x380.webp",720,380,true],"tptn_thumbnail":["https:\/\/imagazine.it\/wp-content\/uploads\/2024\/01\/47252-1.webp",250,174,false],"sow-carousel-default":["https:\/\/imagazine.it\/wp-content\/uploads\/2024\/01\/47252-1-272x182.webp",272,182,true]},"rttpg_author":{"display_name":"Claudio Pizzin","author_link":"https:\/\/imagazine.it\/home_desk\/author\/pizzin\/"},"rttpg_comment":0,"rttpg_category":"<a href=\"https:\/\/imagazine.it\/home_desk\/category\/cultura-e-spettacolo\/\" rel=\"category tag\">CULTURA&amp;SPETTACOLO<\/a>","rttpg_excerpt":"Paolo Mizzan","_links":{"self":[{"href":"https:\/\/imagazine.it\/home_desk\/wp-json\/wp\/v2\/posts\/43517","targetHints":{"allow":["GET"]}}],"collection":[{"href":"https:\/\/imagazine.it\/home_desk\/wp-json\/wp\/v2\/posts"}],"about":[{"href":"https:\/\/imagazine.it\/home_desk\/wp-json\/wp\/v2\/types\/post"}],"author":[{"embeddable":true,"href":"https:\/\/imagazine.it\/home_desk\/wp-json\/wp\/v2\/users\/12"}],"replies":[{"embeddable":true,"href":"https:\/\/imagazine.it\/home_desk\/wp-json\/wp\/v2\/comments?post=43517"}],"version-history":[{"count":0,"href":"https:\/\/imagazine.it\/home_desk\/wp-json\/wp\/v2\/posts\/43517\/revisions"}],"wp:featuredmedia":[{"embeddable":true,"href":"https:\/\/imagazine.it\/home_desk\/wp-json\/wp\/v2\/media\/43518"}],"wp:attachment":[{"href":"https:\/\/imagazine.it\/home_desk\/wp-json\/wp\/v2\/media?parent=43517"}],"wp:term":[{"taxonomy":"category","embeddable":true,"href":"https:\/\/imagazine.it\/home_desk\/wp-json\/wp\/v2\/categories?post=43517"},{"taxonomy":"post_tag","embeddable":true,"href":"https:\/\/imagazine.it\/home_desk\/wp-json\/wp\/v2\/tags?post=43517"}],"curies":[{"name":"wp","href":"https:\/\/api.w.org\/{rel}","templated":true}]}}