{"id":43515,"date":"2022-04-23T00:00:00","date_gmt":"2022-04-22T23:00:00","guid":{"rendered":"https:\/\/imagazine.it\/?p=43515"},"modified":"2022-04-23T00:00:00","modified_gmt":"2022-04-22T23:00:00","slug":"monfalcone-un-monumento-per-i-caduti-di-tutte-le-forze-dellordine","status":"publish","type":"post","link":"https:\/\/imagazine.it\/home_desk\/monfalcone-un-monumento-per-i-caduti-di-tutte-le-forze-dellordine\/","title":{"rendered":"Monfalcone, un monumento per i Caduti di tutte le Forze dell\u2019Ordine"},"content":{"rendered":"<p> \tInaugurato in Piazza Falcone e Borsellino, a <strong>Monfalcone<\/strong>, il <strong>monumento dedicato ai Caduti di tutte le Forze dell\u2019Ordine<\/strong>, realizzato dal <u><a href=\"http:\/\/www.imagazine.it\/notizie-trieste-gorizia-udine-friuli\/5253\" target=\"_blank\" rel=\"noopener\"><span style=\"color:#0000cd;\">Maestro d&#39;Arte <strong>Angelo Simonetti<\/strong><\/span><\/a><\/u> e posto ai piedi di un albero di ulivo, simbolo internazionale di pace.<\/p>\n<p> \tA commissionarlo \u00e8 stato il Comitato Locale I.P.A. (International Police Association) di Monfalcone assieme al Comune di Monfalcone.<\/p>\n<p> \tL&#39;International Police Association nel contesto internazionale \u00e8 un organo del Consiglio Economico e Sociale d&#39;Europa, dell&#39;ONU e dell&#39;O.A.S.. Recentemente gli \u00e8 stato conferito lo status di &#8220;International NGO&#8221; maintaining operational relations within the Unesco.<\/p>\n<p> \tL&#39;Associazione \u00e8 presente in 65 Stati sparsi nei 6 Continenti rispetta i diritti dell&#39;Uomo e preserva la Pace Universale, promuove la cultura della legalit\u00e0 e pace tra i popoli. L&#39;I.P.A. raggruppa al suo interno le Forze di Polizia ad ordinamento statale (Arma dei Carabinieri, Polizia di Stato, Guardia di Finanza, Corpo Forestale, Polizia Penitenziaria), nonch\u00e8 quelli ad ordinamento Locale (Provinciale e Municipale), i Vigili del Fuoco dello Stato e delle Autonomie Locali e la Capitaneria di Porto (Guardia Costiera).<\/p>\n<p> \t<strong>Giancarlo Bonomo<\/strong>, critico d\u2019arte, cos\u00ec ha valutato l\u2019opera: \u201cLa compattezza del complesso scultoreo, la levigatezza delle superfici lavorate con metodo e maestria, unitamente al gusto astratto di sintesi nell&#39;indeterminatezza di alcuni dettagli ricavati dalla pietra, sono gli elementi che conferiscono all&#39;opera non solo un carattere di estrema contemporaneit\u00e0, ma la qualificano come testimonianza di un gusto esecutivo di sicuro valore, destinata a rimanere, incorruttibile, nel tempo. La figura massiccia ed imponente dell&#39;Arcangelo Gabriele, privo di connotazioni esplicite nel volto ma riconoscibile nella sagoma arrotondata da un elmo gigantesco con la forma di un&#39;ala, sovrasta vittorioso il demonio, riconoscibile a sua volta, per converso, dalla caratteristica connotazione iconografica. La pesante lancia della Giustizia del Bene trafigge il suo capo gi\u00e0 tagliato, scongiurando cos\u00ec il terrificante influsso malefico. Con quest&#39;opera simbolica pregna di esplicita sacralit\u00e0, quanto mai attuale nel tema, Angelo Simonetti conferma la peculiare tradizione degli scultori di Scuola napoletana e, attraverso la conquista della materia plasmata con faticoso impegno, suscita negli spettatori pathos, coinvolgimento ed autentica commozione che pervade le ragioni del Cuore e della Mente nella profondissima riflessione\u201d.<\/p>\n<p> \tInoltre nel contempo \u00e8 stata inaugurata, nel vicino Palazzetto Veneto, una mostra di pittura, nella quale esporranno i pittori: Giorgio Butt\u00f2, Vincenzo Marega, Liviana Micoli, Vaccaro Tiziana, Vladimiro Dijust, Tanja Grgorocic (Croazia), Agostino Forte, Claudio Nimis, Gerhard Mayer (Villach), Brugger (Klagenfurt), Pierpaolo Freschi, Angelo Simonetti. I quadri, esposti solo sabato 23 aprile, saranno visibili su facebook nella pagina del IPA Monfalcone. \u00a0\u00a0\u00a0\u00a0<\/p>\n<p> \t\u00a0<\/p>\n","protected":false},"excerpt":{"rendered":"<p>In piazza Falcone e Borsellino<\/p>\n","protected":false},"author":22,"featured_media":43516,"comment_status":"closed","ping_status":"closed","sticky":false,"template":"","format":"standard","meta":{"dwc-title":[],"dwc-content":[],"footnotes":""},"categories":[5],"tags":[],"class_list":["post-43515","post","type-post","status-publish","format-standard","has-post-thumbnail","hentry","category-attualita"],"rttpg_featured_image_url":{"full":["https:\/\/imagazine.it\/wp-content\/uploads\/2024\/01\/47285-1.webp",800,531,false],"landscape":["https:\/\/imagazine.it\/wp-content\/uploads\/2024\/01\/47285-1.webp",800,531,false],"portraits":["https:\/\/imagazine.it\/wp-content\/uploads\/2024\/01\/47285-1.webp",800,531,false],"thumbnail":["https:\/\/imagazine.it\/wp-content\/uploads\/2024\/01\/47285-1-150x150.webp",150,150,true],"medium":["https:\/\/imagazine.it\/wp-content\/uploads\/2024\/01\/47285-1-300x199.webp",300,199,true],"large":["https:\/\/imagazine.it\/wp-content\/uploads\/2024\/01\/47285-1.webp",640,425,false],"thumblist":["https:\/\/imagazine.it\/wp-content\/uploads\/2024\/01\/47285-1.webp",300,199,false],"thumbrelated":["https:\/\/imagazine.it\/wp-content\/uploads\/2024\/01\/47285-1.webp",500,332,false],"meccarouselthumb":["https:\/\/imagazine.it\/wp-content\/uploads\/2024\/01\/47285-1.webp",474,315,false],"gridsquare":["https:\/\/imagazine.it\/wp-content\/uploads\/2024\/01\/47285-1.webp",391,260,false],"tileview":["https:\/\/imagazine.it\/wp-content\/uploads\/2024\/01\/47285-1.webp",300,199,false],"1536x1536":["https:\/\/imagazine.it\/wp-content\/uploads\/2024\/01\/47285-1.webp",800,531,false],"2048x2048":["https:\/\/imagazine.it\/wp-content\/uploads\/2024\/01\/47285-1.webp",800,531,false],"newsup-slider-full":["https:\/\/imagazine.it\/wp-content\/uploads\/2024\/01\/47285-1.webp",800,531,false],"newsup-featured":["https:\/\/imagazine.it\/wp-content\/uploads\/2024\/01\/47285-1.webp",800,531,false],"newsup-medium":["https:\/\/imagazine.it\/wp-content\/uploads\/2024\/01\/47285-1-720x380.webp",720,380,true],"tptn_thumbnail":["https:\/\/imagazine.it\/wp-content\/uploads\/2024\/01\/47285-1.webp",250,166,false],"sow-carousel-default":["https:\/\/imagazine.it\/wp-content\/uploads\/2024\/01\/47285-1-272x182.webp",272,182,true]},"rttpg_author":{"display_name":"Livio Nonis","author_link":"https:\/\/imagazine.it\/home_desk\/author\/nonis\/"},"rttpg_comment":0,"rttpg_category":"<a href=\"https:\/\/imagazine.it\/home_desk\/category\/attualita\/\" rel=\"category tag\">ATTUALIT\u00c0<\/a>","rttpg_excerpt":"In piazza Falcone e Borsellino","_links":{"self":[{"href":"https:\/\/imagazine.it\/home_desk\/wp-json\/wp\/v2\/posts\/43515","targetHints":{"allow":["GET"]}}],"collection":[{"href":"https:\/\/imagazine.it\/home_desk\/wp-json\/wp\/v2\/posts"}],"about":[{"href":"https:\/\/imagazine.it\/home_desk\/wp-json\/wp\/v2\/types\/post"}],"author":[{"embeddable":true,"href":"https:\/\/imagazine.it\/home_desk\/wp-json\/wp\/v2\/users\/22"}],"replies":[{"embeddable":true,"href":"https:\/\/imagazine.it\/home_desk\/wp-json\/wp\/v2\/comments?post=43515"}],"version-history":[{"count":0,"href":"https:\/\/imagazine.it\/home_desk\/wp-json\/wp\/v2\/posts\/43515\/revisions"}],"wp:featuredmedia":[{"embeddable":true,"href":"https:\/\/imagazine.it\/home_desk\/wp-json\/wp\/v2\/media\/43516"}],"wp:attachment":[{"href":"https:\/\/imagazine.it\/home_desk\/wp-json\/wp\/v2\/media?parent=43515"}],"wp:term":[{"taxonomy":"category","embeddable":true,"href":"https:\/\/imagazine.it\/home_desk\/wp-json\/wp\/v2\/categories?post=43515"},{"taxonomy":"post_tag","embeddable":true,"href":"https:\/\/imagazine.it\/home_desk\/wp-json\/wp\/v2\/tags?post=43515"}],"curies":[{"name":"wp","href":"https:\/\/api.w.org\/{rel}","templated":true}]}}