{"id":43511,"date":"2022-04-22T00:00:00","date_gmt":"2022-04-21T23:00:00","guid":{"rendered":"https:\/\/imagazine.it\/?p=43511"},"modified":"2022-04-22T00:00:00","modified_gmt":"2022-04-21T23:00:00","slug":"anna-lutman-nuovo-direttore-generale-di-arpa-fvg","status":"publish","type":"post","link":"https:\/\/imagazine.it\/home_desk\/anna-lutman-nuovo-direttore-generale-di-arpa-fvg\/","title":{"rendered":"Anna Lutman nuovo direttore generale di Arpa Fvg"},"content":{"rendered":"<p> \tGi\u00e0 direttore tecnico scientifico dell&#39;Agenzia regionale per la protezione dell&#39;ambiente del Friuli Venezia Giulia (Arpa) dal 2019, <strong>Anna Lutman<\/strong> sar\u00e0 il <strong>nuovo direttore generale di Arpa Fvg<\/strong>.<\/p>\n<p> \tLo ha deciso questa mattina la Giunta del Friuli Venezia Giulia approvando una delibera di indirizzo su proposta dell&#39;assessore regionale alla Difesa dell&#39;ambiente, Energia e Sviluppo sostenibile, <strong>Fabio Scoccimarro<\/strong>.<\/p>\n<p> \tAnna Lutman si \u00e8 laureata in chimica all&#39;Universit\u00e0 di Trieste. Ha iniziato il suo percorso lavorativo all&#39;Universit\u00e0 di Udine per poi diventare dirigente presso il laboratorio chimico del Presidio multizonale di prevenzione dell&#39;Usl 7 Udinese, assumendo poi, per 10 anni, l&#39;incarico di responsabile del laboratorio di Udine dell&#39;Arpa Fvg.<br \/> \tSempre per Arpa Friuli Venezia Giulia, ha ricoperto il ruolo di dirigente responsabile della struttura pareri e supporto alle autorizzazioni ambientali conseguendo anche il titolo di ispettore Seveso per le aziende a Rischio di incidente rilevante (Rir).<\/p>\n<p> \t\u00c8 stata rappresentante per Arpa Fvg del Gruppo di lavoro interdirezionale per gli adempimenti della Direttiva nitrati e responsabile dell&#39;attivit\u00e0 di coordinamento per la definizione dei valori chimici di riferimento locali, sull&#39;intero arco costiero.<\/p>\n<p> \tDal 2018 al 2019 ha ricoperto in Regione il ruolo di direttore del servizio gestione risorse idriche nella Direzione centrale difesa dell&#39;ambiente, energia e sviluppo sostenibile rappresentando la Regione Friuli Venezia Giulia nel Comitato tecnico per la strategia marina e nella conferenza operativa dell&#39;Autorit\u00e0 di bacino delle Alpi orientali.<\/p>\n<p> \tAnna Lutman sar\u00e0 l&#39;<strong>unica<\/strong> <strong>donna direttore generale Arpa in Italia<\/strong>. La scelta \u00e8 stata proposta dall&#39;assessore alla Difesa dell&#39;ambiente al governatore che poi la nominer\u00e0 formalmente.<\/p>\n","protected":false},"excerpt":{"rendered":"<p>Decisione della Giunta regionale<\/p>\n","protected":false},"author":28,"featured_media":43512,"comment_status":"closed","ping_status":"closed","sticky":false,"template":"","format":"standard","meta":{"dwc-title":[],"dwc-content":[],"footnotes":""},"categories":[5],"tags":[],"class_list":["post-43511","post","type-post","status-publish","format-standard","has-post-thumbnail","hentry","category-attualita"],"rttpg_featured_image_url":{"full":["https:\/\/imagazine.it\/wp-content\/uploads\/2024\/01\/47243-1.webp",1599,1200,false],"landscape":["https:\/\/imagazine.it\/wp-content\/uploads\/2024\/01\/47243-1.webp",1599,1200,false],"portraits":["https:\/\/imagazine.it\/wp-content\/uploads\/2024\/01\/47243-1.webp",1599,1200,false],"thumbnail":["https:\/\/imagazine.it\/wp-content\/uploads\/2024\/01\/47243-1-150x150.webp",150,150,true],"medium":["https:\/\/imagazine.it\/wp-content\/uploads\/2024\/01\/47243-1-300x225.webp",300,225,true],"large":["https:\/\/imagazine.it\/wp-content\/uploads\/2024\/01\/47243-1-1024x768.webp",640,480,true],"thumblist":["https:\/\/imagazine.it\/wp-content\/uploads\/2024\/01\/47243-1.webp",300,225,false],"thumbrelated":["https:\/\/imagazine.it\/wp-content\/uploads\/2024\/01\/47243-1.webp",500,375,false],"meccarouselthumb":["https:\/\/imagazine.it\/wp-content\/uploads\/2024\/01\/47243-1.webp",432,324,false],"gridsquare":["https:\/\/imagazine.it\/wp-content\/uploads\/2024\/01\/47243-1.webp",346,260,false],"tileview":["https:\/\/imagazine.it\/wp-content\/uploads\/2024\/01\/47243-1.webp",300,225,false],"1536x1536":["https:\/\/imagazine.it\/wp-content\/uploads\/2024\/01\/47243-1-1536x1153.webp",1536,1153,true],"2048x2048":["https:\/\/imagazine.it\/wp-content\/uploads\/2024\/01\/47243-1.webp",1599,1200,false],"newsup-slider-full":["https:\/\/imagazine.it\/wp-content\/uploads\/2024\/01\/47243-1-1280x720.webp",1280,720,true],"newsup-featured":["https:\/\/imagazine.it\/wp-content\/uploads\/2024\/01\/47243-1-1024x768.webp",1024,768,true],"newsup-medium":["https:\/\/imagazine.it\/wp-content\/uploads\/2024\/01\/47243-1-720x380.webp",720,380,true],"tptn_thumbnail":["https:\/\/imagazine.it\/wp-content\/uploads\/2024\/01\/47243-1.webp",250,188,false],"sow-carousel-default":["https:\/\/imagazine.it\/wp-content\/uploads\/2024\/01\/47243-1-272x182.webp",272,182,true]},"rttpg_author":{"display_name":"redazione","author_link":"https:\/\/imagazine.it\/home_desk\/author\/redazione\/"},"rttpg_comment":0,"rttpg_category":"<a href=\"https:\/\/imagazine.it\/home_desk\/category\/attualita\/\" rel=\"category tag\">ATTUALIT\u00c0<\/a>","rttpg_excerpt":"Decisione della Giunta regionale","_links":{"self":[{"href":"https:\/\/imagazine.it\/home_desk\/wp-json\/wp\/v2\/posts\/43511","targetHints":{"allow":["GET"]}}],"collection":[{"href":"https:\/\/imagazine.it\/home_desk\/wp-json\/wp\/v2\/posts"}],"about":[{"href":"https:\/\/imagazine.it\/home_desk\/wp-json\/wp\/v2\/types\/post"}],"author":[{"embeddable":true,"href":"https:\/\/imagazine.it\/home_desk\/wp-json\/wp\/v2\/users\/28"}],"replies":[{"embeddable":true,"href":"https:\/\/imagazine.it\/home_desk\/wp-json\/wp\/v2\/comments?post=43511"}],"version-history":[{"count":0,"href":"https:\/\/imagazine.it\/home_desk\/wp-json\/wp\/v2\/posts\/43511\/revisions"}],"wp:featuredmedia":[{"embeddable":true,"href":"https:\/\/imagazine.it\/home_desk\/wp-json\/wp\/v2\/media\/43512"}],"wp:attachment":[{"href":"https:\/\/imagazine.it\/home_desk\/wp-json\/wp\/v2\/media?parent=43511"}],"wp:term":[{"taxonomy":"category","embeddable":true,"href":"https:\/\/imagazine.it\/home_desk\/wp-json\/wp\/v2\/categories?post=43511"},{"taxonomy":"post_tag","embeddable":true,"href":"https:\/\/imagazine.it\/home_desk\/wp-json\/wp\/v2\/tags?post=43511"}],"curies":[{"name":"wp","href":"https:\/\/api.w.org\/{rel}","templated":true}]}}