{"id":43507,"date":"2022-04-22T00:00:00","date_gmt":"2022-04-21T23:00:00","guid":{"rendered":"https:\/\/imagazine.it\/?p=43507"},"modified":"2022-04-22T00:00:00","modified_gmt":"2022-04-21T23:00:00","slug":"cervignano-campisi-confermato-alla-guida-dellafds","status":"publish","type":"post","link":"https:\/\/imagazine.it\/home_desk\/cervignano-campisi-confermato-alla-guida-dellafds\/","title":{"rendered":"Cervignano, Campisi confermato alla guida dell&#8217;AFDS"},"content":{"rendered":"<p> \tSar\u00e0 ancora <strong>Sandro Campisi<\/strong> a guidare la sezione cervignanese dell\u2019<strong>AFDS <\/strong>(Associazione Friulana Donatori di Sangue).<\/p>\n<p> \tUna decisione presa dal nuovo consiglio direttivo dell\u2019associazione, costituitosi in seguito all\u2019assemblea elettiva di tutti i tesserati.<\/p>\n<p> \tUn direttivo composto, oltre dal presidente Campisi, anche dal vicepresidente <strong>Mattia Martini<\/strong>, dalla segretaria <strong>Lucrezia Toncig<\/strong>, dal rappresentante sezionale <strong>Luca Zanier<\/strong>, e dai consiglieri <strong>Denis Godeas<\/strong>, <strong>Giuseppe Gonella<\/strong>, <strong>Daniele Cettolo<\/strong>, <strong>Desir\u00e9e Mosca<\/strong>, <strong>Angelo Tancredi<\/strong>, <strong>Elena Morsut<\/strong> e <strong>Federico Cecot<\/strong>.<\/p>\n<p> \t\u201cRispetto al direttivo uscente \u2013 sottolinea Campisi \u2013 sono cinque i nuovi consiglieri, provenienti da varie realt\u00e0 associative della citt\u00e0, che daranno ulteriore forza alle attivit\u00e0 della sezione e sicuramente porteranno anche nuove idee e progetti da attuare\u201d.\u00a0<\/p>\n<p> \tNonostante gli ultimi due anni caratterizzati dalla pandemia, la sezione ha portato avanti la sua principale finalit\u00e0: sensibilizzare al dono del sangue, organizzare donazioni tramite l&#39;autoemoteca e presso i centri trasfusionali nonch\u00e9 sopperire alle carenze di sacche di sangue che si manifestano nel tempo.\u00a0<\/p>\n<p> \t\u201cL&#39;AFDS \u2013 aggiunge il presidente \u2013 \u00e8 stata forse l&#39;unica associazione che ha avuto la fortuna di non doversi fermare, se non nelle attivit\u00e0 sociali e aggregative, anzi ha dato un grande contributo nell\u2019assicurare la continuit\u00e0 nell\u2019assistenza ai malati, anche se non correlata alle cure per il virus. Il 23 marzo del 2020, appena iniziato il lockdown, eravamo senza mascherine perch\u00e9 non erano ancora reperibili, l&#39;autoemoteca era presente a Cervignano e nonostante il disorientamento collettivo siamo riusciti a fare 20 donazioni continuando nel tempo a dare il nostro contributo che altrimenti sarebbe mancato. Questo rimarca come i donatori siano sempre pronti in prima linea di fronte alla necessit\u00e0. Un immenso grazie va a loro che si sono resi disponibili e non si sono tirati indietro nemmeno nei momenti pi\u00f9 duri\u201d.\u00a0<\/p>\n<p> \tL&#39;anno 2021 \u00e8 stato concluso con <strong>346 donazioni complessive<\/strong> di cui 227 di sangue intero, 117 di plasma da aferesi e 2 di piastrine, 11 in pi\u00f9 rispetto all&#39;anno precedente e <strong>22 nuovi donatori<\/strong> iscritti che portano gli <strong>associati a un totale di 403<\/strong>.<\/p>\n<p> \t\u201cUn risultato \u2013 conclude Campisi \u2013 che deve stimolarci ad affrontare questo nuovo mandato con ancora pi\u00f9 grinta, nella speranza di poter riprendere tutte le attivit\u00e0 informative, culturali e di aggregazione che negli ultimi due anni purtroppo sono state sospese. Abbiamo intenzione di riprendere alcuni progetti con altre associazioni locali che durante lo scorso mandato non siamo riusciti a realizzare a causa dell&#39;arrivo della pandemia; il lavoro di sensibilizzazione nelle scuole \u00e8 da poco ripreso in presenza e continueremo a curarlo e migliorarlo al fine di portare sempre pi\u00f9 diciottenni alla prima donazione. Lavoreremo anche nell&#39;ottica dei festeggiamenti del prossimo anno in occasione del 60\u00b0 di fondazione della sezione\u201d.<\/p>\n<p> \t\u00a0<\/p>\n","protected":false},"excerpt":{"rendered":"<p>Rinnovato il consiglio direttivo<\/p>\n","protected":false},"author":28,"featured_media":43508,"comment_status":"closed","ping_status":"closed","sticky":false,"template":"","format":"standard","meta":{"dwc-title":[],"dwc-content":[],"footnotes":""},"categories":[5],"tags":[],"class_list":["post-43507","post","type-post","status-publish","format-standard","has-post-thumbnail","hentry","category-attualita"],"rttpg_featured_image_url":{"full":["https:\/\/imagazine.it\/wp-content\/uploads\/2024\/01\/47241-1.webp",1000,683,false],"landscape":["https:\/\/imagazine.it\/wp-content\/uploads\/2024\/01\/47241-1.webp",1000,683,false],"portraits":["https:\/\/imagazine.it\/wp-content\/uploads\/2024\/01\/47241-1.webp",1000,683,false],"thumbnail":["https:\/\/imagazine.it\/wp-content\/uploads\/2024\/01\/47241-1-150x150.webp",150,150,true],"medium":["https:\/\/imagazine.it\/wp-content\/uploads\/2024\/01\/47241-1-300x205.webp",300,205,true],"large":["https:\/\/imagazine.it\/wp-content\/uploads\/2024\/01\/47241-1.webp",640,437,false],"thumblist":["https:\/\/imagazine.it\/wp-content\/uploads\/2024\/01\/47241-1.webp",300,205,false],"thumbrelated":["https:\/\/imagazine.it\/wp-content\/uploads\/2024\/01\/47241-1.webp",500,342,false],"meccarouselthumb":["https:\/\/imagazine.it\/wp-content\/uploads\/2024\/01\/47241-1.webp",474,324,false],"gridsquare":["https:\/\/imagazine.it\/wp-content\/uploads\/2024\/01\/47241-1.webp",381,260,false],"tileview":["https:\/\/imagazine.it\/wp-content\/uploads\/2024\/01\/47241-1.webp",300,205,false],"1536x1536":["https:\/\/imagazine.it\/wp-content\/uploads\/2024\/01\/47241-1.webp",1000,683,false],"2048x2048":["https:\/\/imagazine.it\/wp-content\/uploads\/2024\/01\/47241-1.webp",1000,683,false],"newsup-slider-full":["https:\/\/imagazine.it\/wp-content\/uploads\/2024\/01\/47241-1.webp",1000,683,false],"newsup-featured":["https:\/\/imagazine.it\/wp-content\/uploads\/2024\/01\/47241-1.webp",1000,683,false],"newsup-medium":["https:\/\/imagazine.it\/wp-content\/uploads\/2024\/01\/47241-1-720x380.webp",720,380,true],"tptn_thumbnail":["https:\/\/imagazine.it\/wp-content\/uploads\/2024\/01\/47241-1.webp",250,171,false],"sow-carousel-default":["https:\/\/imagazine.it\/wp-content\/uploads\/2024\/01\/47241-1-272x182.webp",272,182,true]},"rttpg_author":{"display_name":"redazione","author_link":"https:\/\/imagazine.it\/home_desk\/author\/redazione\/"},"rttpg_comment":0,"rttpg_category":"<a href=\"https:\/\/imagazine.it\/home_desk\/category\/attualita\/\" rel=\"category tag\">ATTUALIT\u00c0<\/a>","rttpg_excerpt":"Rinnovato il consiglio direttivo","_links":{"self":[{"href":"https:\/\/imagazine.it\/home_desk\/wp-json\/wp\/v2\/posts\/43507","targetHints":{"allow":["GET"]}}],"collection":[{"href":"https:\/\/imagazine.it\/home_desk\/wp-json\/wp\/v2\/posts"}],"about":[{"href":"https:\/\/imagazine.it\/home_desk\/wp-json\/wp\/v2\/types\/post"}],"author":[{"embeddable":true,"href":"https:\/\/imagazine.it\/home_desk\/wp-json\/wp\/v2\/users\/28"}],"replies":[{"embeddable":true,"href":"https:\/\/imagazine.it\/home_desk\/wp-json\/wp\/v2\/comments?post=43507"}],"version-history":[{"count":0,"href":"https:\/\/imagazine.it\/home_desk\/wp-json\/wp\/v2\/posts\/43507\/revisions"}],"wp:featuredmedia":[{"embeddable":true,"href":"https:\/\/imagazine.it\/home_desk\/wp-json\/wp\/v2\/media\/43508"}],"wp:attachment":[{"href":"https:\/\/imagazine.it\/home_desk\/wp-json\/wp\/v2\/media?parent=43507"}],"wp:term":[{"taxonomy":"category","embeddable":true,"href":"https:\/\/imagazine.it\/home_desk\/wp-json\/wp\/v2\/categories?post=43507"},{"taxonomy":"post_tag","embeddable":true,"href":"https:\/\/imagazine.it\/home_desk\/wp-json\/wp\/v2\/tags?post=43507"}],"curies":[{"name":"wp","href":"https:\/\/api.w.org\/{rel}","templated":true}]}}