{"id":43501,"date":"2022-04-22T00:00:00","date_gmt":"2022-04-21T23:00:00","guid":{"rendered":"https:\/\/imagazine.it\/?p=43501"},"modified":"2022-04-22T00:00:00","modified_gmt":"2022-04-21T23:00:00","slug":"udine-colum-mccann-vince-il-premio-terzani","status":"publish","type":"post","link":"https:\/\/imagazine.it\/home_desk\/udine-colum-mccann-vince-il-premio-terzani\/","title":{"rendered":"Udine, Colum McCann vince il Premio Terzani"},"content":{"rendered":"<p> \tVa a <strong>Colum McCann <\/strong>per <strong><em>Apeirogon <\/em><\/strong>(Feltrinelli) la 18^ edizione del<strong> Premio letterario internazionale Tiziano Terzani<\/strong>, riconoscimento istituito e promosso dall\u2019associazione culturale vicino\/lontano di Udine insieme alla famiglia Terzani<strong>,<\/strong> nel nome del grande giornalista e scrittore fiorentino.<\/p>\n<p> \tLo ha annunciato oggi la presidente di Giuria<strong> Angela Terzani Staude<\/strong>, moglie di Tiziano Terzani, sottolineando come \u00abmentre l&#39;orrore della guerra bussa di nuovo alle porte d&#39;Europa, Colum McCann ci regala una speranza, mostrandoci che sotto le logiche della politica, e della geopolitica, si muovono persone \u2013 e sono tante \u2013 che al dolore della perdita, all&#39;umiliazione della sconfitta, hanno deciso di contrapporre, dal basso, una coraggiosa, instancabile ricerca del dialogo. Alle loro voci Colum McCann unisce la sua, indicandoci la necessit\u00e0 di una nuova consapevolezza: in un mondo dominato dal caos, abbiamo il dovere di \u201cabbracciare la confusione\u201d, ma dobbiamo farlo insieme, e dobbiamo farlo subito, imparando a condividere quest&#39;unica Terra. E viverci in pace\u00bb.<\/p>\n<p> \tColum McCann ricever\u00e0 il Premio Terzani <strong>sabato 14 maggio a Udine <\/strong>(ore 21, Teatro Nuovo Giovanni da Udine).<\/p>\n<p> \tSar\u00e0 il protagonista della serata-evento che rappresenta da sempre il momento centrale del festival vicino\/lontano, quest\u2019anno in programma dall\u201911 al 15 maggio nella sua XVIII edizione. Colum McCann dialogher\u00e0 con la giornalista, scrittrice e regista<strong> Francesca Mannocchi<\/strong>, in queste settimane inviata in Ucraina per La7<strong>. <\/strong>Per la parte musicale \u00e8 previsto, in collaborazione con Euritmica, l\u2019intervento dei<strong> Radiodervish<\/strong>.<\/p>\n<p> \tFin dal giorno prima \u2013<strong> venerd\u00ec 13, alle 18, in San Francesco <\/strong>\u2013 si potr\u00e0 fare la conoscenza dell&#39;opera vincitrice, ascoltando la voce di due attori,<strong> Massimo Somaglino e Alessandro Lussiana<\/strong>, che proporranno al pubblico di vicino\/lontano una lettura scenica di alcune pagine significative del romanzo.\u00a0<\/p>\n<p> \tIl romanzo prende il nome dal poligono \u2013 apeirogon \u2013 con un numero infinito di lati. Ne evoca anche la struttura, \u201caperta\u201d e circolare, che scardina ogni impianto narrativo tradizionale con un\u2019esplosione di mille e uno frammenti. Come le Mille e una notte di Sherazade. Come i punti di vista da cui l&#39;israeliano Rami e il palestinese Bassam \u2013 due padri reali divenuti qui personaggi letterari \u2013 cercano di comprendere una realt\u00e0 troppo complessa per essere osservata, e giudicata, da un unico lato. Brandelli di un conflitto eterno e senza apparente soluzione, fatto di rudimentali deltaplani, di fionde e di pietre colorate che volano nell&#39;aria, di camion militari e di camion civili fermi ai posti di blocco, di campi profughi e di improvvisi agguati mortali, di fumogeni che soffocano il respiro e di bombe incendiarie. E una pace che non vuol &#8220;volare&#8221;.<\/p>\n<p> \t\u00c8 questo lo scenario in cui si muovono Rami e Bassam.\u00a0 Ed \u00e8 il dolore di questi due padri il motore di tutta la narrazione.\u00a0<\/p>\n<p> \t\u00abLo strazio indicibile \u2013 recita la motivazione \u2013 il lutto cui nessuna lingua ha saputo dare un nome, per la perdita delle proprie bambine, uccise ciascuna dalla guerra dell&#39;altro, squarcia le loro vite \u2013 e scuote in profondit\u00e0 le nostre coscienze \u2013 ma sorprendentemente li trasforma in uomini di pace: complici di una nuova battaglia da combattere insieme, imbracciando come unica arma il comune dolore di padri. Contro la tentazione della vendetta e la trappola dell&#39;odio. Nel segno della piet\u00e0 e della compassione\u201d.<\/p>\n<p> \tEd \u00e8 \u00abper la raffinata qualit\u00e0 letteraria di questo libro dalla struttura originale, di irresistibile potenza evocativa, per l\u2019appello urgente che contiene \u2013 ha concluso Angela Terzani \u2013 che la giuria ha scelto di conferire il Premio Letterario Internazionale Tiziano Terzani 2022 a Colum McCann\u00bb.<\/p>\n<p> \tLa Giuria che ha assegnato il prestigioso riconoscimento \u00e8 composta da <strong>Enza Campino, Toni Capuozzo, Marco Del Corona, Andrea Filippi, Milena Gabanelli, Nicola Gasbarro, Ettore Mo, Carla Nicolini, Marco Pacini, Paolo Pecile, Remo Politeo, Marino Sinibaldi.<\/strong><\/p>\n<p> \tRiconoscendo il grande valore di tutte le opere candidate, <strong>Angela Terzani ha voluto ricordare <\/strong>gli altri volumi entrati nella cinquina dei finalisti 2022: <strong>Fabio Deotto<\/strong> per <em>L\u2019altro mondo. La vita in un pianeta che cambia <\/em>(Bompiani), <strong>Erika Fatland<\/strong> per <em>La vita in alto. Una stagione sull\u2019Himalaya <\/em>(Marsilio), <strong>Gulbahar Haitiwaji<\/strong> con Rozenn Morgat per <em>Sopravvissuta a un gulag cinese. La prima testimonianza di una donna uigura<\/em> (add editore) ed <strong>Ece Temelkuran<\/strong> per <em>La fiducia e la dignit\u00e0. Dieci scelte urgenti per un presente migliore <\/em>(Bollati Boringhieri).<\/p>\n<p> \t\u00a0<\/p>\n<p> \t<strong>COLUM McCANN <\/strong>Nato a Dublino nel 1965, \u00e8 uno scrittore irlandese naturalizzato statunitense. Vive con la famiglia a New York e insegna scrittura creativa all&#39;Hunter College. \u00c8 riconosciuto a livello internazionale come uno dei massimi romanzieri di lingua inglese degli ultimi decenni. Nel 2009 si \u00e8 aggiudicato il National Book Award con <em>Questo bacio vada al mondo intero<\/em>, tradotto in 35 lingue e insignito dei pi\u00f9 prestigiosi riconoscimenti letterari mondiali. La sua narrativa ha riscosso unanimi apprezzamenti per la sensibilit\u00e0 nel raccontare le complesse geografie del mondo globalizzato, privilegiando talora lo sguardo di personaggi che vivono ai margini della storia. In Italia sono usciti in passato alcuni suoi romanzi ora fuori catalogo. <em>Apeirogon <\/em>(traduzione di Marinella Magr\u00ec) \u00e8 edito da Feltrinelli, che sta pubblicando tutte le sue opere. Sono gi\u00e0 in libreria <em>TransAtlantico<\/em> (2021) e <em>Lascia che il mondo giri<\/em> (2022).<\/p>\n<p> \t\u00a0<\/p>\n","protected":false},"excerpt":{"rendered":"<p>Con il romanzo &#8220;Apeirogon&#8221;<\/p>\n","protected":false},"author":28,"featured_media":43502,"comment_status":"closed","ping_status":"closed","sticky":false,"template":"","format":"standard","meta":{"dwc-title":[],"dwc-content":[],"footnotes":""},"categories":[37],"tags":[],"class_list":["post-43501","post","type-post","status-publish","format-standard","has-post-thumbnail","hentry","category-cultura-e-spettacolo"],"rttpg_featured_image_url":{"full":["https:\/\/imagazine.it\/wp-content\/uploads\/2024\/01\/47220-1.webp",1000,826,false],"landscape":["https:\/\/imagazine.it\/wp-content\/uploads\/2024\/01\/47220-1.webp",1000,826,false],"portraits":["https:\/\/imagazine.it\/wp-content\/uploads\/2024\/01\/47220-1.webp",1000,826,false],"thumbnail":["https:\/\/imagazine.it\/wp-content\/uploads\/2024\/01\/47220-1-150x150.webp",150,150,true],"medium":["https:\/\/imagazine.it\/wp-content\/uploads\/2024\/01\/47220-1-300x248.webp",300,248,true],"large":["https:\/\/imagazine.it\/wp-content\/uploads\/2024\/01\/47220-1.webp",640,529,false],"thumblist":["https:\/\/imagazine.it\/wp-content\/uploads\/2024\/01\/47220-1.webp",300,248,false],"thumbrelated":["https:\/\/imagazine.it\/wp-content\/uploads\/2024\/01\/47220-1.webp",500,413,false],"meccarouselthumb":["https:\/\/imagazine.it\/wp-content\/uploads\/2024\/01\/47220-1.webp",392,324,false],"gridsquare":["https:\/\/imagazine.it\/wp-content\/uploads\/2024\/01\/47220-1.webp",315,260,false],"tileview":["https:\/\/imagazine.it\/wp-content\/uploads\/2024\/01\/47220-1.webp",300,248,false],"1536x1536":["https:\/\/imagazine.it\/wp-content\/uploads\/2024\/01\/47220-1.webp",1000,826,false],"2048x2048":["https:\/\/imagazine.it\/wp-content\/uploads\/2024\/01\/47220-1.webp",1000,826,false],"newsup-slider-full":["https:\/\/imagazine.it\/wp-content\/uploads\/2024\/01\/47220-1-1000x720.webp",1000,720,true],"newsup-featured":["https:\/\/imagazine.it\/wp-content\/uploads\/2024\/01\/47220-1.webp",1000,826,false],"newsup-medium":["https:\/\/imagazine.it\/wp-content\/uploads\/2024\/01\/47220-1-720x380.webp",720,380,true],"tptn_thumbnail":["https:\/\/imagazine.it\/wp-content\/uploads\/2024\/01\/47220-1.webp",250,207,false],"sow-carousel-default":["https:\/\/imagazine.it\/wp-content\/uploads\/2024\/01\/47220-1-272x182.webp",272,182,true]},"rttpg_author":{"display_name":"redazione","author_link":"https:\/\/imagazine.it\/home_desk\/author\/redazione\/"},"rttpg_comment":0,"rttpg_category":"<a href=\"https:\/\/imagazine.it\/home_desk\/category\/cultura-e-spettacolo\/\" rel=\"category tag\">CULTURA&amp;SPETTACOLO<\/a>","rttpg_excerpt":"Con il romanzo \"Apeirogon\"","_links":{"self":[{"href":"https:\/\/imagazine.it\/home_desk\/wp-json\/wp\/v2\/posts\/43501","targetHints":{"allow":["GET"]}}],"collection":[{"href":"https:\/\/imagazine.it\/home_desk\/wp-json\/wp\/v2\/posts"}],"about":[{"href":"https:\/\/imagazine.it\/home_desk\/wp-json\/wp\/v2\/types\/post"}],"author":[{"embeddable":true,"href":"https:\/\/imagazine.it\/home_desk\/wp-json\/wp\/v2\/users\/28"}],"replies":[{"embeddable":true,"href":"https:\/\/imagazine.it\/home_desk\/wp-json\/wp\/v2\/comments?post=43501"}],"version-history":[{"count":0,"href":"https:\/\/imagazine.it\/home_desk\/wp-json\/wp\/v2\/posts\/43501\/revisions"}],"wp:featuredmedia":[{"embeddable":true,"href":"https:\/\/imagazine.it\/home_desk\/wp-json\/wp\/v2\/media\/43502"}],"wp:attachment":[{"href":"https:\/\/imagazine.it\/home_desk\/wp-json\/wp\/v2\/media?parent=43501"}],"wp:term":[{"taxonomy":"category","embeddable":true,"href":"https:\/\/imagazine.it\/home_desk\/wp-json\/wp\/v2\/categories?post=43501"},{"taxonomy":"post_tag","embeddable":true,"href":"https:\/\/imagazine.it\/home_desk\/wp-json\/wp\/v2\/tags?post=43501"}],"curies":[{"name":"wp","href":"https:\/\/api.w.org\/{rel}","templated":true}]}}