{"id":43483,"date":"2022-04-20T00:00:00","date_gmt":"2022-04-19T23:00:00","guid":{"rendered":"https:\/\/imagazine.it\/?p=43483"},"modified":"2022-04-20T00:00:00","modified_gmt":"2022-04-19T23:00:00","slug":"la-bellezza-delle-alpi-giulie-tra-corsa-e-natura","status":"publish","type":"post","link":"https:\/\/imagazine.it\/home_desk\/la-bellezza-delle-alpi-giulie-tra-corsa-e-natura\/","title":{"rendered":"La bellezza delle Alpi Giulie tra corsa e natura"},"content":{"rendered":"<p> \tSi svolger\u00e0 <strong>dal 26 al 29 maggio<\/strong> l\u2019edizione 2022 dell&#39;<strong>Alpe<\/strong> <strong>Adria Ultra Trail<\/strong> e della <strong>Via delle Giulie<\/strong>. In programma quattro gare (25 km, 55 km, 90 km, 130 km) e una corsa o camminata non competitiva di 13 km dedicata ai sapori tipici.<\/p>\n<p> \tL\u2019obiettivo \u00e8 riportare il trail alla sua essenza, scoprendo sentieri con paesaggi mozzafiato, immersi nella bellezza delle <strong>Alpi Giulie<\/strong> con percorsi di unica bellezza, studiati non solo per correre, ma per scoprirne i punti pi\u00f9 suggestivi.<\/p>\n<p> \tUn week end per tutti: per chi, con la 25 km si godr\u00e0 un territorio unico nel suo genere, senza che il percorso sia particolarmente esteso, come per chi, con la 55, affronter\u00e0 pi\u00f9 km e potr\u00e0 mettere alla prova le proprie prestazioni, segnando il traguardo o la semplice esperienza dell&#39;Alpe Adria Ultra Trail.<\/p>\n<p> \tPer gli amanti delle esperienze pi\u00f9 estreme ci sono la 90 e la 130 km della Via delle Giulie, dove la resistenza, la forza e le difficolt\u00e0 del percorso sono parte sostanziale dell&#39;avventura. Una gara-evento di elite, per una tipologia specifica di runner che avr\u00e0 modo di apprezzare sentieri, panorami e percorsi non proprio alla portata di tutti.<\/p>\n<p> \tTra le tappe pi\u00f9 suggestive, il <strong>Parco delle Prealpi Giulie<\/strong> e <strong>Triglav<\/strong> che rientrano nel programma &#8220;<em>L&#39;uomo e la biosfera<\/em>&#8220;, un programma scientifico intergovernativo avviato dall\u2019UNESCO per promuovere su base scientifica un rapporto equilibrato tra uomo e ambiente attraverso la tutela della biodiversit\u00e0 e le buone pratiche dello Sviluppo Sostenibile.<\/p>\n<p> \tInfine, la camminata non competitiva: una passeggiata dove unire l&#39;amore per la vita all&#39;aria aperta ai percorsi colti e golosi di un luogo ricco di tentazioni gastronomiche e prodotti tipici.<\/p>\n<p> \tPrende forma cos\u00ec, &#8220;con l&#39;idea \u2013 afferma <strong>Tommaso de Mottoni<\/strong>, presidente di Asd Sentierouno, \u00a0realt\u00e0 organizzatrice dell\u2019evento assieme a Asd Orbike &#038; Trail con il supporto di Promoturismo FVG \u2013 di unire esperienze ed eccellenze differenti, mettendo l&#39;atleta al centro di tutto, un evento unico dove due identit\u00e0 organizzative con in comune l&#39;amore per il territorio, trovano nella collaborazione e cooperazione un modo per valorizzare al massimo lo spirito autentico del luogo: un crocevia di culture, identit\u00e0, tradizioni, mettendo in campo le singole esperienze in ambito agonistico&#8221;.<\/p>\n<p> \t&#8220;Tarvisio \u2013 dichiara l\u2019assessore comunale allo Sport, <strong>Mauro Zamolo<\/strong> \u2013 \u00e8 lieta di ospitare la seconda edizione della Alpe Adria Ultra Trail. Gli atleti partecipanti avranno cos\u00ec modo di ammirare un panorama montano molto suggestivo e auspichiamo che possano ritornare come turisti per visitare pi\u00f9 compiutamente tutte le bellezze che il territorio offre&#8221;.<\/p>\n<p> \t\u00a0<\/p>\n","protected":false},"excerpt":{"rendered":"<p>Ritorna l&#8217;Alpe Adria Ultra Trail<\/p>\n","protected":false},"author":28,"featured_media":43484,"comment_status":"closed","ping_status":"closed","sticky":false,"template":"","format":"standard","meta":{"dwc-title":[],"dwc-content":[],"footnotes":""},"categories":[38],"tags":[],"class_list":["post-43483","post","type-post","status-publish","format-standard","has-post-thumbnail","hentry","category-sport"],"rttpg_featured_image_url":{"full":["https:\/\/imagazine.it\/wp-content\/uploads\/2024\/01\/47202-1.webp",1000,667,false],"landscape":["https:\/\/imagazine.it\/wp-content\/uploads\/2024\/01\/47202-1.webp",1000,667,false],"portraits":["https:\/\/imagazine.it\/wp-content\/uploads\/2024\/01\/47202-1.webp",1000,667,false],"thumbnail":["https:\/\/imagazine.it\/wp-content\/uploads\/2024\/01\/47202-1-150x150.webp",150,150,true],"medium":["https:\/\/imagazine.it\/wp-content\/uploads\/2024\/01\/47202-1-300x200.webp",300,200,true],"large":["https:\/\/imagazine.it\/wp-content\/uploads\/2024\/01\/47202-1.webp",640,427,false],"thumblist":["https:\/\/imagazine.it\/wp-content\/uploads\/2024\/01\/47202-1.webp",300,200,false],"thumbrelated":["https:\/\/imagazine.it\/wp-content\/uploads\/2024\/01\/47202-1.webp",500,334,false],"meccarouselthumb":["https:\/\/imagazine.it\/wp-content\/uploads\/2024\/01\/47202-1.webp",474,316,false],"gridsquare":["https:\/\/imagazine.it\/wp-content\/uploads\/2024\/01\/47202-1.webp",391,260,false],"tileview":["https:\/\/imagazine.it\/wp-content\/uploads\/2024\/01\/47202-1.webp",300,200,false],"1536x1536":["https:\/\/imagazine.it\/wp-content\/uploads\/2024\/01\/47202-1.webp",1000,667,false],"2048x2048":["https:\/\/imagazine.it\/wp-content\/uploads\/2024\/01\/47202-1.webp",1000,667,false],"newsup-slider-full":["https:\/\/imagazine.it\/wp-content\/uploads\/2024\/01\/47202-1.webp",1000,667,false],"newsup-featured":["https:\/\/imagazine.it\/wp-content\/uploads\/2024\/01\/47202-1.webp",1000,667,false],"newsup-medium":["https:\/\/imagazine.it\/wp-content\/uploads\/2024\/01\/47202-1-720x380.webp",720,380,true],"tptn_thumbnail":["https:\/\/imagazine.it\/wp-content\/uploads\/2024\/01\/47202-1.webp",250,167,false],"sow-carousel-default":["https:\/\/imagazine.it\/wp-content\/uploads\/2024\/01\/47202-1-272x182.webp",272,182,true]},"rttpg_author":{"display_name":"redazione","author_link":"https:\/\/imagazine.it\/home_desk\/author\/redazione\/"},"rttpg_comment":0,"rttpg_category":"<a href=\"https:\/\/imagazine.it\/home_desk\/category\/sport\/\" rel=\"category tag\">SPORT<\/a>","rttpg_excerpt":"Ritorna l'Alpe Adria Ultra Trail","_links":{"self":[{"href":"https:\/\/imagazine.it\/home_desk\/wp-json\/wp\/v2\/posts\/43483","targetHints":{"allow":["GET"]}}],"collection":[{"href":"https:\/\/imagazine.it\/home_desk\/wp-json\/wp\/v2\/posts"}],"about":[{"href":"https:\/\/imagazine.it\/home_desk\/wp-json\/wp\/v2\/types\/post"}],"author":[{"embeddable":true,"href":"https:\/\/imagazine.it\/home_desk\/wp-json\/wp\/v2\/users\/28"}],"replies":[{"embeddable":true,"href":"https:\/\/imagazine.it\/home_desk\/wp-json\/wp\/v2\/comments?post=43483"}],"version-history":[{"count":0,"href":"https:\/\/imagazine.it\/home_desk\/wp-json\/wp\/v2\/posts\/43483\/revisions"}],"wp:featuredmedia":[{"embeddable":true,"href":"https:\/\/imagazine.it\/home_desk\/wp-json\/wp\/v2\/media\/43484"}],"wp:attachment":[{"href":"https:\/\/imagazine.it\/home_desk\/wp-json\/wp\/v2\/media?parent=43483"}],"wp:term":[{"taxonomy":"category","embeddable":true,"href":"https:\/\/imagazine.it\/home_desk\/wp-json\/wp\/v2\/categories?post=43483"},{"taxonomy":"post_tag","embeddable":true,"href":"https:\/\/imagazine.it\/home_desk\/wp-json\/wp\/v2\/tags?post=43483"}],"curies":[{"name":"wp","href":"https:\/\/api.w.org\/{rel}","templated":true}]}}