{"id":43462,"date":"2022-04-14T00:00:00","date_gmt":"2022-04-13T23:00:00","guid":{"rendered":"https:\/\/imagazine.it\/?p=43462"},"modified":"2022-04-14T00:00:00","modified_gmt":"2022-04-13T23:00:00","slug":"gorizia-asta-benefica-con-le-opere-di-cecilia-seghizzi","status":"publish","type":"post","link":"https:\/\/imagazine.it\/home_desk\/gorizia-asta-benefica-con-le-opere-di-cecilia-seghizzi\/","title":{"rendered":"Gorizia, asta benefica con le opere di Cecilia Seghizzi"},"content":{"rendered":"<p> \t112 disegni, schizzi, acquerelli, di varie dimensioni, opera di <strong>Cecilia Seghizzi<\/strong>, saranno al centro dell\u2019asta benefica organizzata dal <strong>Lions Club Gorizia Maria Theresia <\/strong>con la collaborazione del <strong>Comune di Gorizia <\/strong>e il sostegno della Cassa Rurale FVG.<\/p>\n<p> \tL\u2019appuntamento \u00e8 al <strong>Teatro Verdi di Gorizia domenica 24 aprile alle 16, nel Ridotto Macedonio<\/strong>, con l\u2019obiettivo di raccogliere fondi a favore di studenti goriziani delle scuole di musica cittadine.<\/p>\n<p> \tLe opere sono state lasciate in eredit\u00e0 da Cecilia Seghizzi a Paola Mattioli, che le ha donate al Club perch\u00e8 la stessa artista aveva espresso la volont\u00e0 che fossero messe all\u2019asta proprio per sostenere borse di studio per giovani goriziani allievi appunto delle scuole di musica cittadine. Una iniziativa senza precedenti, presentata dalla past president del Club, <strong>Clara Mosetti<\/strong>, e dalle socie dello stesso <strong>Loredana Rossi<\/strong>, che ha collaborato con la catalogazione, e <strong>Loredana Ferencic<\/strong>, esecutrice testamentaria e amica di Cecilia Seghizzi. Presenti anche il sindaco di Gorizia, <strong>Rodolfo Ziberna<\/strong>, e l\u2019assessore comunale alla Cultura, <strong>Fabrizio Oreti<\/strong>.<\/p>\n<p> \tL\u2019evento di domenica 24 sar\u00e0 preceduto da una pre-asta, venerd\u00ec 22 e sabato 23 nel foyer, con apertura al pubblico dalle 10 alle 12.30 e dalle 16 alle 19. Le opere, numerate e collocate in buste di plastica trasparente, saranno raggruppate per tipologia. Ai visitatori sar\u00e0 consegnata una lista degli acquerelli comprensiva di descrizione, misura e base d\u2019asta.<\/p>\n<p> \tAlle 16 di domenica 24 si svolger\u00e0 l\u2019asta, dopo una breve presentazione della presidente del sodalizio promotore, <strong>Fabia Selva<\/strong>, i saluti delle autorit\u00e0 presenti e l\u2019intervento di Loredana Ferencic. Al battitore \u00e8 affidata la gestione e il controllo dell\u2019asta. Al momento dell\u2019aggiudicazione del disegno, l\u2019acquirente ricever\u00e0 un foglio con il logo del Club, su cui sar\u00e0 indicato il numero dell\u2019opera, l\u2019importo definitivo e il certificato di autenticit\u00e0.<\/p>\n<p> \t\u00a0<\/p>\n","protected":false},"excerpt":{"rendered":"<p>Il 24 aprile al Verdi<\/p>\n","protected":false},"author":28,"featured_media":43463,"comment_status":"closed","ping_status":"closed","sticky":false,"template":"","format":"standard","meta":{"dwc-title":[],"dwc-content":[],"footnotes":""},"categories":[37],"tags":[],"class_list":["post-43462","post","type-post","status-publish","format-standard","has-post-thumbnail","hentry","category-cultura-e-spettacolo"],"rttpg_featured_image_url":{"full":["https:\/\/imagazine.it\/wp-content\/uploads\/2024\/01\/47143-1.webp",2244,1496,false],"landscape":["https:\/\/imagazine.it\/wp-content\/uploads\/2024\/01\/47143-1.webp",2244,1496,false],"portraits":["https:\/\/imagazine.it\/wp-content\/uploads\/2024\/01\/47143-1.webp",2244,1496,false],"thumbnail":["https:\/\/imagazine.it\/wp-content\/uploads\/2024\/01\/47143-1-150x150.webp",150,150,true],"medium":["https:\/\/imagazine.it\/wp-content\/uploads\/2024\/01\/47143-1-300x200.webp",300,200,true],"large":["https:\/\/imagazine.it\/wp-content\/uploads\/2024\/01\/47143-1-1024x683.webp",640,427,true],"thumblist":["https:\/\/imagazine.it\/wp-content\/uploads\/2024\/01\/47143-1.webp",300,200,false],"thumbrelated":["https:\/\/imagazine.it\/wp-content\/uploads\/2024\/01\/47143-1.webp",500,333,false],"meccarouselthumb":["https:\/\/imagazine.it\/wp-content\/uploads\/2024\/01\/47143-1.webp",474,316,false],"gridsquare":["https:\/\/imagazine.it\/wp-content\/uploads\/2024\/01\/47143-1.webp",391,260,false],"tileview":["https:\/\/imagazine.it\/wp-content\/uploads\/2024\/01\/47143-1.webp",300,200,false],"1536x1536":["https:\/\/imagazine.it\/wp-content\/uploads\/2024\/01\/47143-1-1536x1024.webp",1536,1024,true],"2048x2048":["https:\/\/imagazine.it\/wp-content\/uploads\/2024\/01\/47143-1-2048x1365.webp",2048,1365,true],"newsup-slider-full":["https:\/\/imagazine.it\/wp-content\/uploads\/2024\/01\/47143-1-1280x720.webp",1280,720,true],"newsup-featured":["https:\/\/imagazine.it\/wp-content\/uploads\/2024\/01\/47143-1-1024x683.webp",1024,683,true],"newsup-medium":["https:\/\/imagazine.it\/wp-content\/uploads\/2024\/01\/47143-1-720x380.webp",720,380,true],"tptn_thumbnail":["https:\/\/imagazine.it\/wp-content\/uploads\/2024\/01\/47143-1.webp",250,167,false],"sow-carousel-default":["https:\/\/imagazine.it\/wp-content\/uploads\/2024\/01\/47143-1-272x182.webp",272,182,true]},"rttpg_author":{"display_name":"redazione","author_link":"https:\/\/imagazine.it\/home_desk\/author\/redazione\/"},"rttpg_comment":0,"rttpg_category":"<a href=\"https:\/\/imagazine.it\/home_desk\/category\/cultura-e-spettacolo\/\" rel=\"category tag\">CULTURA&amp;SPETTACOLO<\/a>","rttpg_excerpt":"Il 24 aprile al Verdi","_links":{"self":[{"href":"https:\/\/imagazine.it\/home_desk\/wp-json\/wp\/v2\/posts\/43462","targetHints":{"allow":["GET"]}}],"collection":[{"href":"https:\/\/imagazine.it\/home_desk\/wp-json\/wp\/v2\/posts"}],"about":[{"href":"https:\/\/imagazine.it\/home_desk\/wp-json\/wp\/v2\/types\/post"}],"author":[{"embeddable":true,"href":"https:\/\/imagazine.it\/home_desk\/wp-json\/wp\/v2\/users\/28"}],"replies":[{"embeddable":true,"href":"https:\/\/imagazine.it\/home_desk\/wp-json\/wp\/v2\/comments?post=43462"}],"version-history":[{"count":0,"href":"https:\/\/imagazine.it\/home_desk\/wp-json\/wp\/v2\/posts\/43462\/revisions"}],"wp:featuredmedia":[{"embeddable":true,"href":"https:\/\/imagazine.it\/home_desk\/wp-json\/wp\/v2\/media\/43463"}],"wp:attachment":[{"href":"https:\/\/imagazine.it\/home_desk\/wp-json\/wp\/v2\/media?parent=43462"}],"wp:term":[{"taxonomy":"category","embeddable":true,"href":"https:\/\/imagazine.it\/home_desk\/wp-json\/wp\/v2\/categories?post=43462"},{"taxonomy":"post_tag","embeddable":true,"href":"https:\/\/imagazine.it\/home_desk\/wp-json\/wp\/v2\/tags?post=43462"}],"curies":[{"name":"wp","href":"https:\/\/api.w.org\/{rel}","templated":true}]}}